{"id":8780,"date":"2020-03-30T10:51:39","date_gmt":"2020-03-30T13:51:39","guid":{"rendered":"http:\/\/blogopara.com.br\/?p=8780"},"modified":"2020-03-30T10:51:45","modified_gmt":"2020-03-30T13:51:45","slug":"pt-vai-na-contramao-das-relacoes-de-rui-e-acm-neto-ao-politizar-distribuicao-de-cestas","status":"publish","type":"post","link":"https:\/\/blogopara.com.br\/index.php\/2020\/03\/30\/pt-vai-na-contramao-das-relacoes-de-rui-e-acm-neto-ao-politizar-distribuicao-de-cestas","title":{"rendered":"PT vai na contram\u00e3o das rela\u00e7\u00f5es de Rui e ACM Neto, ao politizar distribui\u00e7\u00e3o de cestas"},"content":{"rendered":"<p style=\"text-align: justify;\">O PT em Salvador perdeu uma boa oportunidade de n\u00e3o politizar uma trag\u00e9dia. Ao ingressar com uma a\u00e7\u00e3o contra a prefeitura de Salvador e o vice-prefeito Bruno Reis, por distribuir cestas b\u00e1sicas aos alunos da rede municipal de ensino, o diret\u00f3rio local parece n\u00e3o ter seguido o republicanismo presente nas rela\u00e7\u00f5es entre o governador Rui Costa e o prefeito ACM Neto durante a crise do novo coronav\u00edrus. \u00c9 radicalismo puro e simples, t\u00e3o criticado pelo PT no bolsonarismo.<\/p>\n<p style=\"text-align: justify;\">A prefeitura consegue facilmente justificar a entrega das cestas b\u00e1sicas. Vivemos em uma situa\u00e7\u00e3o de calamidade p\u00fablica na capital baiana, reconhecida pela Assembleia Legislativa da Bahia (AL-BA), e medidas como essa s\u00e3o mais que necess\u00e1rias, sob o risco de fam\u00edlias em condi\u00e7\u00f5es de vulnerabilidade social serem afetadas de maneira assustadora pelo fantasma da fome. N\u00e3o acredito que seja esse o objetivo do PT ao questionar a decis\u00e3o do prefeito ACM Neto.<\/p>\n<p style=\"text-align: justify;\">O que parece ter acontecido nesse caso foi um palanque precoce por parte do PT. \u00c9 sabido por todos que Bruno Reis \u00e9 pr\u00e9-candidato a prefeito pelo DEM e poderia ser beneficiado pelo pacote de medidas adotado pela prefeitura. No entanto, at\u00e9 aqui, o protagonismo de todo o processo \u00e9 de Neto. Ele tem anunciado as a\u00e7\u00f5es, participado das discuss\u00f5es e mantido uma rela\u00e7\u00e3o cort\u00eas com o governador. Como \u00e9 esperado, inclusive. Ent\u00e3o, personificar em Bruno Reis ou at\u00e9 mesmo no secret\u00e1rio municipal de Educa\u00e7\u00e3o, Bruno Barral, \u00e9 rasteiro.<\/p>\n<p style=\"text-align: justify;\">L\u00f3gico que o problema da Covid-19 n\u00e3o \u00e9 justificativa para atuar \u00e0 margem da lei. Ningu\u00e9m espera isso. E todos repudiamos. Tanto que essa libera\u00e7\u00e3o para que os or\u00e7amentos sejam flexibilizados merece muita aten\u00e7\u00e3o dos \u00f3rg\u00e3os de controle e tamb\u00e9m da popula\u00e7\u00e3o. No entanto, nada justifica procurar pelo em ovo para tentar inviabilizar uma virtual candidatura pelo que parece uma birra.<\/p>\n<p style=\"text-align: justify;\">Como nenhum dos caciques petistas se manifestou sobre o tema, parece que o processo foi um voo solo de dirigentes menores do partido. Se esperavam algum tipo de espa\u00e7o na m\u00eddia com a a\u00e7\u00e3o judicial, at\u00e9 conseguiram. Dif\u00edcil \u00e9 garantir que a avalia\u00e7\u00e3o tenha sido positiva. Afinal, a distribui\u00e7\u00e3o das cestas b\u00e1sicas \u00e9 uma agulha no palheiro do iminente caos social vivido agora no pa\u00eds. Politizar isso pode ter sido um tiro no p\u00e9.<\/p>\n<pre style=\"text-align: justify;\">Fonte: Bahia Not\u00edcias<\/pre>\n","protected":false},"excerpt":{"rendered":"<p>O partido ingressou com uma a\u00e7\u00e3o na justi\u00e7a para impedir a distribui\u00e7\u00e3o das cestas b\u00e1sicas.<\/p>\n","protected":false},"author":1,"featured_media":8781,"comment_status":"open","ping_status":"open","sticky":false,"template":"","format":"standard","meta":{"_uag_custom_page_level_css":"","_monsterinsights_skip_tracking":false,"_monsterinsights_sitenote_active":false,"_monsterinsights_sitenote_note":"","_monsterinsights_sitenote_category":0,"jetpack_post_was_ever_published":false,"_jetpack_newsletter_access":"","_jetpack_dont_email_post_to_subs":false,"_jetpack_newsletter_tier_id":0,"_jetpack_memberships_contains_paywalled_content":false,"_jetpack_memberships_contains_paid_content":false,"footnotes":"","jetpack_publicize_message":"","jetpack_publicize_feature_enabled":true,"jetpack_social_post_already_shared":true,"jetpack_social_options":{"image_generator_settings":{"template":"highway","default_image_id":0,"font":"","enabled":false},"version":2}},"categories":[199],"tags":[],"class_list":["post-8780","post","type-post","status-publish","format-standard","has-post-thumbnail","hentry","category-bahia"],"jetpack_publicize_connections":[],"jetpack_featured_media_url":"https:\/\/blogopara.com.br\/wp-content\/uploads\/2020\/03\/IMAGEM_DUARTE_5.jpg","uagb_featured_image_src":{"full":["https:\/\/blogopara.com.br\/wp-content\/uploads\/2020\/03\/IMAGEM_DUARTE_5.jpg",400,294,false],"thumbnail":["https:\/\/blogopara.com.br\/wp-content\/uploads\/2020\/03\/IMAGEM_DUARTE_5-150x150.jpg",150,150,true],"medium":["https:\/\/blogopara.com.br\/wp-content\/uploads\/2020\/03\/IMAGEM_DUARTE_5-300x221.jpg",300,221,true],"medium_large":["https:\/\/blogopara.com.br\/wp-content\/uploads\/2020\/03\/IMAGEM_DUARTE_5.jpg",400,294,false],"large":["https:\/\/blogopara.com.br\/wp-content\/uploads\/2020\/03\/IMAGEM_DUARTE_5.jpg",400,294,false],"1536x1536":["https:\/\/blogopara.com.br\/wp-content\/uploads\/2020\/03\/IMAGEM_DUARTE_5.jpg",400,294,false],"2048x2048":["https:\/\/blogopara.com.br\/wp-content\/uploads\/2020\/03\/IMAGEM_DUARTE_5.jpg",400,294,false],"mantranews-slider-large":["https:\/\/blogopara.com.br\/wp-content\/uploads\/2020\/03\/IMAGEM_DUARTE_5.jpg",400,294,false],"mantranews-featured-medium":["https:\/\/blogopara.com.br\/wp-content\/uploads\/2020\/03\/IMAGEM_DUARTE_5.jpg",400,294,false],"mantranews-featured-long":["https:\/\/blogopara.com.br\/wp-content\/uploads\/2020\/03\/IMAGEM_DUARTE_5-300x294.jpg",300,294,true],"mantranews-block-medium":["https:\/\/blogopara.com.br\/wp-content\/uploads\/2020\/03\/IMAGEM_DUARTE_5-400x290.jpg",400,290,true],"mantranews-carousel-image":["https:\/\/blogopara.com.br\/wp-content\/uploads\/2020\/03\/IMAGEM_DUARTE_5.jpg",400,294,false],"mantranews-block-thumb":["https:\/\/blogopara.com.br\/wp-content\/uploads\/2020\/03\/IMAGEM_DUARTE_5-322x230.jpg",322,230,true],"mantranews-single-large":["https:\/\/blogopara.com.br\/wp-content\/uploads\/2020\/03\/IMAGEM_DUARTE_5.jpg",400,294,false]},"uagb_author_info":{"display_name":"Reda\u00e7\u00e3o geral","author_link":"https:\/\/blogopara.com.br\/index.php\/author\/blogopara"},"uagb_comment_info":0,"uagb_excerpt":"O partido ingressou com uma a\u00e7\u00e3o na justi\u00e7a para impedir a distribui\u00e7\u00e3o das cestas b\u00e1sicas.","jetpack_sharing_enabled":true,"jetpack_likes_enabled":true,"_links":{"self":[{"href":"https:\/\/blogopara.com.br\/index.php\/wp-json\/wp\/v2\/posts\/8780","targetHints":{"allow":["GET"]}}],"collection":[{"href":"https:\/\/blogopara.com.br\/index.php\/wp-json\/wp\/v2\/posts"}],"about":[{"href":"https:\/\/blogopara.com.br\/index.php\/wp-json\/wp\/v2\/types\/post"}],"author":[{"embeddable":true,"href":"https:\/\/blogopara.com.br\/index.php\/wp-json\/wp\/v2\/users\/1"}],"replies":[{"embeddable":true,"href":"https:\/\/blogopara.com.br\/index.php\/wp-json\/wp\/v2\/comments?post=8780"}],"version-history":[{"count":1,"href":"https:\/\/blogopara.com.br\/index.php\/wp-json\/wp\/v2\/posts\/8780\/revisions"}],"predecessor-version":[{"id":8782,"href":"https:\/\/blogopara.com.br\/index.php\/wp-json\/wp\/v2\/posts\/8780\/revisions\/8782"}],"wp:featuredmedia":[{"embeddable":true,"href":"https:\/\/blogopara.com.br\/index.php\/wp-json\/wp\/v2\/media\/8781"}],"wp:attachment":[{"href":"https:\/\/blogopara.com.br\/index.php\/wp-json\/wp\/v2\/media?parent=8780"}],"wp:term":[{"taxonomy":"category","embeddable":true,"href":"https:\/\/blogopara.com.br\/index.php\/wp-json\/wp\/v2\/categories?post=8780"},{"taxonomy":"post_tag","embeddable":true,"href":"https:\/\/blogopara.com.br\/index.php\/wp-json\/wp\/v2\/tags?post=8780"}],"curies":[{"name":"wp","href":"https:\/\/api.w.org\/{rel}","templated":true}]}}