{"id":88030,"date":"2026-09-01T08:57:13","date_gmt":"2026-09-01T11:57:13","guid":{"rendered":"https:\/\/blogopara.com.br\/?p=88030"},"modified":"2026-09-01T08:57:13","modified_gmt":"2026-09-01T11:57:13","slug":"eleicoes-2026-campanha-de-juvenilson-passos-assusta-os-adversarios-que-iniciam-ataques-pessoais-e-politicos","status":"publish","type":"post","link":"https:\/\/blogopara.com.br\/index.php\/2026\/09\/01\/eleicoes-2026-campanha-de-juvenilson-passos-assusta-os-adversarios-que-iniciam-ataques-pessoais-e-politicos","title":{"rendered":"Elei\u00e7\u00f5es 2026: Campanha de Juvenilson Passos assusta os advers\u00e1rios, que iniciam ataques pessoais e pol\u00edticos"},"content":{"rendered":"<p class=\"isSelectedEnd\">O ex-prefeito de Sento S\u00e9, Juvenilson Passos, que disputa espa\u00e7o para uma vaga na Assembleia Legislativa da Bahia (ALBA) pela federa\u00e7\u00e3o formada por PT, PCdoB e PV, nos \u00faltimos meses, ampliou sua circula\u00e7\u00e3o pol\u00edtica pelo estado e fortaleceu uma rede de apoios que ultrapassa os limites de sua base tradicional.<\/p>\n<p class=\"isSelectedEnd\">O que chama aten\u00e7\u00e3o, por\u00e9m, n\u00e3o \u00e9 apenas a quantidade de agendas ou alian\u00e7as. \u00c9 o fato de o nome de Juvenilson ter passado a ocupar um espa\u00e7o relevante no debate sobre quem poder\u00e1 conquistar uma das vagas da federa\u00e7\u00e3o.<\/p>\n<p class=\"isSelectedEnd\">Quanto maior a visibilidade de uma candidatura, maior tamb\u00e9m tende a ser a resist\u00eancia daqueles que disputam o mesmo espa\u00e7o eleitoral. No caso de Juvenilson, seus advers\u00e1rios est\u00e3o ao longo dos \u00faltimos meses destilando \u00f3dio e ataques pol\u00edticos e a honra do ex-prefeito.<\/p>\n<p class=\"isSelectedEnd\">Na noite desta segunda-feira (31) mais um ataque s\u00f3rdido, a conta oficial de Juvenilson Passos foi suspensa no Instagram. Antes, o perfil da Juventude 13300 tamb\u00e9m havia sido derrubado.<\/p>\n<p class=\"isSelectedEnd\">Se Juvenilson representa uma amea\u00e7a eleitoral para seus concorrentes, a resposta democr\u00e1tica deveria estar nas urnas e no debate p\u00fablico \u2014 n\u00e3o na dissemina\u00e7\u00e3o de ataques sem comprova\u00e7\u00e3o.<\/p>\n","protected":false},"excerpt":{"rendered":"<p>Pr\u00e9-candidato do PT amplia alian\u00e7as no interior da Bahia, aparece entre os nomes apontados como poss\u00edveis eleitos e passa a enfrentar uma disputa pol\u00edtica cada vez mais marcada por cr\u00edticas e ataques pessoais<\/p>\n","protected":false},"author":1,"featured_media":88312,"comment_status":"open","ping_status":"open","sticky":false,"template":"","format":"standard","meta":{"_uag_custom_page_level_css":"","_monsterinsights_skip_tracking":false,"_monsterinsights_sitenote_active":false,"_monsterinsights_sitenote_note":"","_monsterinsights_sitenote_category":0,"jetpack_post_was_ever_published":false,"_jetpack_newsletter_access":"","_jetpack_dont_email_post_to_subs":false,"_jetpack_newsletter_tier_id":0,"_jetpack_memberships_contains_paywalled_content":false,"_jetpack_memberships_contains_paid_content":false,"footnotes":"","jetpack_publicize_message":"","jetpack_publicize_feature_enabled":true,"jetpack_social_post_already_shared":true,"jetpack_social_options":{"image_generator_settings":{"template":"highway","default_image_id":0,"font":"","enabled":false},"version":2}},"categories":[203],"tags":[11346,11115,11869,127,11336],"class_list":["post-88030","post","type-post","status-publish","format-standard","has-post-thumbnail","hentry","category-juazeiro","tag-ana-passos","tag-juvenilson-passos","tag-pt-de-sento-se","tag-sento-se","tag-tom-ze"],"jetpack_publicize_connections":[],"jetpack_featured_media_url":"https:\/\/blogopara.com.br\/wp-content\/uploads\/2026\/09\/Juvenilson.jpg.jpeg","uagb_featured_image_src":{"full":["https:\/\/blogopara.com.br\/wp-content\/uploads\/2026\/09\/Juvenilson.jpg.jpeg",500,437,false],"thumbnail":["https:\/\/blogopara.com.br\/wp-content\/uploads\/2026\/09\/Juvenilson.jpg-150x150.jpeg",150,150,true],"medium":["https:\/\/blogopara.com.br\/wp-content\/uploads\/2026\/09\/Juvenilson.jpg-300x262.jpeg",300,262,true],"medium_large":["https:\/\/blogopara.com.br\/wp-content\/uploads\/2026\/09\/Juvenilson.jpg.jpeg",500,437,false],"large":["https:\/\/blogopara.com.br\/wp-content\/uploads\/2026\/09\/Juvenilson.jpg.jpeg",500,437,false],"1536x1536":["https:\/\/blogopara.com.br\/wp-content\/uploads\/2026\/09\/Juvenilson.jpg.jpeg",500,437,false],"2048x2048":["https:\/\/blogopara.com.br\/wp-content\/uploads\/2026\/09\/Juvenilson.jpg.jpeg",500,437,false],"mantranews-slider-large":["https:\/\/blogopara.com.br\/wp-content\/uploads\/2026\/09\/Juvenilson.jpg.jpeg",500,437,false],"mantranews-featured-medium":["https:\/\/blogopara.com.br\/wp-content\/uploads\/2026\/09\/Juvenilson.jpg-420x307.jpeg",420,307,true],"mantranews-featured-long":["https:\/\/blogopara.com.br\/wp-content\/uploads\/2026\/09\/Juvenilson.jpg-300x437.jpeg",300,437,true],"mantranews-block-medium":["https:\/\/blogopara.com.br\/wp-content\/uploads\/2026\/09\/Juvenilson.jpg-464x290.jpeg",464,290,true],"mantranews-carousel-image":["https:\/\/blogopara.com.br\/wp-content\/uploads\/2026\/09\/Juvenilson.jpg.jpeg",500,437,false],"mantranews-block-thumb":["https:\/\/blogopara.com.br\/wp-content\/uploads\/2026\/09\/Juvenilson.jpg-322x230.jpeg",322,230,true],"mantranews-single-large":["https:\/\/blogopara.com.br\/wp-content\/uploads\/2026\/09\/Juvenilson.jpg.jpeg",500,437,false]},"uagb_author_info":{"display_name":"Reda\u00e7\u00e3o geral","author_link":"https:\/\/blogopara.com.br\/index.php\/author\/blogopara"},"uagb_comment_info":0,"uagb_excerpt":"Pr\u00e9-candidato do PT amplia alian\u00e7as no interior da Bahia, aparece entre os nomes apontados como poss\u00edveis eleitos e passa a enfrentar uma disputa pol\u00edtica cada vez mais marcada por cr\u00edticas e ataques pessoais","jetpack_sharing_enabled":true,"jetpack_likes_enabled":true,"_links":{"self":[{"href":"https:\/\/blogopara.com.br\/index.php\/wp-json\/wp\/v2\/posts\/88030","targetHints":{"allow":["GET"]}}],"collection":[{"href":"https:\/\/blogopara.com.br\/index.php\/wp-json\/wp\/v2\/posts"}],"about":[{"href":"https:\/\/blogopara.com.br\/index.php\/wp-json\/wp\/v2\/types\/post"}],"author":[{"embeddable":true,"href":"https:\/\/blogopara.com.br\/index.php\/wp-json\/wp\/v2\/users\/1"}],"replies":[{"embeddable":true,"href":"https:\/\/blogopara.com.br\/index.php\/wp-json\/wp\/v2\/comments?post=88030"}],"version-history":[{"count":3,"href":"https:\/\/blogopara.com.br\/index.php\/wp-json\/wp\/v2\/posts\/88030\/revisions"}],"predecessor-version":[{"id":88314,"href":"https:\/\/blogopara.com.br\/index.php\/wp-json\/wp\/v2\/posts\/88030\/revisions\/88314"}],"wp:featuredmedia":[{"embeddable":true,"href":"https:\/\/blogopara.com.br\/index.php\/wp-json\/wp\/v2\/media\/88312"}],"wp:attachment":[{"href":"https:\/\/blogopara.com.br\/index.php\/wp-json\/wp\/v2\/media?parent=88030"}],"wp:term":[{"taxonomy":"category","embeddable":true,"href":"https:\/\/blogopara.com.br\/index.php\/wp-json\/wp\/v2\/categories?post=88030"},{"taxonomy":"post_tag","embeddable":true,"href":"https:\/\/blogopara.com.br\/index.php\/wp-json\/wp\/v2\/tags?post=88030"}],"curies":[{"name":"wp","href":"https:\/\/api.w.org\/{rel}","templated":true}]}}