{"id":8805,"date":"2020-03-30T22:35:33","date_gmt":"2020-03-31T01:35:33","guid":{"rendered":"http:\/\/blogopara.com.br\/?p=8805"},"modified":"2020-03-30T22:39:59","modified_gmt":"2020-03-31T01:39:59","slug":"juazeiro-prefeito-decide-manter-comercio-bares-e-restaurantes-fechados-por-mais-15-dias","status":"publish","type":"post","link":"https:\/\/blogopara.com.br\/index.php\/2020\/03\/30\/juazeiro-prefeito-decide-manter-comercio-bares-e-restaurantes-fechados-por-mais-15-dias","title":{"rendered":"Juazeiro: Prefeito decide manter com\u00e9rcio, feiras e restaurantes fechados por mais 15 dias"},"content":{"rendered":"<p style=\"text-align: justify;\">Em reuni\u00e3o realizada na manh\u00e3 desta segunda-feira, 30, com os membros do Comit\u00ea de Enfrentamento \u00e0 Pandemia do Cornav\u00edrus, o prefeito Paulo Bomfim decidiu prorrogar at\u00e9 o dia 13 de abril a vig\u00eancia das medidas de distanciamento social anunciadas nos decretos expedidos desde a declara\u00e7\u00e3o da pandemia, feita pela Organiza\u00e7\u00e3o Mundial de Sa\u00fade. No fim da tarde de hoje, o Di\u00e1rio Oficial trar\u00e1 a publica\u00e7\u00e3o da decis\u00e3o.<\/p>\n<p style=\"text-align: justify;\">\u201cSabemos dos problemas econ\u00f4micos que todas as cidades est\u00e3o enfrentando com as medidas restritivas, mas este tem sido o caminho mais racional na preven\u00e7\u00e3o ao Covid-19. Precisamos pensar primeiro na sa\u00fade das pessoas e, dentro daquilo que est\u00e1 ao nosso alcance, n\u00e3o fugiremos \u00e0s nossas responsabilidades\u201d, declarou o prefeito Paulo Bomfim.<\/p>\n<p style=\"text-align: justify;\">Dentre as restri\u00e7\u00f5es com prazo estendido, est\u00e1 o fechamento do com\u00e9rcio, bares, restaurantes e a proibi\u00e7\u00e3o da realiza\u00e7\u00e3o de eventos festivos. Continuam liberados os funcionamentos de supermercados, mercadinhos, padarias, a\u00e7ougues, casas de ra\u00e7\u00f5es e defensivos agr\u00edcolas, desde que preservados o distanciamento e limite m\u00e1ximo de pessoas em cada ambiente. As aulas tamb\u00e9m continuam suspensas.<\/p>\n<p style=\"text-align: justify;\">A secret\u00e1ria de Sa\u00fade, Fab\u00edola Ribeiro, ressaltou a import\u00e2ncia da decis\u00e3o: \u201cNossas restri\u00e7\u00f5es tiveram in\u00edcio h\u00e1 poucos dias, mas j\u00e1 t\u00eam se mostrado acertadas. Ainda n\u00e3o \u00e9 hora, segundo orienta a OMS, de recuar. Temos nos guiado pela opini\u00e3o de especialistas e sabemos que este \u00e9 o caminho correto\u201d.<\/p>\n<p style=\"text-align: justify;\">Na cidade de Juazeiro, os bancos e casas lot\u00e9ricas foram reabertos por decis\u00e3o do Governo Federal. No entanto, o decreto municipal estabelece uma s\u00e9rie de normas de distanciamento e a Secretaria de Meio Ambiente e Ordenamento Urbano t\u00eam atuado na fiscaliza\u00e7\u00e3o das mesmas.<\/p>\n<p style=\"text-align: justify;\">(Ascom)<\/p>\n","protected":false},"excerpt":{"rendered":"<p>Em reuni\u00e3o realizada na manh\u00e3 desta segunda-feira, 30, com os membros do Comit\u00ea de Enfrentamento \u00e0 Pandemia do Cornav\u00edrus, o prefeito Paulo Bomfim decidiu prorrogar at\u00e9 o dia 13 de abril a vig\u00eancia das medidas de distanciamento social anunciadas nos decretos expedidos desde a declara\u00e7\u00e3o da pandemia, feita pela Organiza\u00e7\u00e3o Mundial de Sa\u00fade. No fim [&hellip;]<\/p>\n","protected":false},"author":1,"featured_media":797,"comment_status":"open","ping_status":"open","sticky":false,"template":"","format":"standard","meta":{"_uag_custom_page_level_css":"","_monsterinsights_skip_tracking":false,"_monsterinsights_sitenote_active":false,"_monsterinsights_sitenote_note":"","_monsterinsights_sitenote_category":0,"jetpack_post_was_ever_published":false,"_jetpack_newsletter_access":"","_jetpack_dont_email_post_to_subs":false,"_jetpack_newsletter_tier_id":0,"_jetpack_memberships_contains_paywalled_content":false,"_jetpack_memberships_contains_paid_content":false,"footnotes":"","jetpack_publicize_message":"","jetpack_publicize_feature_enabled":true,"jetpack_social_post_already_shared":true,"jetpack_social_options":{"image_generator_settings":{"template":"highway","default_image_id":0,"font":"","enabled":false},"version":2}},"categories":[203,205],"tags":[],"class_list":["post-8805","post","type-post","status-publish","format-standard","has-post-thumbnail","hentry","category-juazeiro","category-saude"],"jetpack_publicize_connections":[],"jetpack_featured_media_url":"https:\/\/blogopara.com.br\/wp-content\/uploads\/2019\/06\/prefeitura-de-juazeiro2-533x300.jpg","uagb_featured_image_src":{"full":["https:\/\/blogopara.com.br\/wp-content\/uploads\/2019\/06\/prefeitura-de-juazeiro2-533x300.jpg",533,300,false],"thumbnail":["https:\/\/blogopara.com.br\/wp-content\/uploads\/2019\/06\/prefeitura-de-juazeiro2-533x300-150x150.jpg",150,150,true],"medium":["https:\/\/blogopara.com.br\/wp-content\/uploads\/2019\/06\/prefeitura-de-juazeiro2-533x300-300x169.jpg",300,169,true],"medium_large":["https:\/\/blogopara.com.br\/wp-content\/uploads\/2019\/06\/prefeitura-de-juazeiro2-533x300.jpg",533,300,false],"large":["https:\/\/blogopara.com.br\/wp-content\/uploads\/2019\/06\/prefeitura-de-juazeiro2-533x300.jpg",533,300,false],"1536x1536":["https:\/\/blogopara.com.br\/wp-content\/uploads\/2019\/06\/prefeitura-de-juazeiro2-533x300.jpg",533,300,false],"2048x2048":["https:\/\/blogopara.com.br\/wp-content\/uploads\/2019\/06\/prefeitura-de-juazeiro2-533x300.jpg",533,300,false],"mantranews-slider-large":["https:\/\/blogopara.com.br\/wp-content\/uploads\/2019\/06\/prefeitura-de-juazeiro2-533x300.jpg",533,300,false],"mantranews-featured-medium":["https:\/\/blogopara.com.br\/wp-content\/uploads\/2019\/06\/prefeitura-de-juazeiro2-533x300.jpg",420,236,false],"mantranews-featured-long":["https:\/\/blogopara.com.br\/wp-content\/uploads\/2019\/06\/prefeitura-de-juazeiro2-533x300.jpg",300,169,false],"mantranews-block-medium":["https:\/\/blogopara.com.br\/wp-content\/uploads\/2019\/06\/prefeitura-de-juazeiro2-533x300.jpg",464,261,false],"mantranews-carousel-image":["https:\/\/blogopara.com.br\/wp-content\/uploads\/2019\/06\/prefeitura-de-juazeiro2-533x300.jpg",533,300,false],"mantranews-block-thumb":["https:\/\/blogopara.com.br\/wp-content\/uploads\/2019\/06\/prefeitura-de-juazeiro2-533x300.jpg",322,181,false],"mantranews-single-large":["https:\/\/blogopara.com.br\/wp-content\/uploads\/2019\/06\/prefeitura-de-juazeiro2-533x300.jpg",533,300,false]},"uagb_author_info":{"display_name":"Reda\u00e7\u00e3o geral","author_link":"https:\/\/blogopara.com.br\/index.php\/author\/blogopara"},"uagb_comment_info":0,"uagb_excerpt":"Em reuni\u00e3o realizada na manh\u00e3 desta segunda-feira, 30, com os membros do Comit\u00ea de Enfrentamento \u00e0 Pandemia do Cornav\u00edrus, o prefeito Paulo Bomfim decidiu prorrogar at\u00e9 o dia 13 de abril a vig\u00eancia das medidas de distanciamento social anunciadas nos decretos expedidos desde a declara\u00e7\u00e3o da pandemia, feita pela Organiza\u00e7\u00e3o Mundial de Sa\u00fade. No fim&hellip;","jetpack_sharing_enabled":true,"jetpack_likes_enabled":true,"_links":{"self":[{"href":"https:\/\/blogopara.com.br\/index.php\/wp-json\/wp\/v2\/posts\/8805","targetHints":{"allow":["GET"]}}],"collection":[{"href":"https:\/\/blogopara.com.br\/index.php\/wp-json\/wp\/v2\/posts"}],"about":[{"href":"https:\/\/blogopara.com.br\/index.php\/wp-json\/wp\/v2\/types\/post"}],"author":[{"embeddable":true,"href":"https:\/\/blogopara.com.br\/index.php\/wp-json\/wp\/v2\/users\/1"}],"replies":[{"embeddable":true,"href":"https:\/\/blogopara.com.br\/index.php\/wp-json\/wp\/v2\/comments?post=8805"}],"version-history":[{"count":3,"href":"https:\/\/blogopara.com.br\/index.php\/wp-json\/wp\/v2\/posts\/8805\/revisions"}],"predecessor-version":[{"id":8808,"href":"https:\/\/blogopara.com.br\/index.php\/wp-json\/wp\/v2\/posts\/8805\/revisions\/8808"}],"wp:featuredmedia":[{"embeddable":true,"href":"https:\/\/blogopara.com.br\/index.php\/wp-json\/wp\/v2\/media\/797"}],"wp:attachment":[{"href":"https:\/\/blogopara.com.br\/index.php\/wp-json\/wp\/v2\/media?parent=8805"}],"wp:term":[{"taxonomy":"category","embeddable":true,"href":"https:\/\/blogopara.com.br\/index.php\/wp-json\/wp\/v2\/categories?post=8805"},{"taxonomy":"post_tag","embeddable":true,"href":"https:\/\/blogopara.com.br\/index.php\/wp-json\/wp\/v2\/tags?post=8805"}],"curies":[{"name":"wp","href":"https:\/\/api.w.org\/{rel}","templated":true}]}}