{"id":8816,"date":"2020-03-31T08:14:47","date_gmt":"2020-03-31T11:14:47","guid":{"rendered":"http:\/\/blogopara.com.br\/?p=8816"},"modified":"2020-03-31T08:14:49","modified_gmt":"2020-03-31T11:14:49","slug":"ministra-damares-contraria-bolsonaro-e-da-dicas-sobre-isolamento-social","status":"publish","type":"post","link":"https:\/\/blogopara.com.br\/index.php\/2020\/03\/31\/ministra-damares-contraria-bolsonaro-e-da-dicas-sobre-isolamento-social","title":{"rendered":"Ministra Damares contraria Bolsonaro e d\u00e1 dicas sobre isolamento social"},"content":{"rendered":"<p style=\"text-align: justify;\">Diferente do que \u00e9 defendido pelo presidente Jair Bolsonaro (sem partido), a ministra da Mulher, da Fam\u00edlia e dos Direitos Humanos, Damares Alves, tem focado as a\u00e7\u00f5es da pasta para incentivar o isolamento social. De acordo com o\u00a0<a href=\"https:\/\/www.metropoles.com\/brasil\/damares-ignora-bolsonaro-e-da-dicas-para-isolamento-das-familias\" target=\"_blank\" rel=\"noopener noreferrer\"><strong>Metr\u00f3poles<\/strong><\/a>, o site do minist\u00e9rio divulga sugest\u00f5es de atividades para as fam\u00edlias, durante o per\u00edodo de quarentena.<\/p>\n<div id=\"div-gpt-ad-bn_principal_conteudo\" style=\"text-align: justify;\" data-google-query-id=\"CMmWsKbKxOgCFUUEuQYdK0IIbg\">\n<p>O texto, intitulado &#8220;Como aproveitar o isolamento para fortalecer os v\u00ednculos familiares&#8221;, \u00e9 dividido em cinco t\u00f3picos: &#8220;Organize o seu tempo&#8221;; &#8220;reserve um tempo para o casal&#8221;; &#8220;X\u00f4 estresse!&#8221;; &#8220;Fa\u00e7a atividades juntos&#8221; e &#8220;Cuide dos av\u00f3s&#8221;.<\/p>\n<p>Vale lembrar que, em pronunciamento feito na \u00faltima ter\u00e7a-feira (24), \u00a0\u00a0 \u00a0o presidente Jair Bolsonaro ordenou que o isolamento fosse interrompido, contrariando as recomenda\u00e7\u00f5es da Organiza\u00e7\u00e3o Mundial da Sa\u00fade (OMS). Neste domingo (29), Bolsonaro saiu pelas ruas de Bras\u00edlia, e conversou com ambulantes.<\/p>\n<pre>Fonte: Bahia Not\u00edcias<\/pre>\n<\/div>\n","protected":false},"excerpt":{"rendered":"<p>Diferente do que \u00e9 defendido pelo presidente Jair Bolsonaro (sem partido), a ministra da Mulher, da Fam\u00edlia e dos Direitos Humanos, Damares Alves, tem focado as a\u00e7\u00f5es da pasta para incentivar o isolamento social. De acordo com o\u00a0Metr\u00f3poles, o site do minist\u00e9rio divulga sugest\u00f5es de atividades para as fam\u00edlias, durante o per\u00edodo de quarentena. O [&hellip;]<\/p>\n","protected":false},"author":1,"featured_media":8817,"comment_status":"open","ping_status":"open","sticky":false,"template":"","format":"standard","meta":{"_uag_custom_page_level_css":"","_monsterinsights_skip_tracking":false,"_monsterinsights_sitenote_active":false,"_monsterinsights_sitenote_note":"","_monsterinsights_sitenote_category":0,"jetpack_post_was_ever_published":false,"_jetpack_newsletter_access":"","_jetpack_dont_email_post_to_subs":false,"_jetpack_newsletter_tier_id":0,"_jetpack_memberships_contains_paywalled_content":false,"_jetpack_memberships_contains_paid_content":false,"footnotes":"","jetpack_publicize_message":"","jetpack_publicize_feature_enabled":true,"jetpack_social_post_already_shared":true,"jetpack_social_options":{"image_generator_settings":{"template":"highway","default_image_id":0,"font":"","enabled":false},"version":2}},"categories":[200],"tags":[],"class_list":["post-8816","post","type-post","status-publish","format-standard","has-post-thumbnail","hentry","category-brasil"],"jetpack_publicize_connections":[],"jetpack_featured_media_url":"https:\/\/blogopara.com.br\/wp-content\/uploads\/2020\/03\/IMAGEM_NOTICIA_5-1-5.jpg","uagb_featured_image_src":{"full":["https:\/\/blogopara.com.br\/wp-content\/uploads\/2020\/03\/IMAGEM_NOTICIA_5-1-5.jpg",400,294,false],"thumbnail":["https:\/\/blogopara.com.br\/wp-content\/uploads\/2020\/03\/IMAGEM_NOTICIA_5-1-5-150x150.jpg",150,150,true],"medium":["https:\/\/blogopara.com.br\/wp-content\/uploads\/2020\/03\/IMAGEM_NOTICIA_5-1-5-300x221.jpg",300,221,true],"medium_large":["https:\/\/blogopara.com.br\/wp-content\/uploads\/2020\/03\/IMAGEM_NOTICIA_5-1-5.jpg",400,294,false],"large":["https:\/\/blogopara.com.br\/wp-content\/uploads\/2020\/03\/IMAGEM_NOTICIA_5-1-5.jpg",400,294,false],"1536x1536":["https:\/\/blogopara.com.br\/wp-content\/uploads\/2020\/03\/IMAGEM_NOTICIA_5-1-5.jpg",400,294,false],"2048x2048":["https:\/\/blogopara.com.br\/wp-content\/uploads\/2020\/03\/IMAGEM_NOTICIA_5-1-5.jpg",400,294,false],"mantranews-slider-large":["https:\/\/blogopara.com.br\/wp-content\/uploads\/2020\/03\/IMAGEM_NOTICIA_5-1-5.jpg",400,294,false],"mantranews-featured-medium":["https:\/\/blogopara.com.br\/wp-content\/uploads\/2020\/03\/IMAGEM_NOTICIA_5-1-5.jpg",400,294,false],"mantranews-featured-long":["https:\/\/blogopara.com.br\/wp-content\/uploads\/2020\/03\/IMAGEM_NOTICIA_5-1-5-300x294.jpg",300,294,true],"mantranews-block-medium":["https:\/\/blogopara.com.br\/wp-content\/uploads\/2020\/03\/IMAGEM_NOTICIA_5-1-5-400x290.jpg",400,290,true],"mantranews-carousel-image":["https:\/\/blogopara.com.br\/wp-content\/uploads\/2020\/03\/IMAGEM_NOTICIA_5-1-5.jpg",400,294,false],"mantranews-block-thumb":["https:\/\/blogopara.com.br\/wp-content\/uploads\/2020\/03\/IMAGEM_NOTICIA_5-1-5-322x230.jpg",322,230,true],"mantranews-single-large":["https:\/\/blogopara.com.br\/wp-content\/uploads\/2020\/03\/IMAGEM_NOTICIA_5-1-5.jpg",400,294,false]},"uagb_author_info":{"display_name":"Reda\u00e7\u00e3o geral","author_link":"https:\/\/blogopara.com.br\/index.php\/author\/blogopara"},"uagb_comment_info":0,"uagb_excerpt":"Diferente do que \u00e9 defendido pelo presidente Jair Bolsonaro (sem partido), a ministra da Mulher, da Fam\u00edlia e dos Direitos Humanos, Damares Alves, tem focado as a\u00e7\u00f5es da pasta para incentivar o isolamento social. De acordo com o\u00a0Metr\u00f3poles, o site do minist\u00e9rio divulga sugest\u00f5es de atividades para as fam\u00edlias, durante o per\u00edodo de quarentena. O&hellip;","jetpack_sharing_enabled":true,"jetpack_likes_enabled":true,"_links":{"self":[{"href":"https:\/\/blogopara.com.br\/index.php\/wp-json\/wp\/v2\/posts\/8816","targetHints":{"allow":["GET"]}}],"collection":[{"href":"https:\/\/blogopara.com.br\/index.php\/wp-json\/wp\/v2\/posts"}],"about":[{"href":"https:\/\/blogopara.com.br\/index.php\/wp-json\/wp\/v2\/types\/post"}],"author":[{"embeddable":true,"href":"https:\/\/blogopara.com.br\/index.php\/wp-json\/wp\/v2\/users\/1"}],"replies":[{"embeddable":true,"href":"https:\/\/blogopara.com.br\/index.php\/wp-json\/wp\/v2\/comments?post=8816"}],"version-history":[{"count":1,"href":"https:\/\/blogopara.com.br\/index.php\/wp-json\/wp\/v2\/posts\/8816\/revisions"}],"predecessor-version":[{"id":8818,"href":"https:\/\/blogopara.com.br\/index.php\/wp-json\/wp\/v2\/posts\/8816\/revisions\/8818"}],"wp:featuredmedia":[{"embeddable":true,"href":"https:\/\/blogopara.com.br\/index.php\/wp-json\/wp\/v2\/media\/8817"}],"wp:attachment":[{"href":"https:\/\/blogopara.com.br\/index.php\/wp-json\/wp\/v2\/media?parent=8816"}],"wp:term":[{"taxonomy":"category","embeddable":true,"href":"https:\/\/blogopara.com.br\/index.php\/wp-json\/wp\/v2\/categories?post=8816"},{"taxonomy":"post_tag","embeddable":true,"href":"https:\/\/blogopara.com.br\/index.php\/wp-json\/wp\/v2\/tags?post=8816"}],"curies":[{"name":"wp","href":"https:\/\/api.w.org\/{rel}","templated":true}]}}