{"id":88278,"date":"2026-08-31T12:52:42","date_gmt":"2026-08-31T15:52:42","guid":{"rendered":"https:\/\/blogopara.com.br\/?p=88278"},"modified":"2026-08-31T12:52:42","modified_gmt":"2026-08-31T15:52:42","slug":"presidente-do-sindilojas-juazeiro-carlos-neiva-fortalece-articulacao-para-implantacao-do-sesc-senac-em-juazeiro","status":"publish","type":"post","link":"https:\/\/blogopara.com.br\/index.php\/2026\/08\/31\/presidente-do-sindilojas-juazeiro-carlos-neiva-fortalece-articulacao-para-implantacao-do-sesc-senac-em-juazeiro","title":{"rendered":"Presidente do Sindilojas Juazeiro, Carlos Neiva, fortalece articula\u00e7\u00e3o para implanta\u00e7\u00e3o do Sesc\/Senac em Juazeiro"},"content":{"rendered":"<p>A luta do presidente do Sindilojas Juazeiro, Carlos Neiva, pela implanta\u00e7\u00e3o de uma unidade conjunta do Sesc e do Senac no munic\u00edpio ganhou novo impulso nesta sexta-feira (28), durante reuni\u00e3o na sede da Fecom\u00e9rcio Bahia. A constru\u00e7\u00e3o da unidade foi a pauta do encontro com o presidente da entidade, Kelsor Fernandes. A reuni\u00e3o contou tamb\u00e9m com a participa\u00e7\u00e3o do presidente do Sindicato dos Comerci\u00e1rios de Juazeiro, F\u00e1bio Cesar.<\/p>\n<p>Durante a reuni\u00e3o, Kelsor Fernandes reafirmou o compromisso da Fecom\u00e9rcio com a implanta\u00e7\u00e3o da unidade em Juazeiro. \u201cA Fecom\u00e9rcio mant\u00e9m o prop\u00f3sito de levar essa unidade para Juazeiro, que \u00e9 uma das regi\u00f5es mais importantes do estado\u201d, afirmou, ressaltando que a unidade ser\u00e1 a primeira estrutura conjunta do Sesc e do Senac na Bahia.<\/p>\n<p>Para Carlos Neiva, o apoio do presidente da Fecom\u00e9rcio representa um passo importante para essa mobiliza\u00e7\u00e3o antiga. \u201cSaio muito animado desta reuni\u00e3o. Essa \u00e9 uma luta que temos defendido h\u00e1 algum tempo e que ganhou ainda mais for\u00e7a com nossa participa\u00e7\u00e3o no Conselho e na Diretoria da Federa\u00e7\u00e3o. Agora estamos mais pr\u00f3ximos de transformar esse sonho em realidade para Juazeiro\u201d, destacou Neiva. O prefeito Andrei Gon\u00e7alves tamb\u00e9m apoia a iniciativa e j\u00e1 se comprometeu a trabalhar para viabilizar o terreno para a constru\u00e7\u00e3o.<\/p>\n<p>O Sindicato dos Comerci\u00e1rios v\u00ea a chegada da unidade como muito bem-vinda. \u201cA unidade ser\u00e1 muito importante para os trabalhadores do com\u00e9rcio. Teremos mais oportunidades de qualifica\u00e7\u00e3o profissional, al\u00e9m de espa\u00e7os e servi\u00e7os voltados ao lazer, \u00e0 cultura e \u00e0 qualidade de vida dos comerci\u00e1rios e de suas fam\u00edlias\u201d, ressaltou F\u00e1bio Cesar.<\/p>\n<p>Rinaldo Lima &#8211; Assessor de Comunica\u00e7\u00e3o do Sindilojas\u00a0 Juazeiro<br \/>\n(74) 98802-6461<\/p>\n","protected":false},"excerpt":{"rendered":"<p>A luta do presidente do Sindilojas Juazeiro, Carlos Neiva, pela implanta\u00e7\u00e3o de uma unidade conjunta do Sesc e do Senac no munic\u00edpio ganhou novo impulso nesta sexta-feira (28), durante reuni\u00e3o na sede da Fecom\u00e9rcio Bahia. A constru\u00e7\u00e3o da unidade foi a pauta do encontro com o presidente da entidade, Kelsor Fernandes. A reuni\u00e3o contou tamb\u00e9m [&hellip;]<\/p>\n","protected":false},"author":1,"featured_media":88279,"comment_status":"open","ping_status":"open","sticky":false,"template":"","format":"standard","meta":{"_uag_custom_page_level_css":"","_monsterinsights_skip_tracking":false,"_monsterinsights_sitenote_active":false,"_monsterinsights_sitenote_note":"","_monsterinsights_sitenote_category":0,"jetpack_post_was_ever_published":false,"_jetpack_newsletter_access":"","_jetpack_dont_email_post_to_subs":false,"_jetpack_newsletter_tier_id":0,"_jetpack_memberships_contains_paywalled_content":false,"_jetpack_memberships_contains_paid_content":false,"footnotes":"","jetpack_publicize_message":"","jetpack_publicize_feature_enabled":true,"jetpack_social_post_already_shared":true,"jetpack_social_options":{"image_generator_settings":{"template":"highway","default_image_id":0,"font":"","enabled":false},"version":2}},"categories":[197],"tags":[],"class_list":["post-88278","post","type-post","status-publish","format-standard","has-post-thumbnail","hentry","category-politica"],"jetpack_publicize_connections":[],"jetpack_featured_media_url":"https:\/\/blogopara.com.br\/wp-content\/uploads\/2026\/08\/72411631-f40a-47df-9b53-11aa61d2a098.jpg","uagb_featured_image_src":{"full":["https:\/\/blogopara.com.br\/wp-content\/uploads\/2026\/08\/72411631-f40a-47df-9b53-11aa61d2a098.jpg",500,361,false],"thumbnail":["https:\/\/blogopara.com.br\/wp-content\/uploads\/2026\/08\/72411631-f40a-47df-9b53-11aa61d2a098-150x150.jpg",150,150,true],"medium":["https:\/\/blogopara.com.br\/wp-content\/uploads\/2026\/08\/72411631-f40a-47df-9b53-11aa61d2a098-300x217.jpg",300,217,true],"medium_large":["https:\/\/blogopara.com.br\/wp-content\/uploads\/2026\/08\/72411631-f40a-47df-9b53-11aa61d2a098.jpg",500,361,false],"large":["https:\/\/blogopara.com.br\/wp-content\/uploads\/2026\/08\/72411631-f40a-47df-9b53-11aa61d2a098.jpg",500,361,false],"1536x1536":["https:\/\/blogopara.com.br\/wp-content\/uploads\/2026\/08\/72411631-f40a-47df-9b53-11aa61d2a098.jpg",500,361,false],"2048x2048":["https:\/\/blogopara.com.br\/wp-content\/uploads\/2026\/08\/72411631-f40a-47df-9b53-11aa61d2a098.jpg",500,361,false],"mantranews-slider-large":["https:\/\/blogopara.com.br\/wp-content\/uploads\/2026\/08\/72411631-f40a-47df-9b53-11aa61d2a098.jpg",500,361,false],"mantranews-featured-medium":["https:\/\/blogopara.com.br\/wp-content\/uploads\/2026\/08\/72411631-f40a-47df-9b53-11aa61d2a098-420x307.jpg",420,307,true],"mantranews-featured-long":["https:\/\/blogopara.com.br\/wp-content\/uploads\/2026\/08\/72411631-f40a-47df-9b53-11aa61d2a098-300x361.jpg",300,361,true],"mantranews-block-medium":["https:\/\/blogopara.com.br\/wp-content\/uploads\/2026\/08\/72411631-f40a-47df-9b53-11aa61d2a098-464x290.jpg",464,290,true],"mantranews-carousel-image":["https:\/\/blogopara.com.br\/wp-content\/uploads\/2026\/08\/72411631-f40a-47df-9b53-11aa61d2a098.jpg",500,361,false],"mantranews-block-thumb":["https:\/\/blogopara.com.br\/wp-content\/uploads\/2026\/08\/72411631-f40a-47df-9b53-11aa61d2a098-322x230.jpg",322,230,true],"mantranews-single-large":["https:\/\/blogopara.com.br\/wp-content\/uploads\/2026\/08\/72411631-f40a-47df-9b53-11aa61d2a098.jpg",500,361,false]},"uagb_author_info":{"display_name":"Reda\u00e7\u00e3o geral","author_link":"https:\/\/blogopara.com.br\/index.php\/author\/blogopara"},"uagb_comment_info":0,"uagb_excerpt":"A luta do presidente do Sindilojas Juazeiro, Carlos Neiva, pela implanta\u00e7\u00e3o de uma unidade conjunta do Sesc e do Senac no munic\u00edpio ganhou novo impulso nesta sexta-feira (28), durante reuni\u00e3o na sede da Fecom\u00e9rcio Bahia. A constru\u00e7\u00e3o da unidade foi a pauta do encontro com o presidente da entidade, Kelsor Fernandes. A reuni\u00e3o contou tamb\u00e9m&hellip;","jetpack_sharing_enabled":true,"jetpack_likes_enabled":true,"_links":{"self":[{"href":"https:\/\/blogopara.com.br\/index.php\/wp-json\/wp\/v2\/posts\/88278","targetHints":{"allow":["GET"]}}],"collection":[{"href":"https:\/\/blogopara.com.br\/index.php\/wp-json\/wp\/v2\/posts"}],"about":[{"href":"https:\/\/blogopara.com.br\/index.php\/wp-json\/wp\/v2\/types\/post"}],"author":[{"embeddable":true,"href":"https:\/\/blogopara.com.br\/index.php\/wp-json\/wp\/v2\/users\/1"}],"replies":[{"embeddable":true,"href":"https:\/\/blogopara.com.br\/index.php\/wp-json\/wp\/v2\/comments?post=88278"}],"version-history":[{"count":1,"href":"https:\/\/blogopara.com.br\/index.php\/wp-json\/wp\/v2\/posts\/88278\/revisions"}],"predecessor-version":[{"id":88280,"href":"https:\/\/blogopara.com.br\/index.php\/wp-json\/wp\/v2\/posts\/88278\/revisions\/88280"}],"wp:featuredmedia":[{"embeddable":true,"href":"https:\/\/blogopara.com.br\/index.php\/wp-json\/wp\/v2\/media\/88279"}],"wp:attachment":[{"href":"https:\/\/blogopara.com.br\/index.php\/wp-json\/wp\/v2\/media?parent=88278"}],"wp:term":[{"taxonomy":"category","embeddable":true,"href":"https:\/\/blogopara.com.br\/index.php\/wp-json\/wp\/v2\/categories?post=88278"},{"taxonomy":"post_tag","embeddable":true,"href":"https:\/\/blogopara.com.br\/index.php\/wp-json\/wp\/v2\/tags?post=88278"}],"curies":[{"name":"wp","href":"https:\/\/api.w.org\/{rel}","templated":true}]}}