{"id":88321,"date":"2026-09-01T09:37:34","date_gmt":"2026-09-01T12:37:34","guid":{"rendered":"https:\/\/blogopara.com.br\/?p=88321"},"modified":"2026-09-01T09:37:34","modified_gmt":"2026-09-01T12:37:34","slug":"suspeito-de-roubo-de-bicicleta-e-detido-pela-guarda-civil-municipal-de-juazeiro","status":"publish","type":"post","link":"https:\/\/blogopara.com.br\/index.php\/2026\/09\/01\/suspeito-de-roubo-de-bicicleta-e-detido-pela-guarda-civil-municipal-de-juazeiro","title":{"rendered":"Suspeito de roubo de bicicleta \u00e9 detido pela Guarda Civil Municipal de Juazeiro"},"content":{"rendered":"<p>A Guarda Civil Municipal (GCM) de Juazeiro deteve, nesta segunda-feira (31), um homem suspeito de roubar uma bicicleta mediante amea\u00e7a no Centro da cidade. De acordo com informa\u00e7\u00f5es da equipe, a Central 153 da GCM recebeu um chamado relatando que um homem teria sacado uma faca e, sob amea\u00e7a, subtra\u00eddo uma bicicleta nas proximidades do Cal\u00e7ad\u00e3o da Travessa Benjamin Constant. Ap\u00f3s o roubo, o suspeito teria seguido em dire\u00e7\u00e3o ao Terminal de \u00d4nibus Urbanos do munic\u00edpio.<\/p>\n<p>Diante das informa\u00e7\u00f5es repassadas pela Central, uma equipe da Guarda Civil Municipal realizou dilig\u00eancias na regi\u00e3o e localizou o suspeito, que j\u00e1 havia sido detido por populares. O homem, identificado pelas iniciais J.G.S.P., de 30 anos, e a bicicleta foram encaminhados \u00e0 17\u00aa Coordenadoria Regional de Pol\u00edcia Civil (Coorpin), em Juazeiro, onde foram apresentados para a ado\u00e7\u00e3o das medidas legais cab\u00edveis.<\/p>\n<p>A Guarda Civil Municipal refor\u00e7a a import\u00e2ncia da participa\u00e7\u00e3o da popula\u00e7\u00e3o no combate \u00e0 criminalidade e orienta que situa\u00e7\u00f5es de emerg\u00eancia ou ocorr\u00eancias suspeitas sejam comunicadas por meio da Central 153 ou pelo telefone fixo (74) 3611-9880. A atua\u00e7\u00e3o da GCM integra as a\u00e7\u00f5es de seguran\u00e7a e prote\u00e7\u00e3o desenvolvidas no munic\u00edpio, contribuindo para a preven\u00e7\u00e3o e o enfrentamento \u00e0 criminalidade em Juazeiro.<\/p>\n<p>______<br \/>\nTexto: M\u00e1rcio Reges \/ ASCOM PMJ<\/p>\n","protected":false},"excerpt":{"rendered":"<p>A Guarda Civil Municipal (GCM) de Juazeiro deteve, nesta segunda-feira (31), um homem suspeito de roubar uma bicicleta mediante amea\u00e7a no Centro da cidade. De acordo com informa\u00e7\u00f5es da equipe, a Central 153 da GCM recebeu um chamado relatando que um homem teria sacado uma faca e, sob amea\u00e7a, subtra\u00eddo uma bicicleta nas proximidades do [&hellip;]<\/p>\n","protected":false},"author":1,"featured_media":88322,"comment_status":"open","ping_status":"open","sticky":false,"template":"","format":"standard","meta":{"_uag_custom_page_level_css":"","_monsterinsights_skip_tracking":false,"_monsterinsights_sitenote_active":false,"_monsterinsights_sitenote_note":"","_monsterinsights_sitenote_category":0,"jetpack_post_was_ever_published":false,"_jetpack_newsletter_access":"","_jetpack_dont_email_post_to_subs":false,"_jetpack_newsletter_tier_id":0,"_jetpack_memberships_contains_paywalled_content":false,"_jetpack_memberships_contains_paid_content":false,"footnotes":"","jetpack_publicize_message":"","jetpack_publicize_feature_enabled":true,"jetpack_social_post_already_shared":true,"jetpack_social_options":{"image_generator_settings":{"template":"highway","default_image_id":0,"font":"","enabled":false},"version":2}},"categories":[203],"tags":[],"class_list":["post-88321","post","type-post","status-publish","format-standard","has-post-thumbnail","hentry","category-juazeiro"],"jetpack_publicize_connections":[],"jetpack_featured_media_url":"https:\/\/blogopara.com.br\/wp-content\/uploads\/2026\/09\/WhatsApp-Image-2026-09-01-at-08.21.51.jpeg","uagb_featured_image_src":{"full":["https:\/\/blogopara.com.br\/wp-content\/uploads\/2026\/09\/WhatsApp-Image-2026-09-01-at-08.21.51.jpeg",500,281,false],"thumbnail":["https:\/\/blogopara.com.br\/wp-content\/uploads\/2026\/09\/WhatsApp-Image-2026-09-01-at-08.21.51-150x150.jpeg",150,150,true],"medium":["https:\/\/blogopara.com.br\/wp-content\/uploads\/2026\/09\/WhatsApp-Image-2026-09-01-at-08.21.51-300x169.jpeg",300,169,true],"medium_large":["https:\/\/blogopara.com.br\/wp-content\/uploads\/2026\/09\/WhatsApp-Image-2026-09-01-at-08.21.51.jpeg",500,281,false],"large":["https:\/\/blogopara.com.br\/wp-content\/uploads\/2026\/09\/WhatsApp-Image-2026-09-01-at-08.21.51.jpeg",500,281,false],"1536x1536":["https:\/\/blogopara.com.br\/wp-content\/uploads\/2026\/09\/WhatsApp-Image-2026-09-01-at-08.21.51.jpeg",500,281,false],"2048x2048":["https:\/\/blogopara.com.br\/wp-content\/uploads\/2026\/09\/WhatsApp-Image-2026-09-01-at-08.21.51.jpeg",500,281,false],"mantranews-slider-large":["https:\/\/blogopara.com.br\/wp-content\/uploads\/2026\/09\/WhatsApp-Image-2026-09-01-at-08.21.51.jpeg",500,281,false],"mantranews-featured-medium":["https:\/\/blogopara.com.br\/wp-content\/uploads\/2026\/09\/WhatsApp-Image-2026-09-01-at-08.21.51-420x281.jpeg",420,281,true],"mantranews-featured-long":["https:\/\/blogopara.com.br\/wp-content\/uploads\/2026\/09\/WhatsApp-Image-2026-09-01-at-08.21.51-300x281.jpeg",300,281,true],"mantranews-block-medium":["https:\/\/blogopara.com.br\/wp-content\/uploads\/2026\/09\/WhatsApp-Image-2026-09-01-at-08.21.51-464x281.jpeg",464,281,true],"mantranews-carousel-image":["https:\/\/blogopara.com.br\/wp-content\/uploads\/2026\/09\/WhatsApp-Image-2026-09-01-at-08.21.51.jpeg",500,281,false],"mantranews-block-thumb":["https:\/\/blogopara.com.br\/wp-content\/uploads\/2026\/09\/WhatsApp-Image-2026-09-01-at-08.21.51-322x230.jpeg",322,230,true],"mantranews-single-large":["https:\/\/blogopara.com.br\/wp-content\/uploads\/2026\/09\/WhatsApp-Image-2026-09-01-at-08.21.51.jpeg",500,281,false]},"uagb_author_info":{"display_name":"Reda\u00e7\u00e3o geral","author_link":"https:\/\/blogopara.com.br\/index.php\/author\/blogopara"},"uagb_comment_info":0,"uagb_excerpt":"A Guarda Civil Municipal (GCM) de Juazeiro deteve, nesta segunda-feira (31), um homem suspeito de roubar uma bicicleta mediante amea\u00e7a no Centro da cidade. De acordo com informa\u00e7\u00f5es da equipe, a Central 153 da GCM recebeu um chamado relatando que um homem teria sacado uma faca e, sob amea\u00e7a, subtra\u00eddo uma bicicleta nas proximidades do&hellip;","jetpack_sharing_enabled":true,"jetpack_likes_enabled":true,"_links":{"self":[{"href":"https:\/\/blogopara.com.br\/index.php\/wp-json\/wp\/v2\/posts\/88321","targetHints":{"allow":["GET"]}}],"collection":[{"href":"https:\/\/blogopara.com.br\/index.php\/wp-json\/wp\/v2\/posts"}],"about":[{"href":"https:\/\/blogopara.com.br\/index.php\/wp-json\/wp\/v2\/types\/post"}],"author":[{"embeddable":true,"href":"https:\/\/blogopara.com.br\/index.php\/wp-json\/wp\/v2\/users\/1"}],"replies":[{"embeddable":true,"href":"https:\/\/blogopara.com.br\/index.php\/wp-json\/wp\/v2\/comments?post=88321"}],"version-history":[{"count":1,"href":"https:\/\/blogopara.com.br\/index.php\/wp-json\/wp\/v2\/posts\/88321\/revisions"}],"predecessor-version":[{"id":88323,"href":"https:\/\/blogopara.com.br\/index.php\/wp-json\/wp\/v2\/posts\/88321\/revisions\/88323"}],"wp:featuredmedia":[{"embeddable":true,"href":"https:\/\/blogopara.com.br\/index.php\/wp-json\/wp\/v2\/media\/88322"}],"wp:attachment":[{"href":"https:\/\/blogopara.com.br\/index.php\/wp-json\/wp\/v2\/media?parent=88321"}],"wp:term":[{"taxonomy":"category","embeddable":true,"href":"https:\/\/blogopara.com.br\/index.php\/wp-json\/wp\/v2\/categories?post=88321"},{"taxonomy":"post_tag","embeddable":true,"href":"https:\/\/blogopara.com.br\/index.php\/wp-json\/wp\/v2\/tags?post=88321"}],"curies":[{"name":"wp","href":"https:\/\/api.w.org\/{rel}","templated":true}]}}