{"id":88325,"date":"2026-09-01T09:48:23","date_gmt":"2026-09-01T12:48:23","guid":{"rendered":"https:\/\/blogopara.com.br\/?p=88325"},"modified":"2026-09-01T09:48:23","modified_gmt":"2026-09-01T12:48:23","slug":"antiga-rodoviaria-de-salvador-pode-virar-hospital-de-regulacao-entenda","status":"publish","type":"post","link":"https:\/\/blogopara.com.br\/index.php\/2026\/09\/01\/antiga-rodoviaria-de-salvador-pode-virar-hospital-de-regulacao-entenda","title":{"rendered":"Antiga rodovi\u00e1ria de Salvador pode virar Hospital de Regula\u00e7\u00e3o; entenda"},"content":{"rendered":"<div class=\"flex flex-col w-full font-normal text-[18px] leading-[30px] text-tw-theme-text-default\">\n<p id=\"paragrafo-kgk7m1hehs\">Um projeto de indica\u00e7\u00e3o protocolado na C\u00e2mara de Vereadores de Salvador prop\u00f5e a constru\u00e7\u00e3o de um Hospital de Regula\u00e7\u00e3o na \u00e1rea da antiga rodovi\u00e1ria de Salvador. A proposta \u00e9 do vereador Sandro Bahiense (PP).<\/p>\n<\/div>\n<div class=\"flex flex-col w-full font-normal text-[18px] leading-[30px] text-tw-theme-text-default\">\n<p id=\"paragrafo-g242hcjc54\">No Projeto de Indica\u00e7\u00e3o n\u00ba 565\/2026, o parlamentar argumenta que a utiliza\u00e7\u00e3o do espa\u00e7o pode proporcionar uma amplia\u00e7\u00e3o da capacidade de atendimento de sa\u00fade na capital baiana, ao oferecer mais celeridade no encaminhamento dos pacientes que aguardam por regula\u00e7\u00e3o m\u00e9dica.<\/p>\n<\/div>\n<div class=\"flex flex-col w-full font-normal text-[18px] leading-[30px] text-tw-theme-text-default\">\n<p id=\"paragrafo-2jzhihvtck\">Sandro Bahiense tamb\u00e9m defendeu que o projeto seja incorporado \u00e0s a\u00e7\u00f5es do Governo do Estado e ressaltou a necessidade de investimentos para enfrentar os desafios da sa\u00fade p\u00fablica baiana.<\/p>\n<\/div>\n<div class=\"flex flex-col w-full font-normal text-[18px] leading-[30px] text-tw-theme-text-default\">\n<p id=\"paragrafo-9hhnae26a4\">\u201cA sa\u00fade tem que mudar. Precisamos de a\u00e7\u00f5es concretas, estrutura e compromisso para cuidar das pessoas. \u00c9 uma proposta que queremos ver sair do papel e se transformar em benef\u00edcio para os baianos\u201d, ressaltou.<\/p>\n<\/div>\n<div class=\"flex flex-col w-full font-normal text-[18px] leading-[30px] text-tw-theme-text-default\">\n<p id=\"paragrafo-mjainmq6uu\">O projeto segue para tramita\u00e7\u00e3o regular na Casa.<\/p>\n<\/div>\n","protected":false},"excerpt":{"rendered":"<p>Um projeto de indica\u00e7\u00e3o protocolado na C\u00e2mara de Vereadores de Salvador prop\u00f5e a constru\u00e7\u00e3o de um Hospital de Regula\u00e7\u00e3o na \u00e1rea da antiga rodovi\u00e1ria de Salvador. A proposta \u00e9 do vereador Sandro Bahiense (PP). No Projeto de Indica\u00e7\u00e3o n\u00ba 565\/2026, o parlamentar argumenta que a utiliza\u00e7\u00e3o do espa\u00e7o pode proporcionar uma amplia\u00e7\u00e3o da capacidade de [&hellip;]<\/p>\n","protected":false},"author":1,"featured_media":88326,"comment_status":"open","ping_status":"open","sticky":false,"template":"","format":"standard","meta":{"_uag_custom_page_level_css":"","_monsterinsights_skip_tracking":false,"_monsterinsights_sitenote_active":false,"_monsterinsights_sitenote_note":"","_monsterinsights_sitenote_category":0,"jetpack_post_was_ever_published":false,"_jetpack_newsletter_access":"","_jetpack_dont_email_post_to_subs":false,"_jetpack_newsletter_tier_id":0,"_jetpack_memberships_contains_paywalled_content":false,"_jetpack_memberships_contains_paid_content":false,"footnotes":"","jetpack_publicize_message":"","jetpack_publicize_feature_enabled":true,"jetpack_social_post_already_shared":true,"jetpack_social_options":{"image_generator_settings":{"template":"highway","default_image_id":0,"font":"","enabled":false},"version":2}},"categories":[199],"tags":[],"class_list":["post-88325","post","type-post","status-publish","format-standard","has-post-thumbnail","hentry","category-bahia"],"jetpack_publicize_connections":[],"jetpack_featured_media_url":"https:\/\/blogopara.com.br\/wp-content\/uploads\/2026\/09\/Capturar-2.jpg","uagb_featured_image_src":{"full":["https:\/\/blogopara.com.br\/wp-content\/uploads\/2026\/09\/Capturar-2.jpg",500,281,false],"thumbnail":["https:\/\/blogopara.com.br\/wp-content\/uploads\/2026\/09\/Capturar-2-150x150.jpg",150,150,true],"medium":["https:\/\/blogopara.com.br\/wp-content\/uploads\/2026\/09\/Capturar-2-300x169.jpg",300,169,true],"medium_large":["https:\/\/blogopara.com.br\/wp-content\/uploads\/2026\/09\/Capturar-2.jpg",500,281,false],"large":["https:\/\/blogopara.com.br\/wp-content\/uploads\/2026\/09\/Capturar-2.jpg",500,281,false],"1536x1536":["https:\/\/blogopara.com.br\/wp-content\/uploads\/2026\/09\/Capturar-2.jpg",500,281,false],"2048x2048":["https:\/\/blogopara.com.br\/wp-content\/uploads\/2026\/09\/Capturar-2.jpg",500,281,false],"mantranews-slider-large":["https:\/\/blogopara.com.br\/wp-content\/uploads\/2026\/09\/Capturar-2.jpg",500,281,false],"mantranews-featured-medium":["https:\/\/blogopara.com.br\/wp-content\/uploads\/2026\/09\/Capturar-2-420x281.jpg",420,281,true],"mantranews-featured-long":["https:\/\/blogopara.com.br\/wp-content\/uploads\/2026\/09\/Capturar-2-300x281.jpg",300,281,true],"mantranews-block-medium":["https:\/\/blogopara.com.br\/wp-content\/uploads\/2026\/09\/Capturar-2-464x281.jpg",464,281,true],"mantranews-carousel-image":["https:\/\/blogopara.com.br\/wp-content\/uploads\/2026\/09\/Capturar-2.jpg",500,281,false],"mantranews-block-thumb":["https:\/\/blogopara.com.br\/wp-content\/uploads\/2026\/09\/Capturar-2-322x230.jpg",322,230,true],"mantranews-single-large":["https:\/\/blogopara.com.br\/wp-content\/uploads\/2026\/09\/Capturar-2.jpg",500,281,false]},"uagb_author_info":{"display_name":"Reda\u00e7\u00e3o geral","author_link":"https:\/\/blogopara.com.br\/index.php\/author\/blogopara"},"uagb_comment_info":0,"uagb_excerpt":"Um projeto de indica\u00e7\u00e3o protocolado na C\u00e2mara de Vereadores de Salvador prop\u00f5e a constru\u00e7\u00e3o de um Hospital de Regula\u00e7\u00e3o na \u00e1rea da antiga rodovi\u00e1ria de Salvador. A proposta \u00e9 do vereador Sandro Bahiense (PP). No Projeto de Indica\u00e7\u00e3o n\u00ba 565\/2026, o parlamentar argumenta que a utiliza\u00e7\u00e3o do espa\u00e7o pode proporcionar uma amplia\u00e7\u00e3o da capacidade de&hellip;","jetpack_sharing_enabled":true,"jetpack_likes_enabled":true,"_links":{"self":[{"href":"https:\/\/blogopara.com.br\/index.php\/wp-json\/wp\/v2\/posts\/88325","targetHints":{"allow":["GET"]}}],"collection":[{"href":"https:\/\/blogopara.com.br\/index.php\/wp-json\/wp\/v2\/posts"}],"about":[{"href":"https:\/\/blogopara.com.br\/index.php\/wp-json\/wp\/v2\/types\/post"}],"author":[{"embeddable":true,"href":"https:\/\/blogopara.com.br\/index.php\/wp-json\/wp\/v2\/users\/1"}],"replies":[{"embeddable":true,"href":"https:\/\/blogopara.com.br\/index.php\/wp-json\/wp\/v2\/comments?post=88325"}],"version-history":[{"count":1,"href":"https:\/\/blogopara.com.br\/index.php\/wp-json\/wp\/v2\/posts\/88325\/revisions"}],"predecessor-version":[{"id":88327,"href":"https:\/\/blogopara.com.br\/index.php\/wp-json\/wp\/v2\/posts\/88325\/revisions\/88327"}],"wp:featuredmedia":[{"embeddable":true,"href":"https:\/\/blogopara.com.br\/index.php\/wp-json\/wp\/v2\/media\/88326"}],"wp:attachment":[{"href":"https:\/\/blogopara.com.br\/index.php\/wp-json\/wp\/v2\/media?parent=88325"}],"wp:term":[{"taxonomy":"category","embeddable":true,"href":"https:\/\/blogopara.com.br\/index.php\/wp-json\/wp\/v2\/categories?post=88325"},{"taxonomy":"post_tag","embeddable":true,"href":"https:\/\/blogopara.com.br\/index.php\/wp-json\/wp\/v2\/tags?post=88325"}],"curies":[{"name":"wp","href":"https:\/\/api.w.org\/{rel}","templated":true}]}}