{"id":88328,"date":"2026-09-01T09:53:06","date_gmt":"2026-09-01T12:53:06","guid":{"rendered":"https:\/\/blogopara.com.br\/?p=88328"},"modified":"2026-09-01T09:53:06","modified_gmt":"2026-09-01T12:53:06","slug":"acm-neto-lidera-corrida-ao-governo-com-498-contra-444-de-jeronimo-aponta-pesquisa-futura-politica-livre","status":"publish","type":"post","link":"https:\/\/blogopara.com.br\/index.php\/2026\/09\/01\/acm-neto-lidera-corrida-ao-governo-com-498-contra-444-de-jeronimo-aponta-pesquisa-futura-politica-livre","title":{"rendered":"ACM Neto lidera corrida ao governo com 49,8% contra 44,4% de Jer\u00f4nimo, aponta pesquisa Futura\/Pol\u00edtica Livre"},"content":{"rendered":"<p>O candidato ACM Neto (Uni\u00e3o) aparece com 49,8% das inten\u00e7\u00f5es de voto ao governo da Bahia em pesquisa eleitoral feita pelo instituto Futura Intelig\u00eancia e contratada por este\u00a0<strong>Pol\u00edtica Livre<\/strong>, divulgada hoje (01). Candidato \u00e0 reelei\u00e7\u00e3o, o governador Jer\u00f4nimo Rodrigues (PT) crava 44,4%.<\/p>\n<p>Como a margem de erro \u00e9 de 3,1 pontos percentuais para mais ou para menos, ACM Neto tem entre 46,7% a 52,9%, enquanto Jer\u00f4nimo figura de 41,3% a 47,5%.<\/p>\n<p>A pesquisa entrevistou mil pessoas em 214 cidades baianas no intervalo entre 24 e 26 de agosto, por telefone. O levantamento foi registrado no Tribunal Regional Eleitoral da Bahia (TRE-BA) sob o n\u00famero 08990\/2026. Veja abaixo como ficou o cen\u00e1rio estimulado, de forma completa.<\/p>\n<p><strong>Pesquisa para o governo da Bahia (estimulada)<\/strong><\/p>\n<p>ACM Neto (Uni\u00e3o) \u2013 49,8%<br \/>\nJer\u00f4nimo Rodrigues (PT) \u2013 44,4%<br \/>\nMaria Bona (PCO) \u2013 0,5%<br \/>\nRonaldo Mansur (Psol) \u00a0\u2013 0,2%<br \/>\nAriel Capistrano (DC) \u2013 0,1%<br \/>\nAroldo Felix (UP) \u2013 0,1%<br \/>\nNingu\u00e9m\/Branco\/Nulo \u2013 1,9%<br \/>\nN\u00e3o sabe\/Indeciso \u2013 2,9%<\/p>\n<p>O levantamento revela que a maioria dos eleitores de ACM Neto s\u00e3o homens (52,7%), enquanto os de Jer\u00f4nimo s\u00e3o mulheres (45,3%). Na faixa et\u00e1ria, 63,7% dos entrevistados entre 16 e 24 anos dizem votar no ex-prefeito de Salvador, enquanto 50,7% dos que possuem mais de 60 anos preferem o atual governador. Esse dado mostra a dificuldade de o PT, que governa a Bahia h\u00e1 quase 20 anos, renovar o eleitorado.<\/p>\n<p>Na pesquisa espont\u00e2nea, quando n\u00e3o \u00e9 apresentado ao eleitor nomes de candidatos, ACM Neto segue na frente.<\/p>\n<p><strong>Pesquisa para o governo da Bahia (espont\u00e2nea)<\/strong><\/p>\n<p>ACM Neto (Uni\u00e3o) \u2013 39,4%<br \/>\nJer\u00f4nimo Rodrigues (PT) \u2013 34,7%<br \/>\nOutros \u2013 3,3%<br \/>\nNingu\u00e9m\/Branco\/Nulo \u2013 1,9%<br \/>\nN\u00e3o sabe\/Indeciso \u2013 20,8%<\/p>\n<p>Na rejei\u00e7\u00e3o, o governador lidera os n\u00fameros, fora da margem de erro do levantamento. Nesse item, aparece o nome do candidato Jos\u00e9 Estev\u00e3o (DS), que aguarda uma decis\u00e3o em definitivo do TRE-BA sobre quem ser\u00e1 o postulante da sigla ao governo &#8211; se ele ou Ariel Capistrano.<\/p>\n<p>Jer\u00f4nimo Rodrigues (PT) \u2013 39,9%<br \/>\nACM Neto (Uni\u00e3o) \u2013 30,7%.<br \/>\nRonaldo Mansur (Psol) \u2013 18,3%<br \/>\nMaria Bona (PCO) \u2013 15,2%<br \/>\nAdolfo Felix (UP) \u2013 14,3%<br \/>\nJos\u00e9 Estev\u00e3o (DS) \u2013 13,7%<br \/>\nAriel Capistrano (DS) \u2013 13%<br \/>\nRejeita todos \u2013 2,6%<br \/>\nN\u00e3o rejeita ningu\u00e9m \u2013 6,4%<br \/>\nN\u00e3o sabe\/N\u00e3o respondeu \u2013 8,7%<\/p>\n<p>Na simula\u00e7\u00e3o de segundo turno entre ACM Neto e Jer\u00f4nimo Rodrigues, o candidato das oposi\u00e7\u00f5es ao governo tamb\u00e9m lidera. Confira abaixo os n\u00fameros.<\/p>\n<p><strong>Segundo turno da elei\u00e7\u00e3o na Bahia (estimulado)<\/strong><\/p>\n<p>ACM Neto (Uni\u00e3o) \u2013 50,4%<br \/>\nJer\u00f4nimo Rodrigues (PT) \u2013 46,6%<br \/>\nNingu\u00e9m\/Branco\/Nulo \u2013 1,4%<br \/>\nN\u00e3o sabe\/Indeciso \u2013 1,6%<\/p>\n<p>A pesquisa tamb\u00e9m mediu a for\u00e7a do presidente Luiz In\u00e1cio Lula da Silva (PT) no voto para o governo da Bahia. Quando o eleitor \u00e9 questionado se votaria no governador apoiado pelo petista, 47% dizem que sim. Outros 29,4% afirmam que votariam em algu\u00e9m independente e 20,8% no postulante ligado ao bolsonarismo. Outros 2,8% declaram n\u00e3o saber ou n\u00e3o responderam.<\/p>\n<p>Outro fator medido pelo levantamento \u00e9 a aprova\u00e7\u00e3o e desaprova\u00e7\u00e3o de Jer\u00f4nimo. Para 52,6% dos entrevistados, o governo \u00e9 aprovado, enquanto 41,6% desaprovam e 5,8% n\u00e3o sabem ou n\u00e3o responderam. O maior \u00edndice de aprova\u00e7\u00e3o \u00e9 do p\u00fablico feminino (54,2%) e na faixa et\u00e1ria entre 45 e 49 anos (57,5%). J\u00e1 entre os que desaprovam, a maioria s\u00e3o homens (45,3%) e de faixa et\u00e1ria entre 15 e 24 anos (64,9%).<\/p>\n","protected":false},"excerpt":{"rendered":"<p>O candidato ACM Neto (Uni\u00e3o) aparece com 49,8% das inten\u00e7\u00f5es de voto ao governo da Bahia em pesquisa eleitoral feita pelo instituto Futura Intelig\u00eancia e contratada por este\u00a0Pol\u00edtica Livre, divulgada hoje (01). Candidato \u00e0 reelei\u00e7\u00e3o, o governador Jer\u00f4nimo Rodrigues (PT) crava 44,4%. Como a margem de erro \u00e9 de 3,1 pontos percentuais para mais ou [&hellip;]<\/p>\n","protected":false},"author":1,"featured_media":88329,"comment_status":"open","ping_status":"open","sticky":false,"template":"","format":"standard","meta":{"_uag_custom_page_level_css":"","_monsterinsights_skip_tracking":false,"_monsterinsights_sitenote_active":false,"_monsterinsights_sitenote_note":"","_monsterinsights_sitenote_category":0,"jetpack_post_was_ever_published":false,"_jetpack_newsletter_access":"","_jetpack_dont_email_post_to_subs":false,"_jetpack_newsletter_tier_id":0,"_jetpack_memberships_contains_paywalled_content":false,"_jetpack_memberships_contains_paid_content":false,"footnotes":"","jetpack_publicize_message":"","jetpack_publicize_feature_enabled":true,"jetpack_social_post_already_shared":true,"jetpack_social_options":{"image_generator_settings":{"template":"highway","default_image_id":0,"font":"","enabled":false},"version":2}},"categories":[197],"tags":[],"class_list":["post-88328","post","type-post","status-publish","format-standard","has-post-thumbnail","hentry","category-politica"],"jetpack_publicize_connections":[],"jetpack_featured_media_url":"https:\/\/blogopara.com.br\/wp-content\/uploads\/2026\/09\/acm-neto-e-jeronimo-rodrigues_reproducao.jpg","uagb_featured_image_src":{"full":["https:\/\/blogopara.com.br\/wp-content\/uploads\/2026\/09\/acm-neto-e-jeronimo-rodrigues_reproducao.jpg",500,333,false],"thumbnail":["https:\/\/blogopara.com.br\/wp-content\/uploads\/2026\/09\/acm-neto-e-jeronimo-rodrigues_reproducao-150x150.jpg",150,150,true],"medium":["https:\/\/blogopara.com.br\/wp-content\/uploads\/2026\/09\/acm-neto-e-jeronimo-rodrigues_reproducao-300x200.jpg",300,200,true],"medium_large":["https:\/\/blogopara.com.br\/wp-content\/uploads\/2026\/09\/acm-neto-e-jeronimo-rodrigues_reproducao.jpg",500,333,false],"large":["https:\/\/blogopara.com.br\/wp-content\/uploads\/2026\/09\/acm-neto-e-jeronimo-rodrigues_reproducao.jpg",500,333,false],"1536x1536":["https:\/\/blogopara.com.br\/wp-content\/uploads\/2026\/09\/acm-neto-e-jeronimo-rodrigues_reproducao.jpg",500,333,false],"2048x2048":["https:\/\/blogopara.com.br\/wp-content\/uploads\/2026\/09\/acm-neto-e-jeronimo-rodrigues_reproducao.jpg",500,333,false],"mantranews-slider-large":["https:\/\/blogopara.com.br\/wp-content\/uploads\/2026\/09\/acm-neto-e-jeronimo-rodrigues_reproducao.jpg",500,333,false],"mantranews-featured-medium":["https:\/\/blogopara.com.br\/wp-content\/uploads\/2026\/09\/acm-neto-e-jeronimo-rodrigues_reproducao-420x307.jpg",420,307,true],"mantranews-featured-long":["https:\/\/blogopara.com.br\/wp-content\/uploads\/2026\/09\/acm-neto-e-jeronimo-rodrigues_reproducao-300x333.jpg",300,333,true],"mantranews-block-medium":["https:\/\/blogopara.com.br\/wp-content\/uploads\/2026\/09\/acm-neto-e-jeronimo-rodrigues_reproducao-464x290.jpg",464,290,true],"mantranews-carousel-image":["https:\/\/blogopara.com.br\/wp-content\/uploads\/2026\/09\/acm-neto-e-jeronimo-rodrigues_reproducao.jpg",500,333,false],"mantranews-block-thumb":["https:\/\/blogopara.com.br\/wp-content\/uploads\/2026\/09\/acm-neto-e-jeronimo-rodrigues_reproducao-322x230.jpg",322,230,true],"mantranews-single-large":["https:\/\/blogopara.com.br\/wp-content\/uploads\/2026\/09\/acm-neto-e-jeronimo-rodrigues_reproducao.jpg",500,333,false]},"uagb_author_info":{"display_name":"Reda\u00e7\u00e3o geral","author_link":"https:\/\/blogopara.com.br\/index.php\/author\/blogopara"},"uagb_comment_info":0,"uagb_excerpt":"O candidato ACM Neto (Uni\u00e3o) aparece com 49,8% das inten\u00e7\u00f5es de voto ao governo da Bahia em pesquisa eleitoral feita pelo instituto Futura Intelig\u00eancia e contratada por este\u00a0Pol\u00edtica Livre, divulgada hoje (01). Candidato \u00e0 reelei\u00e7\u00e3o, o governador Jer\u00f4nimo Rodrigues (PT) crava 44,4%. Como a margem de erro \u00e9 de 3,1 pontos percentuais para mais ou&hellip;","jetpack_sharing_enabled":true,"jetpack_likes_enabled":true,"_links":{"self":[{"href":"https:\/\/blogopara.com.br\/index.php\/wp-json\/wp\/v2\/posts\/88328","targetHints":{"allow":["GET"]}}],"collection":[{"href":"https:\/\/blogopara.com.br\/index.php\/wp-json\/wp\/v2\/posts"}],"about":[{"href":"https:\/\/blogopara.com.br\/index.php\/wp-json\/wp\/v2\/types\/post"}],"author":[{"embeddable":true,"href":"https:\/\/blogopara.com.br\/index.php\/wp-json\/wp\/v2\/users\/1"}],"replies":[{"embeddable":true,"href":"https:\/\/blogopara.com.br\/index.php\/wp-json\/wp\/v2\/comments?post=88328"}],"version-history":[{"count":1,"href":"https:\/\/blogopara.com.br\/index.php\/wp-json\/wp\/v2\/posts\/88328\/revisions"}],"predecessor-version":[{"id":88330,"href":"https:\/\/blogopara.com.br\/index.php\/wp-json\/wp\/v2\/posts\/88328\/revisions\/88330"}],"wp:featuredmedia":[{"embeddable":true,"href":"https:\/\/blogopara.com.br\/index.php\/wp-json\/wp\/v2\/media\/88329"}],"wp:attachment":[{"href":"https:\/\/blogopara.com.br\/index.php\/wp-json\/wp\/v2\/media?parent=88328"}],"wp:term":[{"taxonomy":"category","embeddable":true,"href":"https:\/\/blogopara.com.br\/index.php\/wp-json\/wp\/v2\/categories?post=88328"},{"taxonomy":"post_tag","embeddable":true,"href":"https:\/\/blogopara.com.br\/index.php\/wp-json\/wp\/v2\/tags?post=88328"}],"curies":[{"name":"wp","href":"https:\/\/api.w.org\/{rel}","templated":true}]}}