{"id":88337,"date":"2026-09-01T12:40:02","date_gmt":"2026-09-01T15:40:02","guid":{"rendered":"https:\/\/blogopara.com.br\/?p=88337"},"modified":"2026-09-01T12:40:02","modified_gmt":"2026-09-01T15:40:02","slug":"pf-e-ssp-ba-deflagram-operacao-contra-ex-policial-por-fraude-em-registro-de-cac","status":"publish","type":"post","link":"https:\/\/blogopara.com.br\/index.php\/2026\/09\/01\/pf-e-ssp-ba-deflagram-operacao-contra-ex-policial-por-fraude-em-registro-de-cac","title":{"rendered":"PF e SSP-BA deflagram opera\u00e7\u00e3o contra ex-policial por fraude em registro de CAC"},"content":{"rendered":"<p>A Pol\u00edcia Federal (PF) e a Secretaria da Seguran\u00e7a P\u00fablica da Bahia (SSP-BA) deflagraram, nesta ter\u00e7a-feira (1), a Opera\u00e7\u00e3o Guardi\u00f5es de Fogo para investigar a posse irregular de arma de fogo de uso restrito, obtida por um ex-policial militar por meio de fraude no processo de concess\u00e3o de registro de Colecionador, Atirador Desportivo e Ca\u00e7ador (CAC).<\/p>\n<div id=\"firstHalf\">\n<p>A a\u00e7\u00e3o cumpre um mandado de busca e apreens\u00e3o em Salvador. As investiga\u00e7\u00f5es apontam que o suspeito, que est\u00e1 custodiado no Complexo Penal de Juazeiro, obteve o Certificado de Registro (CR) de CAC sem atender ao requisito legal de idoneidade.<\/p>\n<\/div>\n<div id=\"secondHalf\">\n<p>As corpora\u00e7\u00f5es apuram ind\u00edcios de omiss\u00e3o de informa\u00e7\u00f5es e de utiliza\u00e7\u00e3o de elementos inid\u00f4neos no procedimento administrativo e essa irregularidade teria viabilizado a concess\u00e3o do registro. As dilig\u00eancias prosseguem para apurar eventual envolvimento de outras pessoas nos fatos.<\/p>\n<p>Se condenado pelos crimes que lhe s\u00e3o imputados, o investigado poder\u00e1 ser submetido a penas que, somadas, ultrapassam 10 anos de reclus\u00e3o.<\/p>\n<\/div>\n","protected":false},"excerpt":{"rendered":"<p>A Pol\u00edcia Federal (PF) e a Secretaria da Seguran\u00e7a P\u00fablica da Bahia (SSP-BA) deflagraram, nesta ter\u00e7a-feira (1), a Opera\u00e7\u00e3o Guardi\u00f5es de Fogo para investigar a posse irregular de arma de fogo de uso restrito, obtida por um ex-policial militar por meio de fraude no processo de concess\u00e3o de registro de Colecionador, Atirador Desportivo e Ca\u00e7ador [&hellip;]<\/p>\n","protected":false},"author":1,"featured_media":88338,"comment_status":"open","ping_status":"open","sticky":false,"template":"","format":"standard","meta":{"_uag_custom_page_level_css":"","_monsterinsights_skip_tracking":false,"_monsterinsights_sitenote_active":false,"_monsterinsights_sitenote_note":"","_monsterinsights_sitenote_category":0,"jetpack_post_was_ever_published":false,"_jetpack_newsletter_access":"","_jetpack_dont_email_post_to_subs":false,"_jetpack_newsletter_tier_id":0,"_jetpack_memberships_contains_paywalled_content":false,"_jetpack_memberships_contains_paid_content":false,"footnotes":"","jetpack_publicize_message":"","jetpack_publicize_feature_enabled":true,"jetpack_social_post_already_shared":true,"jetpack_social_options":{"image_generator_settings":{"template":"highway","default_image_id":0,"font":"","enabled":false},"version":2}},"categories":[202],"tags":[],"class_list":["post-88337","post","type-post","status-publish","format-standard","has-post-thumbnail","hentry","category-policia"],"jetpack_publicize_connections":[],"jetpack_featured_media_url":"https:\/\/blogopara.com.br\/wp-content\/uploads\/2026\/09\/policial-penal-e-preso-suspeito-de-facilitar-entra0139897200202608181202.jpg","uagb_featured_image_src":{"full":["https:\/\/blogopara.com.br\/wp-content\/uploads\/2026\/09\/policial-penal-e-preso-suspeito-de-facilitar-entra0139897200202608181202.jpg",500,375,false],"thumbnail":["https:\/\/blogopara.com.br\/wp-content\/uploads\/2026\/09\/policial-penal-e-preso-suspeito-de-facilitar-entra0139897200202608181202-150x150.jpg",150,150,true],"medium":["https:\/\/blogopara.com.br\/wp-content\/uploads\/2026\/09\/policial-penal-e-preso-suspeito-de-facilitar-entra0139897200202608181202-300x225.jpg",300,225,true],"medium_large":["https:\/\/blogopara.com.br\/wp-content\/uploads\/2026\/09\/policial-penal-e-preso-suspeito-de-facilitar-entra0139897200202608181202.jpg",500,375,false],"large":["https:\/\/blogopara.com.br\/wp-content\/uploads\/2026\/09\/policial-penal-e-preso-suspeito-de-facilitar-entra0139897200202608181202.jpg",500,375,false],"1536x1536":["https:\/\/blogopara.com.br\/wp-content\/uploads\/2026\/09\/policial-penal-e-preso-suspeito-de-facilitar-entra0139897200202608181202.jpg",500,375,false],"2048x2048":["https:\/\/blogopara.com.br\/wp-content\/uploads\/2026\/09\/policial-penal-e-preso-suspeito-de-facilitar-entra0139897200202608181202.jpg",500,375,false],"mantranews-slider-large":["https:\/\/blogopara.com.br\/wp-content\/uploads\/2026\/09\/policial-penal-e-preso-suspeito-de-facilitar-entra0139897200202608181202.jpg",500,375,false],"mantranews-featured-medium":["https:\/\/blogopara.com.br\/wp-content\/uploads\/2026\/09\/policial-penal-e-preso-suspeito-de-facilitar-entra0139897200202608181202-420x307.jpg",420,307,true],"mantranews-featured-long":["https:\/\/blogopara.com.br\/wp-content\/uploads\/2026\/09\/policial-penal-e-preso-suspeito-de-facilitar-entra0139897200202608181202-300x375.jpg",300,375,true],"mantranews-block-medium":["https:\/\/blogopara.com.br\/wp-content\/uploads\/2026\/09\/policial-penal-e-preso-suspeito-de-facilitar-entra0139897200202608181202-464x290.jpg",464,290,true],"mantranews-carousel-image":["https:\/\/blogopara.com.br\/wp-content\/uploads\/2026\/09\/policial-penal-e-preso-suspeito-de-facilitar-entra0139897200202608181202.jpg",500,375,false],"mantranews-block-thumb":["https:\/\/blogopara.com.br\/wp-content\/uploads\/2026\/09\/policial-penal-e-preso-suspeito-de-facilitar-entra0139897200202608181202-322x230.jpg",322,230,true],"mantranews-single-large":["https:\/\/blogopara.com.br\/wp-content\/uploads\/2026\/09\/policial-penal-e-preso-suspeito-de-facilitar-entra0139897200202608181202.jpg",500,375,false]},"uagb_author_info":{"display_name":"Reda\u00e7\u00e3o geral","author_link":"https:\/\/blogopara.com.br\/index.php\/author\/blogopara"},"uagb_comment_info":0,"uagb_excerpt":"A Pol\u00edcia Federal (PF) e a Secretaria da Seguran\u00e7a P\u00fablica da Bahia (SSP-BA) deflagraram, nesta ter\u00e7a-feira (1), a Opera\u00e7\u00e3o Guardi\u00f5es de Fogo para investigar a posse irregular de arma de fogo de uso restrito, obtida por um ex-policial militar por meio de fraude no processo de concess\u00e3o de registro de Colecionador, Atirador Desportivo e Ca\u00e7ador&hellip;","jetpack_sharing_enabled":true,"jetpack_likes_enabled":true,"_links":{"self":[{"href":"https:\/\/blogopara.com.br\/index.php\/wp-json\/wp\/v2\/posts\/88337","targetHints":{"allow":["GET"]}}],"collection":[{"href":"https:\/\/blogopara.com.br\/index.php\/wp-json\/wp\/v2\/posts"}],"about":[{"href":"https:\/\/blogopara.com.br\/index.php\/wp-json\/wp\/v2\/types\/post"}],"author":[{"embeddable":true,"href":"https:\/\/blogopara.com.br\/index.php\/wp-json\/wp\/v2\/users\/1"}],"replies":[{"embeddable":true,"href":"https:\/\/blogopara.com.br\/index.php\/wp-json\/wp\/v2\/comments?post=88337"}],"version-history":[{"count":1,"href":"https:\/\/blogopara.com.br\/index.php\/wp-json\/wp\/v2\/posts\/88337\/revisions"}],"predecessor-version":[{"id":88339,"href":"https:\/\/blogopara.com.br\/index.php\/wp-json\/wp\/v2\/posts\/88337\/revisions\/88339"}],"wp:featuredmedia":[{"embeddable":true,"href":"https:\/\/blogopara.com.br\/index.php\/wp-json\/wp\/v2\/media\/88338"}],"wp:attachment":[{"href":"https:\/\/blogopara.com.br\/index.php\/wp-json\/wp\/v2\/media?parent=88337"}],"wp:term":[{"taxonomy":"category","embeddable":true,"href":"https:\/\/blogopara.com.br\/index.php\/wp-json\/wp\/v2\/categories?post=88337"},{"taxonomy":"post_tag","embeddable":true,"href":"https:\/\/blogopara.com.br\/index.php\/wp-json\/wp\/v2\/tags?post=88337"}],"curies":[{"name":"wp","href":"https:\/\/api.w.org\/{rel}","templated":true}]}}