{"id":88340,"date":"2026-09-01T12:41:54","date_gmt":"2026-09-01T15:41:54","guid":{"rendered":"https:\/\/blogopara.com.br\/?p=88340"},"modified":"2026-09-01T12:41:54","modified_gmt":"2026-09-01T15:41:54","slug":"jordavio-ramos-reune-apoiadores-em-encontro-no-bairro-tabuleiro-em-juazeiro","status":"publish","type":"post","link":"https:\/\/blogopara.com.br\/index.php\/2026\/09\/01\/jordavio-ramos-reune-apoiadores-em-encontro-no-bairro-tabuleiro-em-juazeiro","title":{"rendered":"Jord\u00e1vio Ramos re\u00fane apoiadores em encontro no bairro Tabuleiro, em Juazeiro"},"content":{"rendered":"<p>O deputado estadual e candidato \u00e0 reelei\u00e7\u00e3o Jord\u00e1vio Ramos reuniu lideran\u00e7as, apoiadores e moradores de Juazeiro durante um encontro realizado nesta segunda-feira (31), no bairro Tabuleiro. A agenda marcou mais um momento de di\u00e1logo da campanha com a popula\u00e7\u00e3o do munic\u00edpio. Participaram do encontro a ex-prefeita de Juazeiro e primeira suplente ao Senado na chapa de Jo\u00e3o Roma, Suzana Ramos; o ex-candidato a prefeito Raffani; o ex-prefeito de Juazeiro Isaac Carvalho, al\u00e9m de lideran\u00e7as pol\u00edticas, comunit\u00e1rias e apoiadores.<\/p>\n<p>Durante a reuni\u00e3o, foram abordados temas considerados priorit\u00e1rios para Juazeiro e para a Bahia, entre eles sa\u00fade, educa\u00e7\u00e3o e seguran\u00e7a p\u00fablica. Jord\u00e1vio tamb\u00e9m apresentou um balan\u00e7o de sua atua\u00e7\u00e3o na Assembleia Legislativa da Bahia e refor\u00e7ou o compromisso de continuar trabalhando pelo munic\u00edpio. \u201cQuero continuar trabalhando por Juazeiro e pela Bahia, defendendo aquilo que realmente faz diferen\u00e7a na vida das pessoas. Mesmo sendo oposi\u00e7\u00e3o ao Governo do Estado, nunca deixei que isso fosse impedimento para defender nossa gente. Brigamos pelo Planserv, cobramos solu\u00e7\u00f5es para a fila da regula\u00e7\u00e3o, destinamos emendas e estivemos presentes nos quatro cantos de Juazeiro, ouvindo as comunidades e buscando melhorias. \u00c9 esse trabalho que queremos continuar\u201d, afirmou Jord\u00e1vio Ramos.<\/p>\n<p>O deputado destacou ainda que a campanha seguir\u00e1 percorrendo bairros, distritos e comunidades, ampliando o di\u00e1logo com a popula\u00e7\u00e3o e apresentando as a\u00e7\u00f5es realizadas ao longo do mandato.<\/p>\n<p><em><strong>Ascom<\/strong><\/em><\/p>\n","protected":false},"excerpt":{"rendered":"<p>O deputado estadual e candidato \u00e0 reelei\u00e7\u00e3o Jord\u00e1vio Ramos reuniu lideran\u00e7as, apoiadores e moradores de Juazeiro durante um encontro realizado nesta segunda-feira (31), no bairro Tabuleiro. A agenda marcou mais um momento de di\u00e1logo da campanha com a popula\u00e7\u00e3o do munic\u00edpio. Participaram do encontro a ex-prefeita de Juazeiro e primeira suplente ao Senado na chapa [&hellip;]<\/p>\n","protected":false},"author":1,"featured_media":88341,"comment_status":"open","ping_status":"open","sticky":false,"template":"","format":"standard","meta":{"_uag_custom_page_level_css":"","_monsterinsights_skip_tracking":false,"_monsterinsights_sitenote_active":false,"_monsterinsights_sitenote_note":"","_monsterinsights_sitenote_category":0,"jetpack_post_was_ever_published":false,"_jetpack_newsletter_access":"","_jetpack_dont_email_post_to_subs":false,"_jetpack_newsletter_tier_id":0,"_jetpack_memberships_contains_paywalled_content":false,"_jetpack_memberships_contains_paid_content":false,"footnotes":"","jetpack_publicize_message":"","jetpack_publicize_feature_enabled":true,"jetpack_social_post_already_shared":true,"jetpack_social_options":{"image_generator_settings":{"template":"highway","default_image_id":0,"font":"","enabled":false},"version":2}},"categories":[197],"tags":[5195],"class_list":["post-88340","post","type-post","status-publish","format-standard","has-post-thumbnail","hentry","category-politica","tag-prefeita-suzana-ramos"],"jetpack_publicize_connections":[],"jetpack_featured_media_url":"https:\/\/blogopara.com.br\/wp-content\/uploads\/2026\/09\/a1-560x420-1.jpeg","uagb_featured_image_src":{"full":["https:\/\/blogopara.com.br\/wp-content\/uploads\/2026\/09\/a1-560x420-1.jpeg",500,375,false],"thumbnail":["https:\/\/blogopara.com.br\/wp-content\/uploads\/2026\/09\/a1-560x420-1-150x150.jpeg",150,150,true],"medium":["https:\/\/blogopara.com.br\/wp-content\/uploads\/2026\/09\/a1-560x420-1-300x225.jpeg",300,225,true],"medium_large":["https:\/\/blogopara.com.br\/wp-content\/uploads\/2026\/09\/a1-560x420-1.jpeg",500,375,false],"large":["https:\/\/blogopara.com.br\/wp-content\/uploads\/2026\/09\/a1-560x420-1.jpeg",500,375,false],"1536x1536":["https:\/\/blogopara.com.br\/wp-content\/uploads\/2026\/09\/a1-560x420-1.jpeg",500,375,false],"2048x2048":["https:\/\/blogopara.com.br\/wp-content\/uploads\/2026\/09\/a1-560x420-1.jpeg",500,375,false],"mantranews-slider-large":["https:\/\/blogopara.com.br\/wp-content\/uploads\/2026\/09\/a1-560x420-1.jpeg",500,375,false],"mantranews-featured-medium":["https:\/\/blogopara.com.br\/wp-content\/uploads\/2026\/09\/a1-560x420-1-420x307.jpeg",420,307,true],"mantranews-featured-long":["https:\/\/blogopara.com.br\/wp-content\/uploads\/2026\/09\/a1-560x420-1-300x375.jpeg",300,375,true],"mantranews-block-medium":["https:\/\/blogopara.com.br\/wp-content\/uploads\/2026\/09\/a1-560x420-1-464x290.jpeg",464,290,true],"mantranews-carousel-image":["https:\/\/blogopara.com.br\/wp-content\/uploads\/2026\/09\/a1-560x420-1.jpeg",500,375,false],"mantranews-block-thumb":["https:\/\/blogopara.com.br\/wp-content\/uploads\/2026\/09\/a1-560x420-1-322x230.jpeg",322,230,true],"mantranews-single-large":["https:\/\/blogopara.com.br\/wp-content\/uploads\/2026\/09\/a1-560x420-1.jpeg",500,375,false]},"uagb_author_info":{"display_name":"Reda\u00e7\u00e3o geral","author_link":"https:\/\/blogopara.com.br\/index.php\/author\/blogopara"},"uagb_comment_info":0,"uagb_excerpt":"O deputado estadual e candidato \u00e0 reelei\u00e7\u00e3o Jord\u00e1vio Ramos reuniu lideran\u00e7as, apoiadores e moradores de Juazeiro durante um encontro realizado nesta segunda-feira (31), no bairro Tabuleiro. A agenda marcou mais um momento de di\u00e1logo da campanha com a popula\u00e7\u00e3o do munic\u00edpio. Participaram do encontro a ex-prefeita de Juazeiro e primeira suplente ao Senado na chapa&hellip;","jetpack_sharing_enabled":true,"jetpack_likes_enabled":true,"_links":{"self":[{"href":"https:\/\/blogopara.com.br\/index.php\/wp-json\/wp\/v2\/posts\/88340","targetHints":{"allow":["GET"]}}],"collection":[{"href":"https:\/\/blogopara.com.br\/index.php\/wp-json\/wp\/v2\/posts"}],"about":[{"href":"https:\/\/blogopara.com.br\/index.php\/wp-json\/wp\/v2\/types\/post"}],"author":[{"embeddable":true,"href":"https:\/\/blogopara.com.br\/index.php\/wp-json\/wp\/v2\/users\/1"}],"replies":[{"embeddable":true,"href":"https:\/\/blogopara.com.br\/index.php\/wp-json\/wp\/v2\/comments?post=88340"}],"version-history":[{"count":1,"href":"https:\/\/blogopara.com.br\/index.php\/wp-json\/wp\/v2\/posts\/88340\/revisions"}],"predecessor-version":[{"id":88342,"href":"https:\/\/blogopara.com.br\/index.php\/wp-json\/wp\/v2\/posts\/88340\/revisions\/88342"}],"wp:featuredmedia":[{"embeddable":true,"href":"https:\/\/blogopara.com.br\/index.php\/wp-json\/wp\/v2\/media\/88341"}],"wp:attachment":[{"href":"https:\/\/blogopara.com.br\/index.php\/wp-json\/wp\/v2\/media?parent=88340"}],"wp:term":[{"taxonomy":"category","embeddable":true,"href":"https:\/\/blogopara.com.br\/index.php\/wp-json\/wp\/v2\/categories?post=88340"},{"taxonomy":"post_tag","embeddable":true,"href":"https:\/\/blogopara.com.br\/index.php\/wp-json\/wp\/v2\/tags?post=88340"}],"curies":[{"name":"wp","href":"https:\/\/api.w.org\/{rel}","templated":true}]}}