{"id":88343,"date":"2026-09-01T16:13:20","date_gmt":"2026-09-01T19:13:20","guid":{"rendered":"https:\/\/blogopara.com.br\/?p=88343"},"modified":"2026-09-01T16:13:20","modified_gmt":"2026-09-01T19:13:20","slug":"mendonca-ja-mapeia-votos-para-abertura-de-investigacao-contra-moraes-no-stf","status":"publish","type":"post","link":"https:\/\/blogopara.com.br\/index.php\/2026\/09\/01\/mendonca-ja-mapeia-votos-para-abertura-de-investigacao-contra-moraes-no-stf","title":{"rendered":"Mendon\u00e7a j\u00e1 mapeia votos para abertura de investiga\u00e7\u00e3o contra Moraes no STF"},"content":{"rendered":"<p class=\"my-5 break-words group-[.isActiveSource]:text-xl\">O ministro do STF (Supremo Tribunal Federal) Andr\u00e9 Mendon\u00e7a avaliou, em conversas com interlocutores, considerar graves as novas revela\u00e7\u00f5es que apontam que o ministro Alexandre de Moraes possa ter pedido ao procurador-geral da Rep\u00fablica, Paulo Gonet, e ao diretor-geral da Pol\u00edcia Federal, Andrei Rodrigues, prote\u00e7\u00e3o ao ex-banqueiro Daniel Vorcaro.<\/p>\n<p class=\"my-5 break-words group-[.isActiveSource]:text-xl\">Nesse sentido, ele avalia levar ao presidente do Supremo Tribunal Federal, Edson Fachin, um pedido formal de abertura de investiga\u00e7\u00e3o contra Moraes e j\u00e1 mapeia os votos que teria a favor da abertura da investiga\u00e7\u00e3o.<picture class=\"flex object-cover overflow-clip rounded-sm lg:w-full w-48 h-auto aspect-video [#manchete-section-one_&amp;]:mx-0\" role=\"presentation\" aria-hidden=\"true\"><\/picture><\/p>\n<p class=\"my-5 break-words group-[.isActiveSource]:text-xl\">Por se tratar de um ministro do STF, s\u00f3 o plen\u00e1rio da Corte pode autorizar a abertura de investiga\u00e7\u00e3o desse porte.<\/p>\n<p class=\"my-5 break-words group-[.isActiveSource]:text-xl\">Al\u00e9m das\u00a0<a class=\"text-red-600 underline hover:text-red-500 font-medium break-words group-[.isActiveSource]:text-xl\" href=\"https:\/\/www.cnnbrasil.com.br\/blogs\/matheus-teixeira\/politica\/mendonca-pede-a-pgr-informacao-sobre-suposta-mensagem-de-vorcaro-a-moraes\/\" target=\"_self\" rel=\"\">mensagens<\/a>, outra informa\u00e7\u00e3o \u00e9 considerada grave e pass\u00edvel de investiga\u00e7\u00e3o: a de que Moraes teria manuseado o contrato de R$ 129 milh\u00f5es do escrit\u00f3rio de sua esposa, Viviane Barci de Moraes, com o banqueiro.<\/p>\n<p class=\"my-5 break-words group-[.isActiveSource]:text-xl\">Mendon\u00e7a, segundo fontes, j\u00e1 vinha alertando Fachin de que havia ind\u00edcios de envolvimento direto de Moraes com Vorcaro.<\/p>\n<p class=\"my-5 break-words group-[.isActiveSource]:text-xl\">Seus aliados, inclusive, j\u00e1 v\u00eam mapeando votos caso haja o pedido formal de investiga\u00e7\u00e3o contra Moraes. A avalia\u00e7\u00e3o \u00e9 de que Moraes tem tr\u00eas votos garantidos: Cristiano Zanin, Fl\u00e1vio Dino e Gilmar Mendes. Mendon\u00e7a teria os de Edson Fachin, Nunes Marques e Luiz Fux. C\u00e1rmen L\u00facia \u00e9 d\u00favida \u2014 ela e o ministro nunca foram pr\u00f3ximos, mas a aposta \u00e9 de que ela votaria pela abertura da investiga\u00e7\u00e3o.<\/p>\n<p class=\"my-5 break-words group-[.isActiveSource]:text-xl\">H\u00e1 d\u00favida se Toffoli participaria da vota\u00e7\u00e3o por ser suspeito de envolvimento com Vorcaro, mas, caso participe, ele \u00e9 considerado um voto a favor da investiga\u00e7\u00e3o contra Moraes.<\/p>\n<p class=\"my-5 break-words group-[.isActiveSource]:text-xl\">Mendon\u00e7a e ele s\u00e3o pr\u00f3ximos, e a investiga\u00e7\u00e3o contra Toffoli n\u00e3o teria avan\u00e7ado. A leitura \u00e9 de que a rela\u00e7\u00e3o de Vorcaro com o resort da fam\u00edlia de Toffoli foi apenas uma transa\u00e7\u00e3o comercial.<\/p>\n","protected":false},"excerpt":{"rendered":"<p>O ministro do STF (Supremo Tribunal Federal) Andr\u00e9 Mendon\u00e7a avaliou, em conversas com interlocutores, considerar graves as novas revela\u00e7\u00f5es que apontam que o ministro Alexandre de Moraes possa ter pedido ao procurador-geral da Rep\u00fablica, Paulo Gonet, e ao diretor-geral da Pol\u00edcia Federal, Andrei Rodrigues, prote\u00e7\u00e3o ao ex-banqueiro Daniel Vorcaro. Nesse sentido, ele avalia levar ao [&hellip;]<\/p>\n","protected":false},"author":1,"featured_media":88344,"comment_status":"open","ping_status":"open","sticky":false,"template":"","format":"standard","meta":{"_uag_custom_page_level_css":"","_monsterinsights_skip_tracking":false,"_monsterinsights_sitenote_active":false,"_monsterinsights_sitenote_note":"","_monsterinsights_sitenote_category":0,"jetpack_post_was_ever_published":false,"_jetpack_newsletter_access":"","_jetpack_dont_email_post_to_subs":false,"_jetpack_newsletter_tier_id":0,"_jetpack_memberships_contains_paywalled_content":false,"_jetpack_memberships_contains_paid_content":false,"footnotes":"","jetpack_publicize_message":"","jetpack_publicize_feature_enabled":true,"jetpack_social_post_already_shared":true,"jetpack_social_options":{"image_generator_settings":{"template":"highway","default_image_id":0,"font":"","enabled":false},"version":2}},"categories":[200],"tags":[],"class_list":["post-88343","post","type-post","status-publish","format-standard","has-post-thumbnail","hentry","category-brasil"],"jetpack_publicize_connections":[],"jetpack_featured_media_url":"https:\/\/blogopara.com.br\/wp-content\/uploads\/2026\/09\/images.jpg","uagb_featured_image_src":{"full":["https:\/\/blogopara.com.br\/wp-content\/uploads\/2026\/09\/images.jpg",500,300,false],"thumbnail":["https:\/\/blogopara.com.br\/wp-content\/uploads\/2026\/09\/images-150x150.jpg",150,150,true],"medium":["https:\/\/blogopara.com.br\/wp-content\/uploads\/2026\/09\/images-300x180.jpg",300,180,true],"medium_large":["https:\/\/blogopara.com.br\/wp-content\/uploads\/2026\/09\/images.jpg",500,300,false],"large":["https:\/\/blogopara.com.br\/wp-content\/uploads\/2026\/09\/images.jpg",500,300,false],"1536x1536":["https:\/\/blogopara.com.br\/wp-content\/uploads\/2026\/09\/images.jpg",500,300,false],"2048x2048":["https:\/\/blogopara.com.br\/wp-content\/uploads\/2026\/09\/images.jpg",500,300,false],"mantranews-slider-large":["https:\/\/blogopara.com.br\/wp-content\/uploads\/2026\/09\/images.jpg",500,300,false],"mantranews-featured-medium":["https:\/\/blogopara.com.br\/wp-content\/uploads\/2026\/09\/images-420x300.jpg",420,300,true],"mantranews-featured-long":["https:\/\/blogopara.com.br\/wp-content\/uploads\/2026\/09\/images-300x300.jpg",300,300,true],"mantranews-block-medium":["https:\/\/blogopara.com.br\/wp-content\/uploads\/2026\/09\/images-464x290.jpg",464,290,true],"mantranews-carousel-image":["https:\/\/blogopara.com.br\/wp-content\/uploads\/2026\/09\/images.jpg",500,300,false],"mantranews-block-thumb":["https:\/\/blogopara.com.br\/wp-content\/uploads\/2026\/09\/images-322x230.jpg",322,230,true],"mantranews-single-large":["https:\/\/blogopara.com.br\/wp-content\/uploads\/2026\/09\/images.jpg",500,300,false]},"uagb_author_info":{"display_name":"Reda\u00e7\u00e3o geral","author_link":"https:\/\/blogopara.com.br\/index.php\/author\/blogopara"},"uagb_comment_info":0,"uagb_excerpt":"O ministro do STF (Supremo Tribunal Federal) Andr\u00e9 Mendon\u00e7a avaliou, em conversas com interlocutores, considerar graves as novas revela\u00e7\u00f5es que apontam que o ministro Alexandre de Moraes possa ter pedido ao procurador-geral da Rep\u00fablica, Paulo Gonet, e ao diretor-geral da Pol\u00edcia Federal, Andrei Rodrigues, prote\u00e7\u00e3o ao ex-banqueiro Daniel Vorcaro. Nesse sentido, ele avalia levar ao&hellip;","jetpack_sharing_enabled":true,"jetpack_likes_enabled":true,"_links":{"self":[{"href":"https:\/\/blogopara.com.br\/index.php\/wp-json\/wp\/v2\/posts\/88343","targetHints":{"allow":["GET"]}}],"collection":[{"href":"https:\/\/blogopara.com.br\/index.php\/wp-json\/wp\/v2\/posts"}],"about":[{"href":"https:\/\/blogopara.com.br\/index.php\/wp-json\/wp\/v2\/types\/post"}],"author":[{"embeddable":true,"href":"https:\/\/blogopara.com.br\/index.php\/wp-json\/wp\/v2\/users\/1"}],"replies":[{"embeddable":true,"href":"https:\/\/blogopara.com.br\/index.php\/wp-json\/wp\/v2\/comments?post=88343"}],"version-history":[{"count":1,"href":"https:\/\/blogopara.com.br\/index.php\/wp-json\/wp\/v2\/posts\/88343\/revisions"}],"predecessor-version":[{"id":88345,"href":"https:\/\/blogopara.com.br\/index.php\/wp-json\/wp\/v2\/posts\/88343\/revisions\/88345"}],"wp:featuredmedia":[{"embeddable":true,"href":"https:\/\/blogopara.com.br\/index.php\/wp-json\/wp\/v2\/media\/88344"}],"wp:attachment":[{"href":"https:\/\/blogopara.com.br\/index.php\/wp-json\/wp\/v2\/media?parent=88343"}],"wp:term":[{"taxonomy":"category","embeddable":true,"href":"https:\/\/blogopara.com.br\/index.php\/wp-json\/wp\/v2\/categories?post=88343"},{"taxonomy":"post_tag","embeddable":true,"href":"https:\/\/blogopara.com.br\/index.php\/wp-json\/wp\/v2\/tags?post=88343"}],"curies":[{"name":"wp","href":"https:\/\/api.w.org\/{rel}","templated":true}]}}