{"id":88352,"date":"2026-09-01T20:15:10","date_gmt":"2026-09-01T23:15:10","guid":{"rendered":"https:\/\/blogopara.com.br\/?p=88352"},"modified":"2026-09-01T20:15:10","modified_gmt":"2026-09-01T23:15:10","slug":"curaca-justica-determina-medidas-para-encerramento-de-lixao-em-curaca-a-pedido-do-mpba","status":"publish","type":"post","link":"https:\/\/blogopara.com.br\/index.php\/2026\/09\/01\/curaca-justica-determina-medidas-para-encerramento-de-lixao-em-curaca-a-pedido-do-mpba","title":{"rendered":"Cura\u00e7\u00e1: Justi\u00e7a determina medidas para encerramento de lix\u00e3o em Cura\u00e7\u00e1 a pedido do MPBA"},"content":{"rendered":"<div class=\"field field-name-title field-type-ds field-label-hidden\">\n<div class=\"field-items\">\n<div class=\"field-item even\">\n<h2><span style=\"color: #333333; font-size: 1rem;\">A pedido do Minist\u00e9rio P\u00fablico do Estado da Bahia, a Justi\u00e7a determinou a ado\u00e7\u00e3o de uma s\u00e9rie de medidas para regularizar a destina\u00e7\u00e3o de res\u00edduos s\u00f3lidos no Munic\u00edpio de Cura\u00e7\u00e1. Segundo a promotora de Justi\u00e7a Heline Esteves Alves, autora da a\u00e7\u00e3o, o Munic\u00edpio mant\u00e9m um lix\u00e3o a c\u00e9u aberto h\u00e1 mais de uma d\u00e9cada, o que ocasiona riscos ao meio ambiente e \u00e0 sa\u00fade da popula\u00e7\u00e3o.\u00a0\u00a0<\/span><\/h2>\n<\/div>\n<\/div>\n<\/div>\n<div class=\"field field-name-body field-type-text-with-summary field-label-hidden\">\n<div class=\"field-items\">\n<div class=\"field-item even\">\n<p class=\"rtejustify\">\nNa senten\u00e7a, do dia 16 de janeiro, o juiz Eduardo Soares Bonfim determinou o isolamento da \u00e1rea do lix\u00e3o, com cercamento e controle permanente de acesso; a proibi\u00e7\u00e3o do lan\u00e7amento e da queima de res\u00edduos; e a instala\u00e7\u00e3o de placas de advert\u00eancia e a organiza\u00e7\u00e3o, compacta\u00e7\u00e3o e recobrimento do lixo j\u00e1 depositado. Tamb\u00e9m foi ordenado o cadastramento dos catadores que atuam no local, com fornecimento de equipamentos de prote\u00e7\u00e3o individual e encaminhamento a programas assistenciais e de sa\u00fade.<\/p>\n<p>Al\u00e9m disso, o Munic\u00edpio deve construir um aterro sanit\u00e1rio em local tecnicamente adequado no prazo m\u00e1ximo de dois anos; e dever\u00e1 elaborar e executar um Plano de Recupera\u00e7\u00e3o de \u00c1rea Degradada (PRAD), que dever\u00e1 ser submetido ao Instituto do Meio Ambiente e Recursos H\u00eddricos (Inema), com cronograma e m\u00e9todos definidos para a recomposi\u00e7\u00e3o ambiental da \u00e1rea afetada.<\/p>\n<p>\u201cA expectativa da senten\u00e7a \u00e9 solucionar um grave problema ambiental, resultante da disposi\u00e7\u00e3o irregular de res\u00edduos s\u00f3lidos no lix\u00e3o, que vem sendo agravada pelas constantes queimadas de lixo no local. E isso vem ocasionando s\u00e9rios problemas \u00e0 popula\u00e7\u00e3o, em especial crian\u00e7as e idosos\u201d, destacou a promotora de Justi\u00e7a. Em raz\u00e3o dos danos causados \u00e0 coletividade, o Munic\u00edpio foi condenado ao pagamento de indeniza\u00e7\u00e3o por dano moral coletivo no valor de R$ 50 mil, a ser destinada ao Fundo Estadual de Recursos para o Meio Ambiente.lixao<\/p>\n<\/div>\n<\/div>\n<\/div>\n","protected":false},"excerpt":{"rendered":"<p>A pedido do Minist\u00e9rio P\u00fablico do Estado da Bahia, a Justi\u00e7a determinou a ado\u00e7\u00e3o de uma s\u00e9rie de medidas para regularizar a destina\u00e7\u00e3o de res\u00edduos s\u00f3lidos no Munic\u00edpio de Cura\u00e7\u00e1. Segundo a promotora de Justi\u00e7a Heline Esteves Alves, autora da a\u00e7\u00e3o, o Munic\u00edpio mant\u00e9m um lix\u00e3o a c\u00e9u aberto h\u00e1 mais de uma d\u00e9cada, o [&hellip;]<\/p>\n","protected":false},"author":1,"featured_media":88353,"comment_status":"open","ping_status":"open","sticky":false,"template":"","format":"standard","meta":{"_uag_custom_page_level_css":"","_monsterinsights_skip_tracking":false,"_monsterinsights_sitenote_active":false,"_monsterinsights_sitenote_note":"","_monsterinsights_sitenote_category":0,"jetpack_post_was_ever_published":false,"_jetpack_newsletter_access":"","_jetpack_dont_email_post_to_subs":false,"_jetpack_newsletter_tier_id":0,"_jetpack_memberships_contains_paywalled_content":false,"_jetpack_memberships_contains_paid_content":false,"footnotes":"","jetpack_publicize_message":"","jetpack_publicize_feature_enabled":true,"jetpack_social_post_already_shared":true,"jetpack_social_options":{"image_generator_settings":{"template":"highway","default_image_id":0,"font":"","enabled":false},"version":2}},"categories":[199],"tags":[11790,10193],"class_list":["post-88352","post","type-post","status-publish","format-standard","has-post-thumbnail","hentry","category-bahia","tag-gestao-de-murilo-bomfim","tag-murilo-bomfim"],"jetpack_publicize_connections":[],"jetpack_featured_media_url":"https:\/\/blogopara.com.br\/wp-content\/uploads\/2026\/09\/images-1.jpg","uagb_featured_image_src":{"full":["https:\/\/blogopara.com.br\/wp-content\/uploads\/2026\/09\/images-1.jpg",500,276,false],"thumbnail":["https:\/\/blogopara.com.br\/wp-content\/uploads\/2026\/09\/images-1-150x150.jpg",150,150,true],"medium":["https:\/\/blogopara.com.br\/wp-content\/uploads\/2026\/09\/images-1-300x166.jpg",300,166,true],"medium_large":["https:\/\/blogopara.com.br\/wp-content\/uploads\/2026\/09\/images-1.jpg",500,276,false],"large":["https:\/\/blogopara.com.br\/wp-content\/uploads\/2026\/09\/images-1.jpg",500,276,false],"1536x1536":["https:\/\/blogopara.com.br\/wp-content\/uploads\/2026\/09\/images-1.jpg",500,276,false],"2048x2048":["https:\/\/blogopara.com.br\/wp-content\/uploads\/2026\/09\/images-1.jpg",500,276,false],"mantranews-slider-large":["https:\/\/blogopara.com.br\/wp-content\/uploads\/2026\/09\/images-1.jpg",500,276,false],"mantranews-featured-medium":["https:\/\/blogopara.com.br\/wp-content\/uploads\/2026\/09\/images-1-420x276.jpg",420,276,true],"mantranews-featured-long":["https:\/\/blogopara.com.br\/wp-content\/uploads\/2026\/09\/images-1-300x276.jpg",300,276,true],"mantranews-block-medium":["https:\/\/blogopara.com.br\/wp-content\/uploads\/2026\/09\/images-1-464x276.jpg",464,276,true],"mantranews-carousel-image":["https:\/\/blogopara.com.br\/wp-content\/uploads\/2026\/09\/images-1.jpg",500,276,false],"mantranews-block-thumb":["https:\/\/blogopara.com.br\/wp-content\/uploads\/2026\/09\/images-1-322x230.jpg",322,230,true],"mantranews-single-large":["https:\/\/blogopara.com.br\/wp-content\/uploads\/2026\/09\/images-1.jpg",500,276,false]},"uagb_author_info":{"display_name":"Reda\u00e7\u00e3o geral","author_link":"https:\/\/blogopara.com.br\/index.php\/author\/blogopara"},"uagb_comment_info":0,"uagb_excerpt":"A pedido do Minist\u00e9rio P\u00fablico do Estado da Bahia, a Justi\u00e7a determinou a ado\u00e7\u00e3o de uma s\u00e9rie de medidas para regularizar a destina\u00e7\u00e3o de res\u00edduos s\u00f3lidos no Munic\u00edpio de Cura\u00e7\u00e1. Segundo a promotora de Justi\u00e7a Heline Esteves Alves, autora da a\u00e7\u00e3o, o Munic\u00edpio mant\u00e9m um lix\u00e3o a c\u00e9u aberto h\u00e1 mais de uma d\u00e9cada, o&hellip;","jetpack_sharing_enabled":true,"jetpack_likes_enabled":true,"_links":{"self":[{"href":"https:\/\/blogopara.com.br\/index.php\/wp-json\/wp\/v2\/posts\/88352","targetHints":{"allow":["GET"]}}],"collection":[{"href":"https:\/\/blogopara.com.br\/index.php\/wp-json\/wp\/v2\/posts"}],"about":[{"href":"https:\/\/blogopara.com.br\/index.php\/wp-json\/wp\/v2\/types\/post"}],"author":[{"embeddable":true,"href":"https:\/\/blogopara.com.br\/index.php\/wp-json\/wp\/v2\/users\/1"}],"replies":[{"embeddable":true,"href":"https:\/\/blogopara.com.br\/index.php\/wp-json\/wp\/v2\/comments?post=88352"}],"version-history":[{"count":1,"href":"https:\/\/blogopara.com.br\/index.php\/wp-json\/wp\/v2\/posts\/88352\/revisions"}],"predecessor-version":[{"id":88354,"href":"https:\/\/blogopara.com.br\/index.php\/wp-json\/wp\/v2\/posts\/88352\/revisions\/88354"}],"wp:featuredmedia":[{"embeddable":true,"href":"https:\/\/blogopara.com.br\/index.php\/wp-json\/wp\/v2\/media\/88353"}],"wp:attachment":[{"href":"https:\/\/blogopara.com.br\/index.php\/wp-json\/wp\/v2\/media?parent=88352"}],"wp:term":[{"taxonomy":"category","embeddable":true,"href":"https:\/\/blogopara.com.br\/index.php\/wp-json\/wp\/v2\/categories?post=88352"},{"taxonomy":"post_tag","embeddable":true,"href":"https:\/\/blogopara.com.br\/index.php\/wp-json\/wp\/v2\/tags?post=88352"}],"curies":[{"name":"wp","href":"https:\/\/api.w.org\/{rel}","templated":true}]}}