{"id":88361,"date":"2026-09-02T15:33:03","date_gmt":"2026-09-02T18:33:03","guid":{"rendered":"https:\/\/blogopara.com.br\/?p=88361"},"modified":"2026-09-02T15:33:03","modified_gmt":"2026-09-02T18:33:03","slug":"prefeitura-de-juazeiro-promove-acoes-de-conscientizacao-e-atendimento-durante-semana-nacional-da-pessoa-com-deficiencia","status":"publish","type":"post","link":"https:\/\/blogopara.com.br\/index.php\/2026\/09\/02\/prefeitura-de-juazeiro-promove-acoes-de-conscientizacao-e-atendimento-durante-semana-nacional-da-pessoa-com-deficiencia","title":{"rendered":"Prefeitura de Juazeiro promove a\u00e7\u00f5es de conscientiza\u00e7\u00e3o e atendimento durante Semana Nacional da Pessoa com Defici\u00eancia"},"content":{"rendered":"<p>Promover o di\u00e1logo, combater o capacitismo e ampliar o acesso a direitos e servi\u00e7os para pessoas com defici\u00eancia (PCD) e seus familiares foram alguns dos objetivos das a\u00e7\u00f5es realizadas pela Prefeitura de Juazeiro durante a Semana Nacional da Pessoa com Defici\u00eancia Intelectual e M\u00faltipla, realizada entre os dias 21 e 28 de agosto.<\/p>\n<p>A programa\u00e7\u00e3o foi desenvolvida pela Prefeitura de Juazeiro, por meio da Secretaria de Desenvolvimento Social, Diversidade, Igualdade Racial e Combate \u00e0 Fome (Sedes), atrav\u00e9s da Ger\u00eancia PCD e Mobilidade Reduzida, com atividades voltadas \u00e0 conscientiza\u00e7\u00e3o, informa\u00e7\u00e3o e garantia de direitos.<\/p>\n<p>As a\u00e7\u00f5es come\u00e7aram com uma roda de conversa no CRAS Quid\u00e9, onde usu\u00e1rios do servi\u00e7o tiveram a oportunidade de dialogar sobre a realidade das pessoas com defici\u00eancia, os desafios enfrentados no cotidiano e a import\u00e2ncia do combate ao capacitismo. O encontro tamb\u00e9m abriu espa\u00e7o para escuta e troca de experi\u00eancias entre a equipe da Sedes, usu\u00e1rios e familiares.<\/p>\n<p>Dando continuidade \u00e0 programa\u00e7\u00e3o, na \u00faltima quinta-feira (27), a equipe da Ger\u00eancia PCD e Mobilidade Reduzida esteve na Escola Municipal Professora Terezinha para uma nova roda de conversa. O encontro abordou o capacitismo e as dificuldades que atravessam a vida das pessoas com defici\u00eancia e de seus familiares, promovendo reflex\u00e3o sobre preconceito, acessibilidade, respeito e inclus\u00e3o.<\/p>\n<p>\u201cFalar sobre defici\u00eancia tamb\u00e9m \u00e9 falar sobre direitos, respeito e inclus\u00e3o. As rodas de conversa foram momentos importantes para ouvirmos as fam\u00edlias, dialogarmos sobre o capacitismo e mostrarmos que muitas barreiras enfrentadas pelas pessoas com defici\u00eancia n\u00e3o est\u00e3o na defici\u00eancia em si, mas na falta de acessibilidade, informa\u00e7\u00e3o e, principalmente, no preconceito. Nosso trabalho \u00e9 fortalecer esse di\u00e1logo e contribuir para uma sociedade em que todas as pessoas tenham seus direitos respeitados\u201d, destacou o gerente PCD e Mobilidade Reduzida da Sedes, Thiago Pacheco.<\/p>\n<p>Al\u00e9m das atividades de conscientiza\u00e7\u00e3o, a programa\u00e7\u00e3o tamb\u00e9m contou com um plant\u00e3o de atendimento sobre o Benef\u00edcio de Presta\u00e7\u00e3o Continuada (BPC\/Loas) no CRAS do bairro Tabuleiro. A iniciativa teve como objetivo orientar a popula\u00e7\u00e3o sobre o benef\u00edcio, esclarecer d\u00favidas e facilitar o acesso \u00e0s informa\u00e7\u00f5es para pessoas que buscam esse direito.<\/p>\n<p>Texto: Eudes Sampaio \u2013 Ascom\/PMJ<\/p>\n","protected":false},"excerpt":{"rendered":"<p>Promover o di\u00e1logo, combater o capacitismo e ampliar o acesso a direitos e servi\u00e7os para pessoas com defici\u00eancia (PCD) e seus familiares foram alguns dos objetivos das a\u00e7\u00f5es realizadas pela Prefeitura de Juazeiro durante a Semana Nacional da Pessoa com Defici\u00eancia Intelectual e M\u00faltipla, realizada entre os dias 21 e 28 de agosto. A programa\u00e7\u00e3o [&hellip;]<\/p>\n","protected":false},"author":1,"featured_media":88362,"comment_status":"open","ping_status":"open","sticky":false,"template":"","format":"standard","meta":{"_uag_custom_page_level_css":"","_monsterinsights_skip_tracking":false,"_monsterinsights_sitenote_active":false,"_monsterinsights_sitenote_note":"","_monsterinsights_sitenote_category":0,"jetpack_post_was_ever_published":false,"_jetpack_newsletter_access":"","_jetpack_dont_email_post_to_subs":false,"_jetpack_newsletter_tier_id":0,"_jetpack_memberships_contains_paywalled_content":false,"_jetpack_memberships_contains_paid_content":false,"footnotes":"","jetpack_publicize_message":"","jetpack_publicize_feature_enabled":true,"jetpack_social_post_already_shared":true,"jetpack_social_options":{"image_generator_settings":{"template":"highway","default_image_id":0,"font":"","enabled":false},"version":2}},"categories":[205],"tags":[],"class_list":["post-88361","post","type-post","status-publish","format-standard","has-post-thumbnail","hentry","category-saude"],"jetpack_publicize_connections":[],"jetpack_featured_media_url":"https:\/\/blogopara.com.br\/wp-content\/uploads\/2026\/09\/WhatsApp-Image-2026-08-27-at-22.40.39.jpeg","uagb_featured_image_src":{"full":["https:\/\/blogopara.com.br\/wp-content\/uploads\/2026\/09\/WhatsApp-Image-2026-08-27-at-22.40.39.jpeg",500,375,false],"thumbnail":["https:\/\/blogopara.com.br\/wp-content\/uploads\/2026\/09\/WhatsApp-Image-2026-08-27-at-22.40.39-150x150.jpeg",150,150,true],"medium":["https:\/\/blogopara.com.br\/wp-content\/uploads\/2026\/09\/WhatsApp-Image-2026-08-27-at-22.40.39-300x225.jpeg",300,225,true],"medium_large":["https:\/\/blogopara.com.br\/wp-content\/uploads\/2026\/09\/WhatsApp-Image-2026-08-27-at-22.40.39.jpeg",500,375,false],"large":["https:\/\/blogopara.com.br\/wp-content\/uploads\/2026\/09\/WhatsApp-Image-2026-08-27-at-22.40.39.jpeg",500,375,false],"1536x1536":["https:\/\/blogopara.com.br\/wp-content\/uploads\/2026\/09\/WhatsApp-Image-2026-08-27-at-22.40.39.jpeg",500,375,false],"2048x2048":["https:\/\/blogopara.com.br\/wp-content\/uploads\/2026\/09\/WhatsApp-Image-2026-08-27-at-22.40.39.jpeg",500,375,false],"mantranews-slider-large":["https:\/\/blogopara.com.br\/wp-content\/uploads\/2026\/09\/WhatsApp-Image-2026-08-27-at-22.40.39.jpeg",500,375,false],"mantranews-featured-medium":["https:\/\/blogopara.com.br\/wp-content\/uploads\/2026\/09\/WhatsApp-Image-2026-08-27-at-22.40.39-420x307.jpeg",420,307,true],"mantranews-featured-long":["https:\/\/blogopara.com.br\/wp-content\/uploads\/2026\/09\/WhatsApp-Image-2026-08-27-at-22.40.39-300x375.jpeg",300,375,true],"mantranews-block-medium":["https:\/\/blogopara.com.br\/wp-content\/uploads\/2026\/09\/WhatsApp-Image-2026-08-27-at-22.40.39-464x290.jpeg",464,290,true],"mantranews-carousel-image":["https:\/\/blogopara.com.br\/wp-content\/uploads\/2026\/09\/WhatsApp-Image-2026-08-27-at-22.40.39.jpeg",500,375,false],"mantranews-block-thumb":["https:\/\/blogopara.com.br\/wp-content\/uploads\/2026\/09\/WhatsApp-Image-2026-08-27-at-22.40.39-322x230.jpeg",322,230,true],"mantranews-single-large":["https:\/\/blogopara.com.br\/wp-content\/uploads\/2026\/09\/WhatsApp-Image-2026-08-27-at-22.40.39.jpeg",500,375,false]},"uagb_author_info":{"display_name":"Reda\u00e7\u00e3o geral","author_link":"https:\/\/blogopara.com.br\/index.php\/author\/blogopara"},"uagb_comment_info":0,"uagb_excerpt":"Promover o di\u00e1logo, combater o capacitismo e ampliar o acesso a direitos e servi\u00e7os para pessoas com defici\u00eancia (PCD) e seus familiares foram alguns dos objetivos das a\u00e7\u00f5es realizadas pela Prefeitura de Juazeiro durante a Semana Nacional da Pessoa com Defici\u00eancia Intelectual e M\u00faltipla, realizada entre os dias 21 e 28 de agosto. A programa\u00e7\u00e3o&hellip;","jetpack_sharing_enabled":true,"jetpack_likes_enabled":true,"_links":{"self":[{"href":"https:\/\/blogopara.com.br\/index.php\/wp-json\/wp\/v2\/posts\/88361","targetHints":{"allow":["GET"]}}],"collection":[{"href":"https:\/\/blogopara.com.br\/index.php\/wp-json\/wp\/v2\/posts"}],"about":[{"href":"https:\/\/blogopara.com.br\/index.php\/wp-json\/wp\/v2\/types\/post"}],"author":[{"embeddable":true,"href":"https:\/\/blogopara.com.br\/index.php\/wp-json\/wp\/v2\/users\/1"}],"replies":[{"embeddable":true,"href":"https:\/\/blogopara.com.br\/index.php\/wp-json\/wp\/v2\/comments?post=88361"}],"version-history":[{"count":1,"href":"https:\/\/blogopara.com.br\/index.php\/wp-json\/wp\/v2\/posts\/88361\/revisions"}],"predecessor-version":[{"id":88363,"href":"https:\/\/blogopara.com.br\/index.php\/wp-json\/wp\/v2\/posts\/88361\/revisions\/88363"}],"wp:featuredmedia":[{"embeddable":true,"href":"https:\/\/blogopara.com.br\/index.php\/wp-json\/wp\/v2\/media\/88362"}],"wp:attachment":[{"href":"https:\/\/blogopara.com.br\/index.php\/wp-json\/wp\/v2\/media?parent=88361"}],"wp:term":[{"taxonomy":"category","embeddable":true,"href":"https:\/\/blogopara.com.br\/index.php\/wp-json\/wp\/v2\/categories?post=88361"},{"taxonomy":"post_tag","embeddable":true,"href":"https:\/\/blogopara.com.br\/index.php\/wp-json\/wp\/v2\/tags?post=88361"}],"curies":[{"name":"wp","href":"https:\/\/api.w.org\/{rel}","templated":true}]}}