{"id":88364,"date":"2026-09-02T16:21:26","date_gmt":"2026-09-02T19:21:26","guid":{"rendered":"https:\/\/blogopara.com.br\/?p=88364"},"modified":"2026-09-02T16:21:26","modified_gmt":"2026-09-02T19:21:26","slug":"perseguicao-a-juvenilson-passos-expoe-os-limites-do-jogo-politico-e-afronta-a-democracia","status":"publish","type":"post","link":"https:\/\/blogopara.com.br\/index.php\/2026\/09\/02\/perseguicao-a-juvenilson-passos-expoe-os-limites-do-jogo-politico-e-afronta-a-democracia","title":{"rendered":"Persegui\u00e7\u00e3o a Juvenilson Passos exp\u00f5e os limites do jogo pol\u00edtico e afronta a democracia"},"content":{"rendered":"<p class=\"isSelectedEnd\">A disputa eleitoral na regi\u00e3o come\u00e7a a revelar um lado preocupante: quando o confronto de ideias d\u00e1 lugar \u00e0 tentativa de silenciar advers\u00e1rios. O candidato a deputado estadual Juvenilson Passos (PT),\u00a0 vem enfrentando uma sequ\u00eancia de ataques desde a pr\u00e9-campanha e, agora, foi atingido por uma medida que ultrapassa o campo do debate pol\u00edtico: sua conta no Instagram ficou indispon\u00edvel por um per\u00edodo.<\/p>\n<p class=\"isSelectedEnd\">N\u00e3o h\u00e1 confirma\u00e7\u00e3o p\u00fablica sobre quem teria provocado a derrubada ou sobre a exist\u00eancia de uma a\u00e7\u00e3o coordenada. Entretanto, diante do hist\u00f3rico de ataques relatados pela candidatura, a suspeita de que a medida possa ter sido resultado de uma a\u00e7\u00e3o organizada por opositores precisa ser apurada \u2014 e n\u00e3o simplesmente ignorada.<\/p>\n<p class=\"isSelectedEnd\">\u00c9 justamente por isso que o epis\u00f3dio merece aten\u00e7\u00e3o. Em uma democracia, advers\u00e1rios devem ser enfrentados nas urnas, no debate p\u00fablico, nas propostas e na capacidade de convencer o eleitor. Derrubar perfis, disseminar ataques pessoais, promover campanhas de desinforma\u00e7\u00e3o ou tentar inviabilizar a comunica\u00e7\u00e3o de um candidato s\u00e3o pr\u00e1ticas que, se comprovadamente articuladas com finalidade pol\u00edtica, representam uma grave distor\u00e7\u00e3o do processo eleitoral.<\/p>\n<p class=\"isSelectedEnd\">A pol\u00edtica pode \u2014 e deve \u2014 ser dura. O contradit\u00f3rio faz parte da democracia. Cr\u00edticas, den\u00fancias e cobran\u00e7as s\u00e3o leg\u00edtimas. O que n\u00e3o pode ser normalizado \u00e9 a transforma\u00e7\u00e3o da disputa eleitoral em uma guerra de intimida\u00e7\u00e3o.<\/p>\n<p class=\"isSelectedEnd\">Se a oposi\u00e7\u00e3o acredita que Juvenilson n\u00e3o merece o voto do eleitor, que dispute com ele nas ruas, nos debates e nas urnas. A democracia n\u00e3o precisa de advers\u00e1rios calados; precisa de ideias em confronto e de eleitores livres para escolher.<\/p>\n<p>Somente os med\u00edocres e analfabetos do jogo politico, n\u00e3o sabem que o col\u00e9gio eleitoral de Juazeiro, tem cerca de 160 mil eleitores, votos suficientes para eleger pelo menos 4 deputados estaduais.<\/p>\n","protected":false},"excerpt":{"rendered":"<p>A disputa eleitoral na regi\u00e3o come\u00e7a a revelar um lado preocupante: quando o confronto de ideias d\u00e1 lugar \u00e0 tentativa de silenciar advers\u00e1rios. O candidato a deputado estadual Juvenilson Passos (PT),\u00a0 vem enfrentando uma sequ\u00eancia de ataques desde a pr\u00e9-campanha e, agora, foi atingido por uma medida que ultrapassa o campo do debate pol\u00edtico: sua [&hellip;]<\/p>\n","protected":false},"author":1,"featured_media":88312,"comment_status":"open","ping_status":"open","sticky":false,"template":"","format":"standard","meta":{"_uag_custom_page_level_css":"","_monsterinsights_skip_tracking":false,"_monsterinsights_sitenote_active":false,"_monsterinsights_sitenote_note":"","_monsterinsights_sitenote_category":0,"jetpack_post_was_ever_published":false,"_jetpack_newsletter_access":"","_jetpack_dont_email_post_to_subs":false,"_jetpack_newsletter_tier_id":0,"_jetpack_memberships_contains_paywalled_content":false,"_jetpack_memberships_contains_paid_content":false,"footnotes":"","jetpack_publicize_message":"","jetpack_publicize_feature_enabled":true,"jetpack_social_post_already_shared":true,"jetpack_social_options":{"image_generator_settings":{"template":"highway","default_image_id":0,"font":"","enabled":false},"version":2}},"categories":[197],"tags":[11346,11115],"class_list":["post-88364","post","type-post","status-publish","format-standard","has-post-thumbnail","hentry","category-politica","tag-ana-passos","tag-juvenilson-passos"],"jetpack_publicize_connections":[],"jetpack_featured_media_url":"https:\/\/blogopara.com.br\/wp-content\/uploads\/2026\/09\/Juvenilson.jpg.jpeg","uagb_featured_image_src":{"full":["https:\/\/blogopara.com.br\/wp-content\/uploads\/2026\/09\/Juvenilson.jpg.jpeg",500,437,false],"thumbnail":["https:\/\/blogopara.com.br\/wp-content\/uploads\/2026\/09\/Juvenilson.jpg-150x150.jpeg",150,150,true],"medium":["https:\/\/blogopara.com.br\/wp-content\/uploads\/2026\/09\/Juvenilson.jpg-300x262.jpeg",300,262,true],"medium_large":["https:\/\/blogopara.com.br\/wp-content\/uploads\/2026\/09\/Juvenilson.jpg.jpeg",500,437,false],"large":["https:\/\/blogopara.com.br\/wp-content\/uploads\/2026\/09\/Juvenilson.jpg.jpeg",500,437,false],"1536x1536":["https:\/\/blogopara.com.br\/wp-content\/uploads\/2026\/09\/Juvenilson.jpg.jpeg",500,437,false],"2048x2048":["https:\/\/blogopara.com.br\/wp-content\/uploads\/2026\/09\/Juvenilson.jpg.jpeg",500,437,false],"mantranews-slider-large":["https:\/\/blogopara.com.br\/wp-content\/uploads\/2026\/09\/Juvenilson.jpg.jpeg",500,437,false],"mantranews-featured-medium":["https:\/\/blogopara.com.br\/wp-content\/uploads\/2026\/09\/Juvenilson.jpg-420x307.jpeg",420,307,true],"mantranews-featured-long":["https:\/\/blogopara.com.br\/wp-content\/uploads\/2026\/09\/Juvenilson.jpg-300x437.jpeg",300,437,true],"mantranews-block-medium":["https:\/\/blogopara.com.br\/wp-content\/uploads\/2026\/09\/Juvenilson.jpg-464x290.jpeg",464,290,true],"mantranews-carousel-image":["https:\/\/blogopara.com.br\/wp-content\/uploads\/2026\/09\/Juvenilson.jpg.jpeg",500,437,false],"mantranews-block-thumb":["https:\/\/blogopara.com.br\/wp-content\/uploads\/2026\/09\/Juvenilson.jpg-322x230.jpeg",322,230,true],"mantranews-single-large":["https:\/\/blogopara.com.br\/wp-content\/uploads\/2026\/09\/Juvenilson.jpg.jpeg",500,437,false]},"uagb_author_info":{"display_name":"Reda\u00e7\u00e3o geral","author_link":"https:\/\/blogopara.com.br\/index.php\/author\/blogopara"},"uagb_comment_info":0,"uagb_excerpt":"A disputa eleitoral na regi\u00e3o come\u00e7a a revelar um lado preocupante: quando o confronto de ideias d\u00e1 lugar \u00e0 tentativa de silenciar advers\u00e1rios. O candidato a deputado estadual Juvenilson Passos (PT),\u00a0 vem enfrentando uma sequ\u00eancia de ataques desde a pr\u00e9-campanha e, agora, foi atingido por uma medida que ultrapassa o campo do debate pol\u00edtico: sua&hellip;","jetpack_sharing_enabled":true,"jetpack_likes_enabled":true,"_links":{"self":[{"href":"https:\/\/blogopara.com.br\/index.php\/wp-json\/wp\/v2\/posts\/88364","targetHints":{"allow":["GET"]}}],"collection":[{"href":"https:\/\/blogopara.com.br\/index.php\/wp-json\/wp\/v2\/posts"}],"about":[{"href":"https:\/\/blogopara.com.br\/index.php\/wp-json\/wp\/v2\/types\/post"}],"author":[{"embeddable":true,"href":"https:\/\/blogopara.com.br\/index.php\/wp-json\/wp\/v2\/users\/1"}],"replies":[{"embeddable":true,"href":"https:\/\/blogopara.com.br\/index.php\/wp-json\/wp\/v2\/comments?post=88364"}],"version-history":[{"count":1,"href":"https:\/\/blogopara.com.br\/index.php\/wp-json\/wp\/v2\/posts\/88364\/revisions"}],"predecessor-version":[{"id":88365,"href":"https:\/\/blogopara.com.br\/index.php\/wp-json\/wp\/v2\/posts\/88364\/revisions\/88365"}],"wp:featuredmedia":[{"embeddable":true,"href":"https:\/\/blogopara.com.br\/index.php\/wp-json\/wp\/v2\/media\/88312"}],"wp:attachment":[{"href":"https:\/\/blogopara.com.br\/index.php\/wp-json\/wp\/v2\/media?parent=88364"}],"wp:term":[{"taxonomy":"category","embeddable":true,"href":"https:\/\/blogopara.com.br\/index.php\/wp-json\/wp\/v2\/categories?post=88364"},{"taxonomy":"post_tag","embeddable":true,"href":"https:\/\/blogopara.com.br\/index.php\/wp-json\/wp\/v2\/tags?post=88364"}],"curies":[{"name":"wp","href":"https:\/\/api.w.org\/{rel}","templated":true}]}}