{"id":88366,"date":"2026-09-02T16:35:14","date_gmt":"2026-09-02T19:35:14","guid":{"rendered":"https:\/\/blogopara.com.br\/?p=88366"},"modified":"2026-09-02T16:35:14","modified_gmt":"2026-09-02T19:35:14","slug":"vorcaro-diz-que-sofreu-tortura-psicologica-maus-tratos-e-ameacas-na-prisao-para-nao-delatar","status":"publish","type":"post","link":"https:\/\/blogopara.com.br\/index.php\/2026\/09\/02\/vorcaro-diz-que-sofreu-tortura-psicologica-maus-tratos-e-ameacas-na-prisao-para-nao-delatar","title":{"rendered":"Vorcaro diz que sofreu tortura psicol\u00f3gica, maus tratos e amea\u00e7as na pris\u00e3o para n\u00e3o delatar"},"content":{"rendered":"<p>O ex-banqueiro\u00a0Daniel Vorcaro\u00a0afirmou em\u00a0depoimento ao gabinete\u00a0do ministro do\u00a0STF\u00a0(Supremo Tribunal Federal)\u00a0Andr\u00e9 Mendon\u00e7a\u00a0que sofreu tortura psicol\u00f3gica, maus tratos e amea\u00e7as veladas na pris\u00e3o para n\u00e3o relatar fatos ligados \u00e0 PF (Pol\u00edcia Federal) em uma eventual\u00a0dela\u00e7\u00e3o premiada.<\/p>\n<p>O depoimento foi dado a um juiz auxiliar do gabinete de Mendon\u00e7a e gravado em v\u00eddeo.<\/p>\n<p>O dono do\u00a0Banco Master\u00a0disse que, em sua opini\u00e3o, era por isso que a PF n\u00e3o aceitava a dela\u00e7\u00e3o premiada que ele tenta fazer desde que foi detido, em mar\u00e7o.<\/p>\n<p>A coluna apurou que ele citou o nome do diretor-geral da PF,\u00a0Andrei Rodrigues.<\/p>\n<p>Procurados, o advogado de Vorcaro, Daniel Bialski, e o diretor-geral da PF n\u00e3o retornaram \u00e0 coluna.<\/p>\n<p>Interlocutores de Andrei Rodrigues, no entanto, afirmam que ele jamais teve rela\u00e7\u00e3o com Vorcaro e que ambos se encontraram apenas uma vez e casualmente, em Londres, em um\u00a0semin\u00e1rio jur\u00eddico organizado pelo grupo Voto.<\/p>\n<p>O Banco Master patrocinou o evento, mas isso n\u00e3o era divulgado.<\/p>\n<p>Agentes afirmam ainda \u00e0 coluna que Vorcaro poderia perfeitamente ter procurado a PGR (Procuradoria-Geral da Rep\u00fablica) para fechar uma dela\u00e7\u00e3o sem a PF.<\/p>\n<p>O depoimento est\u00e1 sendo visto como uma manobra combinada com o gabinete de Mendon\u00e7a para que a dela\u00e7\u00e3o seja feita sem a participa\u00e7\u00e3o da PF, e com integrantes da PGR aceitos por ele.<\/p>\n<p>Mendon\u00e7a confirmou nesta quarta (2) que houve um recente depoimento de Vorcaro, preso pelo esc\u00e2ndalo do Master, com presen\u00e7a do\u00a0Minist\u00e9rio P\u00fablico\u00a0e sem a\u00a0Pol\u00edcia Federal\u00a0(PF).<\/p>\n<div>\n<div id=\"banner-bottom-materia\"><\/div>\n<\/div>\n<p>De acordo com nota publicada na tarde desta quarta-feira (2), por meio de sua assessoria de imprensa, n\u00e3o foram abordados temas relacionados a seu colega de corte\u00a0Alexandre de Moraes.<\/p>\n<p>Moraes est\u00e1 no centro de uma das mais graves crises da hist\u00f3ria do Supremo, ap\u00f3s a revela\u00e7\u00e3o de que o ministro mantinha contato com Vorcaro e\u00a0tratava com o ex-banqueiro justamente das investiga\u00e7\u00f5es contra o Master.<\/p>\n<p>O depoimento no gabinete de Mendon\u00e7a, relator da investiga\u00e7\u00e3o do Master no Supremo, sem a PF, foi revelado pelo jornal\u00a0O Globo.<\/p>\n<p>&#8220;O depoimento foi realizado por requerimento expresso da defesa do depoente, que relatou estar sofrendo graves intimida\u00e7\u00f5es e solicitou ser ouvido com urg\u00eancia. Trata-se de ato processual regular, conduzido por juiz auxiliar&#8221;, afirmou o ministro, por meio de nota.<\/p>\n","protected":false},"excerpt":{"rendered":"<p>O ex-banqueiro\u00a0Daniel Vorcaro\u00a0afirmou em\u00a0depoimento ao gabinete\u00a0do ministro do\u00a0STF\u00a0(Supremo Tribunal Federal)\u00a0Andr\u00e9 Mendon\u00e7a\u00a0que sofreu tortura psicol\u00f3gica, maus tratos e amea\u00e7as veladas na pris\u00e3o para n\u00e3o relatar fatos ligados \u00e0 PF (Pol\u00edcia Federal) em uma eventual\u00a0dela\u00e7\u00e3o premiada. O depoimento foi dado a um juiz auxiliar do gabinete de Mendon\u00e7a e gravado em v\u00eddeo. O dono do\u00a0Banco Master\u00a0disse que, [&hellip;]<\/p>\n","protected":false},"author":1,"featured_media":88367,"comment_status":"open","ping_status":"open","sticky":false,"template":"","format":"standard","meta":{"_uag_custom_page_level_css":"","_monsterinsights_skip_tracking":false,"_monsterinsights_sitenote_active":false,"_monsterinsights_sitenote_note":"","_monsterinsights_sitenote_category":0,"jetpack_post_was_ever_published":false,"_jetpack_newsletter_access":"","_jetpack_dont_email_post_to_subs":false,"_jetpack_newsletter_tier_id":0,"_jetpack_memberships_contains_paywalled_content":false,"_jetpack_memberships_contains_paid_content":false,"footnotes":"","jetpack_publicize_message":"","jetpack_publicize_feature_enabled":true,"jetpack_social_post_already_shared":true,"jetpack_social_options":{"image_generator_settings":{"template":"highway","default_image_id":0,"font":"","enabled":false},"version":2}},"categories":[200],"tags":[],"class_list":["post-88366","post","type-post","status-publish","format-standard","has-post-thumbnail","hentry","category-brasil"],"jetpack_publicize_connections":[],"jetpack_featured_media_url":"https:\/\/blogopara.com.br\/wp-content\/uploads\/2026\/09\/daniel-vorcaro_divulgacao-pf.jpg","uagb_featured_image_src":{"full":["https:\/\/blogopara.com.br\/wp-content\/uploads\/2026\/09\/daniel-vorcaro_divulgacao-pf.jpg",500,333,false],"thumbnail":["https:\/\/blogopara.com.br\/wp-content\/uploads\/2026\/09\/daniel-vorcaro_divulgacao-pf-150x150.jpg",150,150,true],"medium":["https:\/\/blogopara.com.br\/wp-content\/uploads\/2026\/09\/daniel-vorcaro_divulgacao-pf-300x200.jpg",300,200,true],"medium_large":["https:\/\/blogopara.com.br\/wp-content\/uploads\/2026\/09\/daniel-vorcaro_divulgacao-pf.jpg",500,333,false],"large":["https:\/\/blogopara.com.br\/wp-content\/uploads\/2026\/09\/daniel-vorcaro_divulgacao-pf.jpg",500,333,false],"1536x1536":["https:\/\/blogopara.com.br\/wp-content\/uploads\/2026\/09\/daniel-vorcaro_divulgacao-pf.jpg",500,333,false],"2048x2048":["https:\/\/blogopara.com.br\/wp-content\/uploads\/2026\/09\/daniel-vorcaro_divulgacao-pf.jpg",500,333,false],"mantranews-slider-large":["https:\/\/blogopara.com.br\/wp-content\/uploads\/2026\/09\/daniel-vorcaro_divulgacao-pf.jpg",500,333,false],"mantranews-featured-medium":["https:\/\/blogopara.com.br\/wp-content\/uploads\/2026\/09\/daniel-vorcaro_divulgacao-pf-420x307.jpg",420,307,true],"mantranews-featured-long":["https:\/\/blogopara.com.br\/wp-content\/uploads\/2026\/09\/daniel-vorcaro_divulgacao-pf-300x333.jpg",300,333,true],"mantranews-block-medium":["https:\/\/blogopara.com.br\/wp-content\/uploads\/2026\/09\/daniel-vorcaro_divulgacao-pf-464x290.jpg",464,290,true],"mantranews-carousel-image":["https:\/\/blogopara.com.br\/wp-content\/uploads\/2026\/09\/daniel-vorcaro_divulgacao-pf.jpg",500,333,false],"mantranews-block-thumb":["https:\/\/blogopara.com.br\/wp-content\/uploads\/2026\/09\/daniel-vorcaro_divulgacao-pf-322x230.jpg",322,230,true],"mantranews-single-large":["https:\/\/blogopara.com.br\/wp-content\/uploads\/2026\/09\/daniel-vorcaro_divulgacao-pf.jpg",500,333,false]},"uagb_author_info":{"display_name":"Reda\u00e7\u00e3o geral","author_link":"https:\/\/blogopara.com.br\/index.php\/author\/blogopara"},"uagb_comment_info":0,"uagb_excerpt":"O ex-banqueiro\u00a0Daniel Vorcaro\u00a0afirmou em\u00a0depoimento ao gabinete\u00a0do ministro do\u00a0STF\u00a0(Supremo Tribunal Federal)\u00a0Andr\u00e9 Mendon\u00e7a\u00a0que sofreu tortura psicol\u00f3gica, maus tratos e amea\u00e7as veladas na pris\u00e3o para n\u00e3o relatar fatos ligados \u00e0 PF (Pol\u00edcia Federal) em uma eventual\u00a0dela\u00e7\u00e3o premiada. O depoimento foi dado a um juiz auxiliar do gabinete de Mendon\u00e7a e gravado em v\u00eddeo. O dono do\u00a0Banco Master\u00a0disse que,&hellip;","jetpack_sharing_enabled":true,"jetpack_likes_enabled":true,"_links":{"self":[{"href":"https:\/\/blogopara.com.br\/index.php\/wp-json\/wp\/v2\/posts\/88366","targetHints":{"allow":["GET"]}}],"collection":[{"href":"https:\/\/blogopara.com.br\/index.php\/wp-json\/wp\/v2\/posts"}],"about":[{"href":"https:\/\/blogopara.com.br\/index.php\/wp-json\/wp\/v2\/types\/post"}],"author":[{"embeddable":true,"href":"https:\/\/blogopara.com.br\/index.php\/wp-json\/wp\/v2\/users\/1"}],"replies":[{"embeddable":true,"href":"https:\/\/blogopara.com.br\/index.php\/wp-json\/wp\/v2\/comments?post=88366"}],"version-history":[{"count":1,"href":"https:\/\/blogopara.com.br\/index.php\/wp-json\/wp\/v2\/posts\/88366\/revisions"}],"predecessor-version":[{"id":88368,"href":"https:\/\/blogopara.com.br\/index.php\/wp-json\/wp\/v2\/posts\/88366\/revisions\/88368"}],"wp:featuredmedia":[{"embeddable":true,"href":"https:\/\/blogopara.com.br\/index.php\/wp-json\/wp\/v2\/media\/88367"}],"wp:attachment":[{"href":"https:\/\/blogopara.com.br\/index.php\/wp-json\/wp\/v2\/media?parent=88366"}],"wp:term":[{"taxonomy":"category","embeddable":true,"href":"https:\/\/blogopara.com.br\/index.php\/wp-json\/wp\/v2\/categories?post=88366"},{"taxonomy":"post_tag","embeddable":true,"href":"https:\/\/blogopara.com.br\/index.php\/wp-json\/wp\/v2\/tags?post=88366"}],"curies":[{"name":"wp","href":"https:\/\/api.w.org\/{rel}","templated":true}]}}