{"id":88370,"date":"2026-09-03T08:00:36","date_gmt":"2026-09-03T11:00:36","guid":{"rendered":"https:\/\/blogopara.com.br\/?p=88370"},"modified":"2026-09-03T08:00:36","modified_gmt":"2026-09-03T11:00:36","slug":"aumento-da-iluminacao-publica-revolta-produtores-rurais-de-juazeiro-e-pesa-sobre-a-producao","status":"publish","type":"post","link":"https:\/\/blogopara.com.br\/index.php\/2026\/09\/03\/aumento-da-iluminacao-publica-revolta-produtores-rurais-de-juazeiro-e-pesa-sobre-a-producao","title":{"rendered":"Aumento da ilumina\u00e7\u00e3o p\u00fablica revolta produtores rurais de Juazeiro e pesa sobre a produ\u00e7\u00e3o"},"content":{"rendered":"<p class=\"isSelectedEnd\">Desde abril de 2026, produtores rurais de Juazeiro, no norte da Bahia, v\u00eam enfrentando aumentos sucessivos na taxa de ilumina\u00e7\u00e3o p\u00fablica cobrada nas \u00e1reas rurais. A eleva\u00e7\u00e3o dos valores tem provocado insatisfa\u00e7\u00e3o entre agricultores e pecuaristas, que consideram as cobran\u00e7as desproporcionais \u00e0 realidade econ\u00f4mica do campo.<\/p>\n<p class=\"isSelectedEnd\">A situa\u00e7\u00e3o atinge produtores instalados nos Per\u00edmetros P\u00fablicos Irrigados, \u00e1reas ribeirinhas e regi\u00f5es de sequeiro, justamente segmentos que j\u00e1 convivem com elevados custos para manter a produ\u00e7\u00e3o. Os valores atualmente cobrados variam entre R$ 96 e R$ 724, dependendo da unidade consumidora, gerando preocupa\u00e7\u00e3o principalmente entre pequenos e m\u00e9dios produtores.<\/p>\n<p class=\"isSelectedEnd\">Para quem vive da agricultura e da pecu\u00e1ria, o aumento representa mais uma despesa em uma atividade marcada por custos elevados com energia, \u00e1gua, irriga\u00e7\u00e3o, sementes, fertilizantes, defensivos, ra\u00e7\u00e3o, combust\u00edvel, m\u00e1quinas e m\u00e3o de obra.<\/p>\n<p class=\"isSelectedEnd\">Em uma regi\u00e3o cuja economia possui forte depend\u00eancia da agricultura irrigada e da produ\u00e7\u00e3o rural, a eleva\u00e7\u00e3o de custos pode ter consequ\u00eancias que v\u00e3o al\u00e9m do bolso dos agricultores. Menor capacidade de investimento significa, na pr\u00e1tica, risco de redu\u00e7\u00e3o da produ\u00e7\u00e3o, comprometimento da atividade pecu\u00e1ria e aumento da dificuldade para pequenos produtores permanecerem no campo.<\/p>\n<p class=\"isSelectedEnd\">Diante da insatisfa\u00e7\u00e3o, produtores defendem que o poder p\u00fablico promova uma discuss\u00e3o transparente sobre a cobran\u00e7a e apresente esclarecimentos \u00e0 popula\u00e7\u00e3o rural. A expectativa \u00e9 que sejam avaliados os crit\u00e9rios utilizados e, principalmente, se os valores cobrados s\u00e3o compat\u00edveis com a realidade e com a capacidade econ\u00f4mica de quem trabalha diariamente para produzir alimentos e movimentar a economia de Juazeiro.<\/p>\n","protected":false},"excerpt":{"rendered":"<p>Produtores dos per\u00edmetros irrigados, \u00e1reas ribeirinhas e regi\u00f5es de sequeiro denunciam aumentos sucessivos na taxa e cobram explica\u00e7\u00f5es do poder p\u00fablico<\/p>\n","protected":false},"author":1,"featured_media":88371,"comment_status":"open","ping_status":"open","sticky":false,"template":"","format":"standard","meta":{"_uag_custom_page_level_css":"","_monsterinsights_skip_tracking":false,"_monsterinsights_sitenote_active":false,"_monsterinsights_sitenote_note":"","_monsterinsights_sitenote_category":0,"jetpack_post_was_ever_published":false,"_jetpack_newsletter_access":"","_jetpack_dont_email_post_to_subs":false,"_jetpack_newsletter_tier_id":0,"_jetpack_memberships_contains_paywalled_content":false,"_jetpack_memberships_contains_paid_content":false,"footnotes":"","jetpack_publicize_message":"","jetpack_publicize_feature_enabled":true,"jetpack_social_post_already_shared":true,"jetpack_social_options":{"image_generator_settings":{"template":"highway","default_image_id":0,"font":"","enabled":false},"version":2}},"categories":[203],"tags":[],"class_list":["post-88370","post","type-post","status-publish","format-standard","has-post-thumbnail","hentry","category-juazeiro"],"jetpack_publicize_connections":[],"jetpack_featured_media_url":"https:\/\/blogopara.com.br\/wp-content\/uploads\/2026\/09\/Capturar-5.jpg","uagb_featured_image_src":{"full":["https:\/\/blogopara.com.br\/wp-content\/uploads\/2026\/09\/Capturar-5.jpg",500,503,false],"thumbnail":["https:\/\/blogopara.com.br\/wp-content\/uploads\/2026\/09\/Capturar-5-150x150.jpg",150,150,true],"medium":["https:\/\/blogopara.com.br\/wp-content\/uploads\/2026\/09\/Capturar-5-298x300.jpg",298,300,true],"medium_large":["https:\/\/blogopara.com.br\/wp-content\/uploads\/2026\/09\/Capturar-5.jpg",500,503,false],"large":["https:\/\/blogopara.com.br\/wp-content\/uploads\/2026\/09\/Capturar-5.jpg",500,503,false],"1536x1536":["https:\/\/blogopara.com.br\/wp-content\/uploads\/2026\/09\/Capturar-5.jpg",500,503,false],"2048x2048":["https:\/\/blogopara.com.br\/wp-content\/uploads\/2026\/09\/Capturar-5.jpg",500,503,false],"mantranews-slider-large":["https:\/\/blogopara.com.br\/wp-content\/uploads\/2026\/09\/Capturar-5.jpg",500,503,false],"mantranews-featured-medium":["https:\/\/blogopara.com.br\/wp-content\/uploads\/2026\/09\/Capturar-5-420x307.jpg",420,307,true],"mantranews-featured-long":["https:\/\/blogopara.com.br\/wp-content\/uploads\/2026\/09\/Capturar-5-300x443.jpg",300,443,true],"mantranews-block-medium":["https:\/\/blogopara.com.br\/wp-content\/uploads\/2026\/09\/Capturar-5-464x290.jpg",464,290,true],"mantranews-carousel-image":["https:\/\/blogopara.com.br\/wp-content\/uploads\/2026\/09\/Capturar-5-500x500.jpg",500,500,true],"mantranews-block-thumb":["https:\/\/blogopara.com.br\/wp-content\/uploads\/2026\/09\/Capturar-5-322x230.jpg",322,230,true],"mantranews-single-large":["https:\/\/blogopara.com.br\/wp-content\/uploads\/2026\/09\/Capturar-5.jpg",500,503,false]},"uagb_author_info":{"display_name":"Reda\u00e7\u00e3o geral","author_link":"https:\/\/blogopara.com.br\/index.php\/author\/blogopara"},"uagb_comment_info":0,"uagb_excerpt":"Produtores dos per\u00edmetros irrigados, \u00e1reas ribeirinhas e regi\u00f5es de sequeiro denunciam aumentos sucessivos na taxa e cobram explica\u00e7\u00f5es do poder p\u00fablico","jetpack_sharing_enabled":true,"jetpack_likes_enabled":true,"_links":{"self":[{"href":"https:\/\/blogopara.com.br\/index.php\/wp-json\/wp\/v2\/posts\/88370","targetHints":{"allow":["GET"]}}],"collection":[{"href":"https:\/\/blogopara.com.br\/index.php\/wp-json\/wp\/v2\/posts"}],"about":[{"href":"https:\/\/blogopara.com.br\/index.php\/wp-json\/wp\/v2\/types\/post"}],"author":[{"embeddable":true,"href":"https:\/\/blogopara.com.br\/index.php\/wp-json\/wp\/v2\/users\/1"}],"replies":[{"embeddable":true,"href":"https:\/\/blogopara.com.br\/index.php\/wp-json\/wp\/v2\/comments?post=88370"}],"version-history":[{"count":1,"href":"https:\/\/blogopara.com.br\/index.php\/wp-json\/wp\/v2\/posts\/88370\/revisions"}],"predecessor-version":[{"id":88372,"href":"https:\/\/blogopara.com.br\/index.php\/wp-json\/wp\/v2\/posts\/88370\/revisions\/88372"}],"wp:featuredmedia":[{"embeddable":true,"href":"https:\/\/blogopara.com.br\/index.php\/wp-json\/wp\/v2\/media\/88371"}],"wp:attachment":[{"href":"https:\/\/blogopara.com.br\/index.php\/wp-json\/wp\/v2\/media?parent=88370"}],"wp:term":[{"taxonomy":"category","embeddable":true,"href":"https:\/\/blogopara.com.br\/index.php\/wp-json\/wp\/v2\/categories?post=88370"},{"taxonomy":"post_tag","embeddable":true,"href":"https:\/\/blogopara.com.br\/index.php\/wp-json\/wp\/v2\/tags?post=88370"}],"curies":[{"name":"wp","href":"https:\/\/api.w.org\/{rel}","templated":true}]}}