{"id":88373,"date":"2026-09-03T12:50:08","date_gmt":"2026-09-03T15:50:08","guid":{"rendered":"https:\/\/blogopara.com.br\/?p=88373"},"modified":"2026-09-03T12:54:50","modified_gmt":"2026-09-03T15:54:50","slug":"homem-e-flagrado-matando-um-cachorro-a-pauladas-em-gravata-video","status":"publish","type":"post","link":"https:\/\/blogopara.com.br\/index.php\/2026\/09\/03\/homem-e-flagrado-matando-um-cachorro-a-pauladas-em-gravata-video","title":{"rendered":"Homem \u00e9 flagrado matando um cachorro a pauladas em Gravat\u00e1 [V\u00eddeo]"},"content":{"rendered":"<div id=\"chunk-a1p7h\">\n<div class=\"mc-column content-text active-extra-styles \" data-block-type=\"unstyled\" data-block-weight=\"51\" data-block-id=\"6\">\n<p class=\" content-text__container \" data-track-category=\"Link no Texto\" data-track-links=\"\">Um homem foi preso pela\u00a0Pol\u00edcia Militar\u00a0por suspeita de matar um cachorro a pauladas em\u00a0Gravat\u00e1, no Agreste de Pernambuco. O nome do suspeito n\u00e3o foi divulgado. O caso aconteceu no Riacho do Mel e foi gravado por uma pessoa que passava no local em um ve\u00edculo.<\/p>\n<\/div>\n<\/div>\n<div class=\"wall protected-content\">\n<div id=\"chunk-d9rl\">\n<div class=\"mc-column content-text active-extra-styles \" data-block-type=\"unstyled\" data-block-weight=\"52\" data-block-id=\"7\">\n<p class=\" content-text__container \" data-track-category=\"Link no Texto\" data-track-links=\"\">Nas imagens \u00e9 poss\u00edvel ver o suspeito com um peda\u00e7o de madeira. Em seguida, o mesmo homem aparece arrastando o corpo do animal e jogando ele em dire\u00e7\u00e3o a uma \u00e1rea de vegeta\u00e7\u00e3o. Ao ser acusado de matar o cachorro, o suspeito responde que o c\u00e3o havia sido atropelado por um ve\u00edculo.<\/p>\n<\/div>\n<\/div>\n<div id=\"chunk-cftdq\">\n<div class=\"mc-column content-text active-extra-styles \" data-block-type=\"unstyled\" data-block-weight=\"39\" data-block-id=\"8\">\n<p class=\" content-text__container \" data-track-category=\"Link no Texto\" data-track-links=\"\">De acordo com a Pol\u00edcia Militar (PM), os militares da 5\u00b0 Companhia Independente da Pol\u00edcia Militar (CIPM) foram acionados por moradores e conseguiram prender o homem em flagrante. A localiza\u00e7\u00e3o do suspeito foi informada aos policiais pelos pr\u00f3prios moradores.<\/p>\n<\/div>\n<\/div>\n<div id=\"chunk-9bimp\">\n<div class=\"mc-column content-text active-extra-styles \" data-block-type=\"unstyled\" data-block-weight=\"39\" data-block-id=\"9\">\n<p class=\" content-text__container \" data-track-category=\"Link no Texto\" data-track-links=\"\">Ap\u00f3s ser localizado, o suspeito de 32 anos foi conduzido para Delegacia Seccional de\u00a0Vit\u00f3ria de Santo Ant\u00e3o, onde foi preso em flagrante delito. Conforme a\u00a0<a class=\"\" href=\"https:\/\/g1.globo.com\/tudo-sobre\/policia-civil\/\">Pol\u00edcia Civil<\/a>, o homem vai responder pelo crime de crueldade contra os animais.<\/p>\n<\/div>\n<\/div>\n<div id=\"chunk-djglm\">\n<div class=\"mc-column content-text active-extra-styles\" data-block-type=\"raw\" data-block-weight=\"20\" data-block-id=\"10\">\n<blockquote class=\"content-blockquote theme-border-color-primary-before\"><p>\u201cO suspeito foi encaminhado \u00e0 delegacia para os procedimentos legais, ficando \u00e0 disposi\u00e7\u00e3o da Justi\u00e7a\u201d, diz comunicado da Pol\u00edcia Civil.<\/p>\n<p>https:\/\/www.instagram.com\/p\/Dc1LSsaz1o2\/<\/p><\/blockquote>\n<\/div>\n<\/div>\n<\/div>\n","protected":false},"excerpt":{"rendered":"<p>Um homem foi preso pela\u00a0Pol\u00edcia Militar\u00a0por suspeita de matar um cachorro a pauladas em\u00a0Gravat\u00e1, no Agreste de Pernambuco. O nome do suspeito n\u00e3o foi divulgado. O caso aconteceu no Riacho do Mel e foi gravado por uma pessoa que passava no local em um ve\u00edculo. Nas imagens \u00e9 poss\u00edvel ver o suspeito com um peda\u00e7o [&hellip;]<\/p>\n","protected":false},"author":1,"featured_media":88374,"comment_status":"open","ping_status":"open","sticky":false,"template":"","format":"standard","meta":{"_uag_custom_page_level_css":"","_monsterinsights_skip_tracking":false,"_monsterinsights_sitenote_active":false,"_monsterinsights_sitenote_note":"","_monsterinsights_sitenote_category":0,"jetpack_post_was_ever_published":false,"_jetpack_newsletter_access":"","_jetpack_dont_email_post_to_subs":false,"_jetpack_newsletter_tier_id":0,"_jetpack_memberships_contains_paywalled_content":false,"_jetpack_memberships_contains_paid_content":false,"footnotes":"","jetpack_publicize_message":"","jetpack_publicize_feature_enabled":true,"jetpack_social_post_already_shared":true,"jetpack_social_options":{"image_generator_settings":{"template":"highway","default_image_id":0,"font":"","enabled":false},"version":2}},"categories":[202],"tags":[],"class_list":["post-88373","post","type-post","status-publish","format-standard","has-post-thumbnail","hentry","category-policia"],"jetpack_publicize_connections":[],"jetpack_featured_media_url":"https:\/\/blogopara.com.br\/wp-content\/uploads\/2026\/09\/images-2.jpg","uagb_featured_image_src":{"full":["https:\/\/blogopara.com.br\/wp-content\/uploads\/2026\/09\/images-2.jpg",500,280,false],"thumbnail":["https:\/\/blogopara.com.br\/wp-content\/uploads\/2026\/09\/images-2-150x150.jpg",150,150,true],"medium":["https:\/\/blogopara.com.br\/wp-content\/uploads\/2026\/09\/images-2-300x168.jpg",300,168,true],"medium_large":["https:\/\/blogopara.com.br\/wp-content\/uploads\/2026\/09\/images-2.jpg",500,280,false],"large":["https:\/\/blogopara.com.br\/wp-content\/uploads\/2026\/09\/images-2.jpg",500,280,false],"1536x1536":["https:\/\/blogopara.com.br\/wp-content\/uploads\/2026\/09\/images-2.jpg",500,280,false],"2048x2048":["https:\/\/blogopara.com.br\/wp-content\/uploads\/2026\/09\/images-2.jpg",500,280,false],"mantranews-slider-large":["https:\/\/blogopara.com.br\/wp-content\/uploads\/2026\/09\/images-2.jpg",500,280,false],"mantranews-featured-medium":["https:\/\/blogopara.com.br\/wp-content\/uploads\/2026\/09\/images-2-420x280.jpg",420,280,true],"mantranews-featured-long":["https:\/\/blogopara.com.br\/wp-content\/uploads\/2026\/09\/images-2-300x280.jpg",300,280,true],"mantranews-block-medium":["https:\/\/blogopara.com.br\/wp-content\/uploads\/2026\/09\/images-2-464x280.jpg",464,280,true],"mantranews-carousel-image":["https:\/\/blogopara.com.br\/wp-content\/uploads\/2026\/09\/images-2.jpg",500,280,false],"mantranews-block-thumb":["https:\/\/blogopara.com.br\/wp-content\/uploads\/2026\/09\/images-2-322x230.jpg",322,230,true],"mantranews-single-large":["https:\/\/blogopara.com.br\/wp-content\/uploads\/2026\/09\/images-2.jpg",500,280,false]},"uagb_author_info":{"display_name":"Reda\u00e7\u00e3o geral","author_link":"https:\/\/blogopara.com.br\/index.php\/author\/blogopara"},"uagb_comment_info":0,"uagb_excerpt":"Um homem foi preso pela\u00a0Pol\u00edcia Militar\u00a0por suspeita de matar um cachorro a pauladas em\u00a0Gravat\u00e1, no Agreste de Pernambuco. O nome do suspeito n\u00e3o foi divulgado. O caso aconteceu no Riacho do Mel e foi gravado por uma pessoa que passava no local em um ve\u00edculo. Nas imagens \u00e9 poss\u00edvel ver o suspeito com um peda\u00e7o&hellip;","jetpack_sharing_enabled":true,"jetpack_likes_enabled":true,"_links":{"self":[{"href":"https:\/\/blogopara.com.br\/index.php\/wp-json\/wp\/v2\/posts\/88373","targetHints":{"allow":["GET"]}}],"collection":[{"href":"https:\/\/blogopara.com.br\/index.php\/wp-json\/wp\/v2\/posts"}],"about":[{"href":"https:\/\/blogopara.com.br\/index.php\/wp-json\/wp\/v2\/types\/post"}],"author":[{"embeddable":true,"href":"https:\/\/blogopara.com.br\/index.php\/wp-json\/wp\/v2\/users\/1"}],"replies":[{"embeddable":true,"href":"https:\/\/blogopara.com.br\/index.php\/wp-json\/wp\/v2\/comments?post=88373"}],"version-history":[{"count":3,"href":"https:\/\/blogopara.com.br\/index.php\/wp-json\/wp\/v2\/posts\/88373\/revisions"}],"predecessor-version":[{"id":88377,"href":"https:\/\/blogopara.com.br\/index.php\/wp-json\/wp\/v2\/posts\/88373\/revisions\/88377"}],"wp:featuredmedia":[{"embeddable":true,"href":"https:\/\/blogopara.com.br\/index.php\/wp-json\/wp\/v2\/media\/88374"}],"wp:attachment":[{"href":"https:\/\/blogopara.com.br\/index.php\/wp-json\/wp\/v2\/media?parent=88373"}],"wp:term":[{"taxonomy":"category","embeddable":true,"href":"https:\/\/blogopara.com.br\/index.php\/wp-json\/wp\/v2\/categories?post=88373"},{"taxonomy":"post_tag","embeddable":true,"href":"https:\/\/blogopara.com.br\/index.php\/wp-json\/wp\/v2\/tags?post=88373"}],"curies":[{"name":"wp","href":"https:\/\/api.w.org\/{rel}","templated":true}]}}