{"id":88381,"date":"2026-09-03T19:48:19","date_gmt":"2026-09-03T22:48:19","guid":{"rendered":"https:\/\/blogopara.com.br\/?p=88381"},"modified":"2026-09-03T19:48:19","modified_gmt":"2026-09-03T22:48:19","slug":"petrolina-municipio-registra-dois-homicidios-em-menos-de-24-horas","status":"publish","type":"post","link":"https:\/\/blogopara.com.br\/index.php\/2026\/09\/03\/petrolina-municipio-registra-dois-homicidios-em-menos-de-24-horas","title":{"rendered":"Petrolina: Munic\u00edpio registra dois homic\u00eddios em menos de 24 horas"},"content":{"rendered":"<p>O munic\u00edpio pernambucano tem registrado um n\u00famero alarmante de homic\u00eddios nos \u00faltimos meses. Em menos de 24 horas dois homic\u00eddios foram registrados na cidade.<\/p>\n<p>O primeiro, aconteceu na noite do dia\u00a0 1\u00ba. Um jovem identificado como Guilherme foi morto a tiros por volta das 20h30, na Rua 08, no bairro S\u00e3o Gon\u00e7alo.<\/p>\n<p>De acordo com as informa\u00e7\u00f5es iniciais, a v\u00edtima foi atingida por disparos de arma de fogo e morreu ainda no local.<\/p>\n<p>Equipes de seguran\u00e7a foram acionadas e realizaram o isolamento da \u00e1rea para os trabalhos de per\u00edcia. O corpo dever\u00e1 ser encaminhado ao Instituto de Medicina Legal (IML).<\/p>\n<p>O segundo aconteceu na noite desta quarta-feira (02) no Residencial Brasil.\u00a0 A ocorr\u00eancia mobilizou equipes de socorro na noite desta quarta-feira (2), ap\u00f3s a v\u00edtima ser encontrada ferida.<\/p>\n<p>De acordo com as primeiras informa\u00e7\u00f5es, a v\u00edtima foi socorrida e encaminhada para atendimento m\u00e9dico. No entanto, devido \u00e0 gravidade dos ferimentos, n\u00e3o resistiu e morreu ainda durante o deslocamento para o hospital.<\/p>\n<p>Ap\u00f3s a confirma\u00e7\u00e3o do \u00f3bito, o corpo foi encaminhado ao Instituto de Medicina Legal (IML), onde dever\u00e1 passar pelos procedimentos necess\u00e1rios.<\/p>\n<p>At\u00e9 o momento, ainda n\u00e3o foram divulgadas informa\u00e7\u00f5es oficiais sobre a identidade da v\u00edtima, nem detalhes sobre como o crime aconteceu, a poss\u00edvel motiva\u00e7\u00e3o ou quem teria cometido o homic\u00eddio.<\/p>\n","protected":false},"excerpt":{"rendered":"<p>O munic\u00edpio pernambucano tem registrado um n\u00famero alarmante de homic\u00eddios nos \u00faltimos meses. Em menos de 24 horas dois homic\u00eddios foram registrados na cidade. O primeiro, aconteceu na noite do dia\u00a0 1\u00ba. Um jovem identificado como Guilherme foi morto a tiros por volta das 20h30, na Rua 08, no bairro S\u00e3o Gon\u00e7alo. De acordo com [&hellip;]<\/p>\n","protected":false},"author":1,"featured_media":88382,"comment_status":"open","ping_status":"open","sticky":false,"template":"","format":"standard","meta":{"_uag_custom_page_level_css":"","_monsterinsights_skip_tracking":false,"_monsterinsights_sitenote_active":false,"_monsterinsights_sitenote_note":"","_monsterinsights_sitenote_category":0,"jetpack_post_was_ever_published":false,"_jetpack_newsletter_access":"","_jetpack_dont_email_post_to_subs":false,"_jetpack_newsletter_tier_id":0,"_jetpack_memberships_contains_paywalled_content":false,"_jetpack_memberships_contains_paid_content":false,"footnotes":"","jetpack_publicize_message":"","jetpack_publicize_feature_enabled":true,"jetpack_social_post_already_shared":true,"jetpack_social_options":{"image_generator_settings":{"template":"highway","default_image_id":0,"font":"","enabled":false},"version":2}},"categories":[202],"tags":[],"class_list":["post-88381","post","type-post","status-publish","format-standard","has-post-thumbnail","hentry","category-policia"],"jetpack_publicize_connections":[],"jetpack_featured_media_url":"https:\/\/blogopara.com.br\/wp-content\/uploads\/2026\/09\/Adriely-Mendonca.jpg","uagb_featured_image_src":{"full":["https:\/\/blogopara.com.br\/wp-content\/uploads\/2026\/09\/Adriely-Mendonca.jpg",500,375,false],"thumbnail":["https:\/\/blogopara.com.br\/wp-content\/uploads\/2026\/09\/Adriely-Mendonca-150x150.jpg",150,150,true],"medium":["https:\/\/blogopara.com.br\/wp-content\/uploads\/2026\/09\/Adriely-Mendonca-300x225.jpg",300,225,true],"medium_large":["https:\/\/blogopara.com.br\/wp-content\/uploads\/2026\/09\/Adriely-Mendonca.jpg",500,375,false],"large":["https:\/\/blogopara.com.br\/wp-content\/uploads\/2026\/09\/Adriely-Mendonca.jpg",500,375,false],"1536x1536":["https:\/\/blogopara.com.br\/wp-content\/uploads\/2026\/09\/Adriely-Mendonca.jpg",500,375,false],"2048x2048":["https:\/\/blogopara.com.br\/wp-content\/uploads\/2026\/09\/Adriely-Mendonca.jpg",500,375,false],"mantranews-slider-large":["https:\/\/blogopara.com.br\/wp-content\/uploads\/2026\/09\/Adriely-Mendonca.jpg",500,375,false],"mantranews-featured-medium":["https:\/\/blogopara.com.br\/wp-content\/uploads\/2026\/09\/Adriely-Mendonca-420x307.jpg",420,307,true],"mantranews-featured-long":["https:\/\/blogopara.com.br\/wp-content\/uploads\/2026\/09\/Adriely-Mendonca-300x375.jpg",300,375,true],"mantranews-block-medium":["https:\/\/blogopara.com.br\/wp-content\/uploads\/2026\/09\/Adriely-Mendonca-464x290.jpg",464,290,true],"mantranews-carousel-image":["https:\/\/blogopara.com.br\/wp-content\/uploads\/2026\/09\/Adriely-Mendonca.jpg",500,375,false],"mantranews-block-thumb":["https:\/\/blogopara.com.br\/wp-content\/uploads\/2026\/09\/Adriely-Mendonca-322x230.jpg",322,230,true],"mantranews-single-large":["https:\/\/blogopara.com.br\/wp-content\/uploads\/2026\/09\/Adriely-Mendonca.jpg",500,375,false]},"uagb_author_info":{"display_name":"Reda\u00e7\u00e3o geral","author_link":"https:\/\/blogopara.com.br\/index.php\/author\/blogopara"},"uagb_comment_info":0,"uagb_excerpt":"O munic\u00edpio pernambucano tem registrado um n\u00famero alarmante de homic\u00eddios nos \u00faltimos meses. Em menos de 24 horas dois homic\u00eddios foram registrados na cidade. O primeiro, aconteceu na noite do dia\u00a0 1\u00ba. Um jovem identificado como Guilherme foi morto a tiros por volta das 20h30, na Rua 08, no bairro S\u00e3o Gon\u00e7alo. De acordo com&hellip;","jetpack_sharing_enabled":true,"jetpack_likes_enabled":true,"_links":{"self":[{"href":"https:\/\/blogopara.com.br\/index.php\/wp-json\/wp\/v2\/posts\/88381","targetHints":{"allow":["GET"]}}],"collection":[{"href":"https:\/\/blogopara.com.br\/index.php\/wp-json\/wp\/v2\/posts"}],"about":[{"href":"https:\/\/blogopara.com.br\/index.php\/wp-json\/wp\/v2\/types\/post"}],"author":[{"embeddable":true,"href":"https:\/\/blogopara.com.br\/index.php\/wp-json\/wp\/v2\/users\/1"}],"replies":[{"embeddable":true,"href":"https:\/\/blogopara.com.br\/index.php\/wp-json\/wp\/v2\/comments?post=88381"}],"version-history":[{"count":1,"href":"https:\/\/blogopara.com.br\/index.php\/wp-json\/wp\/v2\/posts\/88381\/revisions"}],"predecessor-version":[{"id":88383,"href":"https:\/\/blogopara.com.br\/index.php\/wp-json\/wp\/v2\/posts\/88381\/revisions\/88383"}],"wp:featuredmedia":[{"embeddable":true,"href":"https:\/\/blogopara.com.br\/index.php\/wp-json\/wp\/v2\/media\/88382"}],"wp:attachment":[{"href":"https:\/\/blogopara.com.br\/index.php\/wp-json\/wp\/v2\/media?parent=88381"}],"wp:term":[{"taxonomy":"category","embeddable":true,"href":"https:\/\/blogopara.com.br\/index.php\/wp-json\/wp\/v2\/categories?post=88381"},{"taxonomy":"post_tag","embeddable":true,"href":"https:\/\/blogopara.com.br\/index.php\/wp-json\/wp\/v2\/tags?post=88381"}],"curies":[{"name":"wp","href":"https:\/\/api.w.org\/{rel}","templated":true}]}}