{"id":88384,"date":"2026-09-03T19:58:21","date_gmt":"2026-09-03T22:58:21","guid":{"rendered":"https:\/\/blogopara.com.br\/?p=88384"},"modified":"2026-09-03T19:58:21","modified_gmt":"2026-09-03T22:58:21","slug":"atlasintel-pesquisa-que-acertou-resultado-em-2022-aponta-vitoria-de-acm-neto-no-1o-turno-em-2026","status":"publish","type":"post","link":"https:\/\/blogopara.com.br\/index.php\/2026\/09\/03\/atlasintel-pesquisa-que-acertou-resultado-em-2022-aponta-vitoria-de-acm-neto-no-1o-turno-em-2026","title":{"rendered":"AtlasIntel: Pesquisa que acertou resultado em 2022 aponta vit\u00f3ria de ACM Neto no 1\u00ba turno em 2026"},"content":{"rendered":"<div class=\"flex flex-col w-full font-normal text-[18px] leading-[30px] text-tw-theme-text-default\">\n<p id=\"paragrafo-g12gvzddyw\">O candidato ao Governo da Bahia ACM Neto (Uni\u00e3o Brasil) aparece na lideran\u00e7a da pesquisa AtlasIntel publicada pelo jornal A Tarde nesta quinta-feira (3), cujo resultado projetou uma vit\u00f3ria do ex-prefeito de Salvador ainda no primeiro turno das elei\u00e7\u00f5es deste ano contra o atual governador Jer\u00f4nimo Rodrigues (PT).<\/p>\n<\/div>\n<div class=\"flex flex-col w-full font-normal text-[18px] leading-[30px] text-tw-theme-text-default\">\n<p id=\"paragrafo-labnqck9ns\">Na pesquisa estimulada, considerando todos os votos, o ex-prefeito de Salvador registra 48,8%, contra 47,5% de Jer\u00f4nimo. Na sequ\u00eancia aparecem Ronaldo Mansur (PSOL), com 1,1%, e Aroldo F\u00e9lix (UP), com 0,1%. Ariel Capistrano (DC) n\u00e3o pontuou. Brancos e nulos representam 1,6%, enquanto 0,9% dos entrevistados n\u00e3o souberam responder.<\/p>\n<\/div>\n<div class=\"flex flex-col w-full font-normal text-[18px] leading-[30px] text-tw-theme-text-default\">\n<p id=\"paragrafo-72zom4iax7\">Quando s\u00e3o retirados os votos brancos, nulos e os indecisos, ACM Neto alcan\u00e7a 50,05% dos votos v\u00e1lidos, enquanto Jer\u00f4nimo fica com 48,7%. O resultado coloca o candidato do Uni\u00e3o Brasil no patamar necess\u00e1rio para disputar a possibilidade de encerrar a elei\u00e7\u00e3o j\u00e1 no primeiro turno.<\/p>\n<\/div>\n<div class=\"flex flex-col w-full font-normal text-[18px] leading-[30px] text-tw-theme-text-default\">\n<p id=\"paragrafo-8hmlygfv7c\">A AtlasIntel tamb\u00e9m testou um eventual segundo turno entre os dois principais candidatos. Mais uma vez, Neto aparece numericamente \u00e0 frente: 49,2% contra 48,6% de Jer\u00f4nimo. Considerando somente os votos v\u00e1lidos nesse cen\u00e1rio, Neto registra 50,3% e o atual governador, 49,7%.<\/p>\n<\/div>\n<div class=\"flex flex-col w-full font-normal text-[18px] leading-[30px] text-tw-theme-text-default\">\n<p id=\"paragrafo-qw9gba47f1\">Neste mesmo per\u00edodo em 2022, a AtlasIntel j\u00e1 projetava o ent\u00e3o candidato Jer\u00f4nimo Rodrigues na lideran\u00e7a. Em pesquisa de setembro daquele ano, por exemplo, o petista j\u00e1 aparecia com mais de 46% dos votos.<\/p>\n<\/div>\n<div class=\"flex flex-col w-full font-normal text-[18px] leading-[30px] text-tw-theme-text-default\">\n<p id=\"paragrafo-ro670vo1gl\">O levantamento tamb\u00e9m mediu a avalia\u00e7\u00e3o da administra\u00e7\u00e3o estadual. O governo Jer\u00f4nimo \u00e9 considerado \u00f3timo ou bom por 44% dos entrevistados, enquanto 42% classificam a gest\u00e3o como ruim ou p\u00e9ssima. Outros 14% avaliam o governo como regular.<\/p>\n<\/div>\n<div class=\"flex flex-col w-full font-normal text-[18px] leading-[30px] text-tw-theme-text-default\">\n<p id=\"paragrafo-tykk4cvtv9\">A pesquisa AtlasIntel\/A Tarde ouviu 1.804 eleitores da Bahia entre os dias 28 de agosto e 2 de setembro, por meio de recrutamento digital aleat\u00f3rio. A margem de erro \u00e9 de dois pontos percentuais, para mais ou para menos, com n\u00edvel de confian\u00e7a de 95%. O levantamento est\u00e1 registrado no Tribunal Superior Eleitoral (TSE) sob o n\u00famero BA-08891\/2026.<\/p>\n<\/div>\n","protected":false},"excerpt":{"rendered":"<p>O candidato ao Governo da Bahia ACM Neto (Uni\u00e3o Brasil) aparece na lideran\u00e7a da pesquisa AtlasIntel publicada pelo jornal A Tarde nesta quinta-feira (3), cujo resultado projetou uma vit\u00f3ria do ex-prefeito de Salvador ainda no primeiro turno das elei\u00e7\u00f5es deste ano contra o atual governador Jer\u00f4nimo Rodrigues (PT). Na pesquisa estimulada, considerando todos os votos, [&hellip;]<\/p>\n","protected":false},"author":1,"featured_media":88385,"comment_status":"open","ping_status":"open","sticky":false,"template":"","format":"standard","meta":{"_uag_custom_page_level_css":"","_monsterinsights_skip_tracking":false,"_monsterinsights_sitenote_active":false,"_monsterinsights_sitenote_note":"","_monsterinsights_sitenote_category":0,"jetpack_post_was_ever_published":false,"_jetpack_newsletter_access":"","_jetpack_dont_email_post_to_subs":false,"_jetpack_newsletter_tier_id":0,"_jetpack_memberships_contains_paywalled_content":false,"_jetpack_memberships_contains_paid_content":false,"footnotes":"","jetpack_publicize_message":"","jetpack_publicize_feature_enabled":true,"jetpack_social_post_already_shared":true,"jetpack_social_options":{"image_generator_settings":{"template":"highway","default_image_id":0,"font":"","enabled":false},"version":2}},"categories":[197],"tags":[],"class_list":["post-88384","post","type-post","status-publish","format-standard","has-post-thumbnail","hentry","category-politica"],"jetpack_publicize_connections":[],"jetpack_featured_media_url":"https:\/\/blogopara.com.br\/wp-content\/uploads\/2026\/09\/Capturar-6.jpg","uagb_featured_image_src":{"full":["https:\/\/blogopara.com.br\/wp-content\/uploads\/2026\/09\/Capturar-6.jpg",500,338,false],"thumbnail":["https:\/\/blogopara.com.br\/wp-content\/uploads\/2026\/09\/Capturar-6-150x150.jpg",150,150,true],"medium":["https:\/\/blogopara.com.br\/wp-content\/uploads\/2026\/09\/Capturar-6-300x203.jpg",300,203,true],"medium_large":["https:\/\/blogopara.com.br\/wp-content\/uploads\/2026\/09\/Capturar-6.jpg",500,338,false],"large":["https:\/\/blogopara.com.br\/wp-content\/uploads\/2026\/09\/Capturar-6.jpg",500,338,false],"1536x1536":["https:\/\/blogopara.com.br\/wp-content\/uploads\/2026\/09\/Capturar-6.jpg",500,338,false],"2048x2048":["https:\/\/blogopara.com.br\/wp-content\/uploads\/2026\/09\/Capturar-6.jpg",500,338,false],"mantranews-slider-large":["https:\/\/blogopara.com.br\/wp-content\/uploads\/2026\/09\/Capturar-6.jpg",500,338,false],"mantranews-featured-medium":["https:\/\/blogopara.com.br\/wp-content\/uploads\/2026\/09\/Capturar-6-420x307.jpg",420,307,true],"mantranews-featured-long":["https:\/\/blogopara.com.br\/wp-content\/uploads\/2026\/09\/Capturar-6-300x338.jpg",300,338,true],"mantranews-block-medium":["https:\/\/blogopara.com.br\/wp-content\/uploads\/2026\/09\/Capturar-6-464x290.jpg",464,290,true],"mantranews-carousel-image":["https:\/\/blogopara.com.br\/wp-content\/uploads\/2026\/09\/Capturar-6.jpg",500,338,false],"mantranews-block-thumb":["https:\/\/blogopara.com.br\/wp-content\/uploads\/2026\/09\/Capturar-6-322x230.jpg",322,230,true],"mantranews-single-large":["https:\/\/blogopara.com.br\/wp-content\/uploads\/2026\/09\/Capturar-6.jpg",500,338,false]},"uagb_author_info":{"display_name":"Reda\u00e7\u00e3o geral","author_link":"https:\/\/blogopara.com.br\/index.php\/author\/blogopara"},"uagb_comment_info":0,"uagb_excerpt":"O candidato ao Governo da Bahia ACM Neto (Uni\u00e3o Brasil) aparece na lideran\u00e7a da pesquisa AtlasIntel publicada pelo jornal A Tarde nesta quinta-feira (3), cujo resultado projetou uma vit\u00f3ria do ex-prefeito de Salvador ainda no primeiro turno das elei\u00e7\u00f5es deste ano contra o atual governador Jer\u00f4nimo Rodrigues (PT). Na pesquisa estimulada, considerando todos os votos,&hellip;","jetpack_sharing_enabled":true,"jetpack_likes_enabled":true,"_links":{"self":[{"href":"https:\/\/blogopara.com.br\/index.php\/wp-json\/wp\/v2\/posts\/88384","targetHints":{"allow":["GET"]}}],"collection":[{"href":"https:\/\/blogopara.com.br\/index.php\/wp-json\/wp\/v2\/posts"}],"about":[{"href":"https:\/\/blogopara.com.br\/index.php\/wp-json\/wp\/v2\/types\/post"}],"author":[{"embeddable":true,"href":"https:\/\/blogopara.com.br\/index.php\/wp-json\/wp\/v2\/users\/1"}],"replies":[{"embeddable":true,"href":"https:\/\/blogopara.com.br\/index.php\/wp-json\/wp\/v2\/comments?post=88384"}],"version-history":[{"count":1,"href":"https:\/\/blogopara.com.br\/index.php\/wp-json\/wp\/v2\/posts\/88384\/revisions"}],"predecessor-version":[{"id":88386,"href":"https:\/\/blogopara.com.br\/index.php\/wp-json\/wp\/v2\/posts\/88384\/revisions\/88386"}],"wp:featuredmedia":[{"embeddable":true,"href":"https:\/\/blogopara.com.br\/index.php\/wp-json\/wp\/v2\/media\/88385"}],"wp:attachment":[{"href":"https:\/\/blogopara.com.br\/index.php\/wp-json\/wp\/v2\/media?parent=88384"}],"wp:term":[{"taxonomy":"category","embeddable":true,"href":"https:\/\/blogopara.com.br\/index.php\/wp-json\/wp\/v2\/categories?post=88384"},{"taxonomy":"post_tag","embeddable":true,"href":"https:\/\/blogopara.com.br\/index.php\/wp-json\/wp\/v2\/tags?post=88384"}],"curies":[{"name":"wp","href":"https:\/\/api.w.org\/{rel}","templated":true}]}}