{"id":88389,"date":"2026-09-03T20:48:15","date_gmt":"2026-09-03T23:48:15","guid":{"rendered":"https:\/\/blogopara.com.br\/?p=88389"},"modified":"2026-09-03T20:48:15","modified_gmt":"2026-09-03T23:48:15","slug":"a-politica-e-para-estar-perto-juvenilson-passos-relembra-trajetoria-e-bandeiras-em-entrevista-ao-podcast-curaca-oficial","status":"publish","type":"post","link":"https:\/\/blogopara.com.br\/index.php\/2026\/09\/03\/a-politica-e-para-estar-perto-juvenilson-passos-relembra-trajetoria-e-bandeiras-em-entrevista-ao-podcast-curaca-oficial","title":{"rendered":"&#8220;A pol\u00edtica \u00e9 para estar perto&#8221;: Juvenilson Passos relembra trajet\u00f3ria e bandeiras em entrevista ao podcast Cura\u00e7\u00e1 Oficial"},"content":{"rendered":"<p>Trajet\u00f3ria feita de escuta e presen\u00e7a. \u00c9 assim que o candidato a deputado estadual(PT), Juvenilson Passos resume sua caminhada p\u00fablica em entrevista recente ao blog Cura\u00e7\u00e1 Oficial.<\/p>\n<p>Com uma vida dedicada a cuidar de gente, ele destaca como a pol\u00edtica foi o instrumento real para estar perto da popula\u00e7\u00e3o e transformar a realidade de quem mais precisa. Mais do que mandatos, a pol\u00edtica o aproximou de gente de verdade para cumprir sua verdadeira miss\u00e3o: estar perto, escutar e resolver. &#8220;A gente procurou ser amigo, ser pr\u00f3ximo, estar presente na vida das pessoas, \u00e9 algo muito gratificante porque \u00e9 na pol\u00edtica que voc\u00ea pode transformar e melhorar a vida das pessoas&#8221; ,ressalta o candidato.<\/p>\n<p>Defensor do municipalismo forte, Juvenilson refor\u00e7a que \u00e9 na cidade, onde a vida de fato acontece, que as solu\u00e7\u00f5es precisam nascer. Na sa\u00fade, defende um atendimento humanizado e acess\u00edvel que chegue a quem est\u00e1 na ponta. E faz um alerta urgente: a necessidade urgente de resolver definitivamente a seguran\u00e7a h\u00eddrica em todo o territ\u00f3rio norte e em todo o Vale do S\u00e3o Francisco, garantindo \u00e1gua para quem produz e para quem vive na regi\u00e3o. &#8220;Pol\u00edtica s\u00e9ria se faz com presen\u00e7a , escuta e compromisso com o futuro,&#8221; resume Juvenilson.<\/p>\n","protected":false},"excerpt":{"rendered":"<p>Trajet\u00f3ria feita de escuta e presen\u00e7a. \u00c9 assim que o candidato a deputado estadual(PT), Juvenilson Passos resume sua caminhada p\u00fablica em entrevista recente ao blog Cura\u00e7\u00e1 Oficial. Com uma vida dedicada a cuidar de gente, ele destaca como a pol\u00edtica foi o instrumento real para estar perto da popula\u00e7\u00e3o e transformar a realidade de quem [&hellip;]<\/p>\n","protected":false},"author":1,"featured_media":88390,"comment_status":"open","ping_status":"open","sticky":false,"template":"","format":"standard","meta":{"_uag_custom_page_level_css":"","_monsterinsights_skip_tracking":false,"_monsterinsights_sitenote_active":false,"_monsterinsights_sitenote_note":"","_monsterinsights_sitenote_category":0,"jetpack_post_was_ever_published":false,"_jetpack_newsletter_access":"","_jetpack_dont_email_post_to_subs":false,"_jetpack_newsletter_tier_id":0,"_jetpack_memberships_contains_paywalled_content":false,"_jetpack_memberships_contains_paid_content":false,"footnotes":"","jetpack_publicize_message":"","jetpack_publicize_feature_enabled":true,"jetpack_social_post_already_shared":true,"jetpack_social_options":{"image_generator_settings":{"template":"highway","default_image_id":0,"font":"","enabled":false},"version":2}},"categories":[197],"tags":[],"class_list":["post-88389","post","type-post","status-publish","format-standard","has-post-thumbnail","hentry","category-politica"],"jetpack_publicize_connections":[],"jetpack_featured_media_url":"https:\/\/blogopara.com.br\/wp-content\/uploads\/2026\/09\/WhatsApp-Image-2026-09-02-at-02.54.26.jpeg","uagb_featured_image_src":{"full":["https:\/\/blogopara.com.br\/wp-content\/uploads\/2026\/09\/WhatsApp-Image-2026-09-02-at-02.54.26.jpeg",500,323,false],"thumbnail":["https:\/\/blogopara.com.br\/wp-content\/uploads\/2026\/09\/WhatsApp-Image-2026-09-02-at-02.54.26-150x150.jpeg",150,150,true],"medium":["https:\/\/blogopara.com.br\/wp-content\/uploads\/2026\/09\/WhatsApp-Image-2026-09-02-at-02.54.26-300x194.jpeg",300,194,true],"medium_large":["https:\/\/blogopara.com.br\/wp-content\/uploads\/2026\/09\/WhatsApp-Image-2026-09-02-at-02.54.26.jpeg",500,323,false],"large":["https:\/\/blogopara.com.br\/wp-content\/uploads\/2026\/09\/WhatsApp-Image-2026-09-02-at-02.54.26.jpeg",500,323,false],"1536x1536":["https:\/\/blogopara.com.br\/wp-content\/uploads\/2026\/09\/WhatsApp-Image-2026-09-02-at-02.54.26.jpeg",500,323,false],"2048x2048":["https:\/\/blogopara.com.br\/wp-content\/uploads\/2026\/09\/WhatsApp-Image-2026-09-02-at-02.54.26.jpeg",500,323,false],"mantranews-slider-large":["https:\/\/blogopara.com.br\/wp-content\/uploads\/2026\/09\/WhatsApp-Image-2026-09-02-at-02.54.26.jpeg",500,323,false],"mantranews-featured-medium":["https:\/\/blogopara.com.br\/wp-content\/uploads\/2026\/09\/WhatsApp-Image-2026-09-02-at-02.54.26-420x307.jpeg",420,307,true],"mantranews-featured-long":["https:\/\/blogopara.com.br\/wp-content\/uploads\/2026\/09\/WhatsApp-Image-2026-09-02-at-02.54.26-300x323.jpeg",300,323,true],"mantranews-block-medium":["https:\/\/blogopara.com.br\/wp-content\/uploads\/2026\/09\/WhatsApp-Image-2026-09-02-at-02.54.26-464x290.jpeg",464,290,true],"mantranews-carousel-image":["https:\/\/blogopara.com.br\/wp-content\/uploads\/2026\/09\/WhatsApp-Image-2026-09-02-at-02.54.26.jpeg",500,323,false],"mantranews-block-thumb":["https:\/\/blogopara.com.br\/wp-content\/uploads\/2026\/09\/WhatsApp-Image-2026-09-02-at-02.54.26-322x230.jpeg",322,230,true],"mantranews-single-large":["https:\/\/blogopara.com.br\/wp-content\/uploads\/2026\/09\/WhatsApp-Image-2026-09-02-at-02.54.26.jpeg",500,323,false]},"uagb_author_info":{"display_name":"Reda\u00e7\u00e3o geral","author_link":"https:\/\/blogopara.com.br\/index.php\/author\/blogopara"},"uagb_comment_info":0,"uagb_excerpt":"Trajet\u00f3ria feita de escuta e presen\u00e7a. \u00c9 assim que o candidato a deputado estadual(PT), Juvenilson Passos resume sua caminhada p\u00fablica em entrevista recente ao blog Cura\u00e7\u00e1 Oficial. Com uma vida dedicada a cuidar de gente, ele destaca como a pol\u00edtica foi o instrumento real para estar perto da popula\u00e7\u00e3o e transformar a realidade de quem&hellip;","jetpack_sharing_enabled":true,"jetpack_likes_enabled":true,"_links":{"self":[{"href":"https:\/\/blogopara.com.br\/index.php\/wp-json\/wp\/v2\/posts\/88389","targetHints":{"allow":["GET"]}}],"collection":[{"href":"https:\/\/blogopara.com.br\/index.php\/wp-json\/wp\/v2\/posts"}],"about":[{"href":"https:\/\/blogopara.com.br\/index.php\/wp-json\/wp\/v2\/types\/post"}],"author":[{"embeddable":true,"href":"https:\/\/blogopara.com.br\/index.php\/wp-json\/wp\/v2\/users\/1"}],"replies":[{"embeddable":true,"href":"https:\/\/blogopara.com.br\/index.php\/wp-json\/wp\/v2\/comments?post=88389"}],"version-history":[{"count":2,"href":"https:\/\/blogopara.com.br\/index.php\/wp-json\/wp\/v2\/posts\/88389\/revisions"}],"predecessor-version":[{"id":88392,"href":"https:\/\/blogopara.com.br\/index.php\/wp-json\/wp\/v2\/posts\/88389\/revisions\/88392"}],"wp:featuredmedia":[{"embeddable":true,"href":"https:\/\/blogopara.com.br\/index.php\/wp-json\/wp\/v2\/media\/88390"}],"wp:attachment":[{"href":"https:\/\/blogopara.com.br\/index.php\/wp-json\/wp\/v2\/media?parent=88389"}],"wp:term":[{"taxonomy":"category","embeddable":true,"href":"https:\/\/blogopara.com.br\/index.php\/wp-json\/wp\/v2\/categories?post=88389"},{"taxonomy":"post_tag","embeddable":true,"href":"https:\/\/blogopara.com.br\/index.php\/wp-json\/wp\/v2\/tags?post=88389"}],"curies":[{"name":"wp","href":"https:\/\/api.w.org\/{rel}","templated":true}]}}