{"id":88402,"date":"2026-09-04T17:22:21","date_gmt":"2026-09-04T20:22:21","guid":{"rendered":"https:\/\/blogopara.com.br\/?p=88402"},"modified":"2026-09-04T17:22:21","modified_gmt":"2026-09-04T20:22:21","slug":"jordavio-ramos-e-recebido-com-festa-nos-residenciais-praia-do-rodeadouro-e-morada-do-salitre-e-realiza-grande-caminhada-no-quide-nesta-sexta","status":"publish","type":"post","link":"https:\/\/blogopara.com.br\/index.php\/2026\/09\/04\/jordavio-ramos-e-recebido-com-festa-nos-residenciais-praia-do-rodeadouro-e-morada-do-salitre-e-realiza-grande-caminhada-no-quide-nesta-sexta","title":{"rendered":"Jord\u00e1vio Ramos \u00e9 recebido com festa nos residenciais Praia do Rodeadouro e Morada do Salitre e realiza grande caminhada no Quid\u00e9 nesta sexta"},"content":{"rendered":"<p>A campanha de Jord\u00e1vio Ramos segue ganhando as ruas de Juazeiro. Depois de ser recebido com festa pelos moradores dos residenciais Praia do Rodeadouro e Morada do Salitre, na quinta-feira (3), o candidato a deputado estadual realiza, nesta sexta-feira (4), uma grande caminhada pelo bairro Quid\u00e9, com a presen\u00e7a do deputado federal Adolfo Viana.<\/p>\n<p>A agenda nos residenciais reuniu apoiadores, lideran\u00e7as e moradores em uma caminhada marcada pela receptividade da popula\u00e7\u00e3o. Jord\u00e1vio percorreu as comunidades acompanhado da ex-prefeita de Juazeiro e primeira suplente na chapa de Jo\u00e3o Roma ao Senado, Suzana Ramos, al\u00e9m de Raffani e do ex-prefeito Isaac Carvalho. Durante o percurso, Jord\u00e1vio conversou com moradores, recebeu manifesta\u00e7\u00f5es de apoio e refor\u00e7ou o compromisso de representar Juazeiro e a regi\u00e3o Norte da Bahia na Assembleia Legislativa por mais um mandato.<\/p>\n<p>Nesta sexta-feira, a mobiliza\u00e7\u00e3o continua no Quid\u00e9. A concentra\u00e7\u00e3o est\u00e1 marcada para as 18h44, no p\u00e1tio da Feira Livre do bairro, de onde Jord\u00e1vio e seus apoiadores sair\u00e3o em caminhada pelas ruas da comunidade. O ato contar\u00e1 com a presen\u00e7a do deputado federal Adolfo Viana e deve reunir lideran\u00e7as pol\u00edticas, apoiadores e moradores do Quid\u00e9 e de bairros pr\u00f3ximos.<\/p>\n<div>\n&#8211;<br \/>\nAscom Jord\u00e1vio Ramos<\/div>\n","protected":false},"excerpt":{"rendered":"<p>A campanha de Jord\u00e1vio Ramos segue ganhando as ruas de Juazeiro. Depois de ser recebido com festa pelos moradores dos residenciais Praia do Rodeadouro e Morada do Salitre, na quinta-feira (3), o candidato a deputado estadual realiza, nesta sexta-feira (4), uma grande caminhada pelo bairro Quid\u00e9, com a presen\u00e7a do deputado federal Adolfo Viana. A [&hellip;]<\/p>\n","protected":false},"author":1,"featured_media":88403,"comment_status":"open","ping_status":"open","sticky":false,"template":"","format":"standard","meta":{"_uag_custom_page_level_css":"","_monsterinsights_skip_tracking":false,"_monsterinsights_sitenote_active":false,"_monsterinsights_sitenote_note":"","_monsterinsights_sitenote_category":0,"jetpack_post_was_ever_published":false,"_jetpack_newsletter_access":"","_jetpack_dont_email_post_to_subs":false,"_jetpack_newsletter_tier_id":0,"_jetpack_memberships_contains_paywalled_content":false,"_jetpack_memberships_contains_paid_content":false,"footnotes":"","jetpack_publicize_message":"","jetpack_publicize_feature_enabled":true,"jetpack_social_post_already_shared":true,"jetpack_social_options":{"image_generator_settings":{"template":"highway","default_image_id":0,"font":"","enabled":false},"version":2}},"categories":[197],"tags":[],"class_list":["post-88402","post","type-post","status-publish","format-standard","has-post-thumbnail","hentry","category-politica"],"jetpack_publicize_connections":[],"jetpack_featured_media_url":"https:\/\/blogopara.com.br\/wp-content\/uploads\/2026\/09\/cb9407dc-82f3-4397-9b16-dad0f0ebea0d.jpg","uagb_featured_image_src":{"full":["https:\/\/blogopara.com.br\/wp-content\/uploads\/2026\/09\/cb9407dc-82f3-4397-9b16-dad0f0ebea0d.jpg",506,594,false],"thumbnail":["https:\/\/blogopara.com.br\/wp-content\/uploads\/2026\/09\/cb9407dc-82f3-4397-9b16-dad0f0ebea0d-150x150.jpg",150,150,true],"medium":["https:\/\/blogopara.com.br\/wp-content\/uploads\/2026\/09\/cb9407dc-82f3-4397-9b16-dad0f0ebea0d-256x300.jpg",256,300,true],"medium_large":["https:\/\/blogopara.com.br\/wp-content\/uploads\/2026\/09\/cb9407dc-82f3-4397-9b16-dad0f0ebea0d.jpg",506,594,false],"large":["https:\/\/blogopara.com.br\/wp-content\/uploads\/2026\/09\/cb9407dc-82f3-4397-9b16-dad0f0ebea0d.jpg",506,594,false],"1536x1536":["https:\/\/blogopara.com.br\/wp-content\/uploads\/2026\/09\/cb9407dc-82f3-4397-9b16-dad0f0ebea0d.jpg",506,594,false],"2048x2048":["https:\/\/blogopara.com.br\/wp-content\/uploads\/2026\/09\/cb9407dc-82f3-4397-9b16-dad0f0ebea0d.jpg",506,594,false],"mantranews-slider-large":["https:\/\/blogopara.com.br\/wp-content\/uploads\/2026\/09\/cb9407dc-82f3-4397-9b16-dad0f0ebea0d.jpg",506,594,false],"mantranews-featured-medium":["https:\/\/blogopara.com.br\/wp-content\/uploads\/2026\/09\/cb9407dc-82f3-4397-9b16-dad0f0ebea0d-420x307.jpg",420,307,true],"mantranews-featured-long":["https:\/\/blogopara.com.br\/wp-content\/uploads\/2026\/09\/cb9407dc-82f3-4397-9b16-dad0f0ebea0d-300x443.jpg",300,443,true],"mantranews-block-medium":["https:\/\/blogopara.com.br\/wp-content\/uploads\/2026\/09\/cb9407dc-82f3-4397-9b16-dad0f0ebea0d-464x290.jpg",464,290,true],"mantranews-carousel-image":["https:\/\/blogopara.com.br\/wp-content\/uploads\/2026\/09\/cb9407dc-82f3-4397-9b16-dad0f0ebea0d-506x500.jpg",506,500,true],"mantranews-block-thumb":["https:\/\/blogopara.com.br\/wp-content\/uploads\/2026\/09\/cb9407dc-82f3-4397-9b16-dad0f0ebea0d-322x230.jpg",322,230,true],"mantranews-single-large":["https:\/\/blogopara.com.br\/wp-content\/uploads\/2026\/09\/cb9407dc-82f3-4397-9b16-dad0f0ebea0d.jpg",506,594,false]},"uagb_author_info":{"display_name":"Reda\u00e7\u00e3o geral","author_link":"https:\/\/blogopara.com.br\/index.php\/author\/blogopara"},"uagb_comment_info":0,"uagb_excerpt":"A campanha de Jord\u00e1vio Ramos segue ganhando as ruas de Juazeiro. Depois de ser recebido com festa pelos moradores dos residenciais Praia do Rodeadouro e Morada do Salitre, na quinta-feira (3), o candidato a deputado estadual realiza, nesta sexta-feira (4), uma grande caminhada pelo bairro Quid\u00e9, com a presen\u00e7a do deputado federal Adolfo Viana. A&hellip;","jetpack_sharing_enabled":true,"jetpack_likes_enabled":true,"_links":{"self":[{"href":"https:\/\/blogopara.com.br\/index.php\/wp-json\/wp\/v2\/posts\/88402","targetHints":{"allow":["GET"]}}],"collection":[{"href":"https:\/\/blogopara.com.br\/index.php\/wp-json\/wp\/v2\/posts"}],"about":[{"href":"https:\/\/blogopara.com.br\/index.php\/wp-json\/wp\/v2\/types\/post"}],"author":[{"embeddable":true,"href":"https:\/\/blogopara.com.br\/index.php\/wp-json\/wp\/v2\/users\/1"}],"replies":[{"embeddable":true,"href":"https:\/\/blogopara.com.br\/index.php\/wp-json\/wp\/v2\/comments?post=88402"}],"version-history":[{"count":1,"href":"https:\/\/blogopara.com.br\/index.php\/wp-json\/wp\/v2\/posts\/88402\/revisions"}],"predecessor-version":[{"id":88404,"href":"https:\/\/blogopara.com.br\/index.php\/wp-json\/wp\/v2\/posts\/88402\/revisions\/88404"}],"wp:featuredmedia":[{"embeddable":true,"href":"https:\/\/blogopara.com.br\/index.php\/wp-json\/wp\/v2\/media\/88403"}],"wp:attachment":[{"href":"https:\/\/blogopara.com.br\/index.php\/wp-json\/wp\/v2\/media?parent=88402"}],"wp:term":[{"taxonomy":"category","embeddable":true,"href":"https:\/\/blogopara.com.br\/index.php\/wp-json\/wp\/v2\/categories?post=88402"},{"taxonomy":"post_tag","embeddable":true,"href":"https:\/\/blogopara.com.br\/index.php\/wp-json\/wp\/v2\/tags?post=88402"}],"curies":[{"name":"wp","href":"https:\/\/api.w.org\/{rel}","templated":true}]}}