{"id":88408,"date":"2026-09-04T17:34:27","date_gmt":"2026-09-04T20:34:27","guid":{"rendered":"https:\/\/blogopara.com.br\/?p=88408"},"modified":"2026-09-04T17:34:27","modified_gmt":"2026-09-04T20:34:27","slug":"senhor-do-bonfim-encerra-agosto-lilas-com-palestra-sobre-os-20-anos-da-lei-maria-da-penha","status":"publish","type":"post","link":"https:\/\/blogopara.com.br\/index.php\/2026\/09\/04\/senhor-do-bonfim-encerra-agosto-lilas-com-palestra-sobre-os-20-anos-da-lei-maria-da-penha","title":{"rendered":"Senhor do Bonfim encerra Agosto Lil\u00e1s com palestra sobre os 20 anos da Lei Maria da Penha"},"content":{"rendered":"<p class=\"x_MsoNormal\">A Prefeitura de Senhor do Bonfim encerrou nesta segunda-feira (31) a programa\u00e7\u00e3o do Agosto Lil\u00e1s, campanha nacional de conscientiza\u00e7\u00e3o e enfrentamento \u00e0 viol\u00eancia contra a mulher. A culmin\u00e2ncia aconteceu na C\u00e2mara de Vereadores, com a palestra \u201c20 anos da Lei Maria da Penha\u201d, ministrada pela capit\u00e3 PM Tatiane Carvalho, comandante da Ronda Maria da Penha de Juazeiro-BA.<\/p>\n<p class=\"x_MsoNormal\">A iniciativa foi realizada por meio das Secretarias Municipais de Pol\u00edticas P\u00fablicas para Mulheres e de Assist\u00eancia Social, reunindo profissionais da rede de prote\u00e7\u00e3o, representantes do poder p\u00fablico e comunidade em um momento de di\u00e1logo, informa\u00e7\u00e3o e conscientiza\u00e7\u00e3o.<\/p>\n<p class=\"x_MsoNormal\">Presente na programa\u00e7\u00e3o, o prefeito La\u00e9rcio J\u00fanior destacou que o Agosto Lil\u00e1s \u00e9 um per\u00edodo importante para refor\u00e7ar a exist\u00eancia e a import\u00e2ncia da Lei Maria da Penha, mas ressaltou que o cuidado e a prote\u00e7\u00e3o \u00e0s mulheres precisam ser permanentes. \u201cAgosto vem para nos lembrar que a Lei Maria da Penha existe e que ela veio para garantir que nossas mulheres tenham o direito de viver com tranquilidade e seguran\u00e7a. Precisamos combater n\u00e3o apenas a agress\u00e3o f\u00edsica, mas tamb\u00e9m cuidar do psicol\u00f3gico e enfrentar toda forma de viol\u00eancia e covardia contra a mulher. A Prefeitura tem que ser parceira em todos os tempos e momentos, e fico muito feliz em saber que Senhor do Bonfim tem feito a diferen\u00e7a nessa luta\u201d, afirmou.<\/p>\n<p class=\"x_MsoNormal\">Para a secret\u00e1ria municipal de Pol\u00edticas P\u00fablicas para Mulheres, Regivan Gomes, a campanha intensifica uma mobiliza\u00e7\u00e3o que acontece durante todo o ano. \u201cNo Agosto Lil\u00e1s, refor\u00e7amos uma mensagem que repetimos todos os dias: mulher, voc\u00ea n\u00e3o est\u00e1 sozinha. Nossa rede est\u00e1 preparada para acolher, orientar e fortalecer quem precisa de ajuda.\u201d<\/p>\n<p class=\"x_MsoNormal\">A secret\u00e1ria municipal de Assist\u00eancia Social, Taciane Granja, ressaltou a programa\u00e7\u00e3o desenvolvida durante todo o m\u00eas e refor\u00e7ou que o encerramento da campanha n\u00e3o significa o fim da mobiliza\u00e7\u00e3o. \u201cEncerramos o calend\u00e1rio do Agosto Lil\u00e1s, mas nosso compromisso continua todos os dias. Temos a Secretaria de Pol\u00edticas P\u00fablicas para Mulheres, o Centro de Refer\u00eancia da Mulher M\u00e3e Sulinha, o Centro de Reeduca\u00e7\u00e3o de Homens e toda uma rede que trabalha incansavelmente para acolher, orientar, proteger e garantir direitos. Agosto Lil\u00e1s termina, mas a prote\u00e7\u00e3o continua.\u201d<\/p>\n<p class=\"x_MsoNormal\">Com o encerramento da programa\u00e7\u00e3o, o munic\u00edpio refor\u00e7a o compromisso de manter ativa a rede de prote\u00e7\u00e3o e ampliar as a\u00e7\u00f5es de preven\u00e7\u00e3o e enfrentamento \u00e0 viol\u00eancia contra a mulher, garantindo informa\u00e7\u00e3o, acolhimento e acesso aos direitos.<\/p>\n<p class=\"x_MsoNormal\">Ascom PMSB<\/p>\n","protected":false},"excerpt":{"rendered":"<p>A Prefeitura de Senhor do Bonfim encerrou nesta segunda-feira (31) a programa\u00e7\u00e3o do Agosto Lil\u00e1s, campanha nacional de conscientiza\u00e7\u00e3o e enfrentamento \u00e0 viol\u00eancia contra a mulher. A culmin\u00e2ncia aconteceu na C\u00e2mara de Vereadores, com a palestra \u201c20 anos da Lei Maria da Penha\u201d, ministrada pela capit\u00e3 PM Tatiane Carvalho, comandante da Ronda Maria da Penha [&hellip;]<\/p>\n","protected":false},"author":1,"featured_media":88409,"comment_status":"open","ping_status":"open","sticky":false,"template":"","format":"standard","meta":{"_uag_custom_page_level_css":"","_monsterinsights_skip_tracking":false,"_monsterinsights_sitenote_active":false,"_monsterinsights_sitenote_note":"","_monsterinsights_sitenote_category":0,"jetpack_post_was_ever_published":false,"_jetpack_newsletter_access":"","_jetpack_dont_email_post_to_subs":false,"_jetpack_newsletter_tier_id":0,"_jetpack_memberships_contains_paywalled_content":false,"_jetpack_memberships_contains_paid_content":false,"footnotes":"","jetpack_publicize_message":"","jetpack_publicize_feature_enabled":true,"jetpack_social_post_already_shared":true,"jetpack_social_options":{"image_generator_settings":{"template":"highway","default_image_id":0,"font":"","enabled":false},"version":2}},"categories":[199],"tags":[],"class_list":["post-88408","post","type-post","status-publish","format-standard","has-post-thumbnail","hentry","category-bahia"],"jetpack_publicize_connections":[],"jetpack_featured_media_url":"https:\/\/blogopara.com.br\/wp-content\/uploads\/2026\/09\/13d8fe79-4d9b-4681-8623-abc69ebcde98.jpg","uagb_featured_image_src":{"full":["https:\/\/blogopara.com.br\/wp-content\/uploads\/2026\/09\/13d8fe79-4d9b-4681-8623-abc69ebcde98.jpg",500,333,false],"thumbnail":["https:\/\/blogopara.com.br\/wp-content\/uploads\/2026\/09\/13d8fe79-4d9b-4681-8623-abc69ebcde98-150x150.jpg",150,150,true],"medium":["https:\/\/blogopara.com.br\/wp-content\/uploads\/2026\/09\/13d8fe79-4d9b-4681-8623-abc69ebcde98-300x200.jpg",300,200,true],"medium_large":["https:\/\/blogopara.com.br\/wp-content\/uploads\/2026\/09\/13d8fe79-4d9b-4681-8623-abc69ebcde98.jpg",500,333,false],"large":["https:\/\/blogopara.com.br\/wp-content\/uploads\/2026\/09\/13d8fe79-4d9b-4681-8623-abc69ebcde98.jpg",500,333,false],"1536x1536":["https:\/\/blogopara.com.br\/wp-content\/uploads\/2026\/09\/13d8fe79-4d9b-4681-8623-abc69ebcde98.jpg",500,333,false],"2048x2048":["https:\/\/blogopara.com.br\/wp-content\/uploads\/2026\/09\/13d8fe79-4d9b-4681-8623-abc69ebcde98.jpg",500,333,false],"mantranews-slider-large":["https:\/\/blogopara.com.br\/wp-content\/uploads\/2026\/09\/13d8fe79-4d9b-4681-8623-abc69ebcde98.jpg",500,333,false],"mantranews-featured-medium":["https:\/\/blogopara.com.br\/wp-content\/uploads\/2026\/09\/13d8fe79-4d9b-4681-8623-abc69ebcde98-420x307.jpg",420,307,true],"mantranews-featured-long":["https:\/\/blogopara.com.br\/wp-content\/uploads\/2026\/09\/13d8fe79-4d9b-4681-8623-abc69ebcde98-300x333.jpg",300,333,true],"mantranews-block-medium":["https:\/\/blogopara.com.br\/wp-content\/uploads\/2026\/09\/13d8fe79-4d9b-4681-8623-abc69ebcde98-464x290.jpg",464,290,true],"mantranews-carousel-image":["https:\/\/blogopara.com.br\/wp-content\/uploads\/2026\/09\/13d8fe79-4d9b-4681-8623-abc69ebcde98.jpg",500,333,false],"mantranews-block-thumb":["https:\/\/blogopara.com.br\/wp-content\/uploads\/2026\/09\/13d8fe79-4d9b-4681-8623-abc69ebcde98-322x230.jpg",322,230,true],"mantranews-single-large":["https:\/\/blogopara.com.br\/wp-content\/uploads\/2026\/09\/13d8fe79-4d9b-4681-8623-abc69ebcde98.jpg",500,333,false]},"uagb_author_info":{"display_name":"Reda\u00e7\u00e3o geral","author_link":"https:\/\/blogopara.com.br\/index.php\/author\/blogopara"},"uagb_comment_info":0,"uagb_excerpt":"A Prefeitura de Senhor do Bonfim encerrou nesta segunda-feira (31) a programa\u00e7\u00e3o do Agosto Lil\u00e1s, campanha nacional de conscientiza\u00e7\u00e3o e enfrentamento \u00e0 viol\u00eancia contra a mulher. A culmin\u00e2ncia aconteceu na C\u00e2mara de Vereadores, com a palestra \u201c20 anos da Lei Maria da Penha\u201d, ministrada pela capit\u00e3 PM Tatiane Carvalho, comandante da Ronda Maria da Penha&hellip;","jetpack_sharing_enabled":true,"jetpack_likes_enabled":true,"_links":{"self":[{"href":"https:\/\/blogopara.com.br\/index.php\/wp-json\/wp\/v2\/posts\/88408","targetHints":{"allow":["GET"]}}],"collection":[{"href":"https:\/\/blogopara.com.br\/index.php\/wp-json\/wp\/v2\/posts"}],"about":[{"href":"https:\/\/blogopara.com.br\/index.php\/wp-json\/wp\/v2\/types\/post"}],"author":[{"embeddable":true,"href":"https:\/\/blogopara.com.br\/index.php\/wp-json\/wp\/v2\/users\/1"}],"replies":[{"embeddable":true,"href":"https:\/\/blogopara.com.br\/index.php\/wp-json\/wp\/v2\/comments?post=88408"}],"version-history":[{"count":1,"href":"https:\/\/blogopara.com.br\/index.php\/wp-json\/wp\/v2\/posts\/88408\/revisions"}],"predecessor-version":[{"id":88410,"href":"https:\/\/blogopara.com.br\/index.php\/wp-json\/wp\/v2\/posts\/88408\/revisions\/88410"}],"wp:featuredmedia":[{"embeddable":true,"href":"https:\/\/blogopara.com.br\/index.php\/wp-json\/wp\/v2\/media\/88409"}],"wp:attachment":[{"href":"https:\/\/blogopara.com.br\/index.php\/wp-json\/wp\/v2\/media?parent=88408"}],"wp:term":[{"taxonomy":"category","embeddable":true,"href":"https:\/\/blogopara.com.br\/index.php\/wp-json\/wp\/v2\/categories?post=88408"},{"taxonomy":"post_tag","embeddable":true,"href":"https:\/\/blogopara.com.br\/index.php\/wp-json\/wp\/v2\/tags?post=88408"}],"curies":[{"name":"wp","href":"https:\/\/api.w.org\/{rel}","templated":true}]}}