{"id":88411,"date":"2026-09-04T17:39:10","date_gmt":"2026-09-04T20:39:10","guid":{"rendered":"https:\/\/blogopara.com.br\/?p=88411"},"modified":"2026-09-04T17:39:10","modified_gmt":"2026-09-04T20:39:10","slug":"movimento-bora-construir-promove-encontro-comunitario-em-remanso-neste-sabado","status":"publish","type":"post","link":"https:\/\/blogopara.com.br\/index.php\/2026\/09\/04\/movimento-bora-construir-promove-encontro-comunitario-em-remanso-neste-sabado","title":{"rendered":"Movimento &#8220;Bora Construir&#8221; promove encontro comunit\u00e1rio em Remanso neste s\u00e1bado"},"content":{"rendered":"<p>A comunidade de Remanso ser\u00e1 palco, neste s\u00e1bado, dia 5 de setembro, de um encontro promovido pelo movimento Bora Construir, com o objetivo de reunir moradores e lideran\u00e7as locais para um di\u00e1logo aberto sobre os principais desafios e oportunidades da regi\u00e3o.<\/p>\n<p>O evento ter\u00e1 in\u00edcio \u00e0s 18h, no Centro Social, localizado na Pra\u00e7a da Igreja Cat\u00f3lica, e contar\u00e1 com a participa\u00e7\u00e3o de moradores de diferentes bairros e segmentos da comunidade.<\/p>\n<p>O encontro tem como prop\u00f3sito criar um espa\u00e7o de escuta ativa, no qual a popula\u00e7\u00e3o possa apresentar demandas, compartilhar ideias e contribuir diretamente para a constru\u00e7\u00e3o de propostas voltadas ao desenvolvimento de Remanso.<\/p>\n<p>Juvenilson Passos refor\u00e7a o convite a toda a popula\u00e7\u00e3o para participar do encontro, destacando a import\u00e2ncia do engajamento coletivo na constru\u00e7\u00e3o de solu\u00e7\u00f5es para os desafios do munic\u00edpio.<\/p>\n<p>Data<br \/>\nS\u00e1bado, 5 de setembro<br \/>\nHor\u00e1rio<br \/>\n18h<br \/>\nLocal<br \/>\nCentro Social \u2013 Pra\u00e7a da Igreja Cat\u00f3lica, Remanso-BA<br \/>\nParticipa\u00e7\u00e3o<br \/>\nAberta \u00e0 comunidade e \u00e0s fam\u00edlias de Remanso<\/p>\n","protected":false},"excerpt":{"rendered":"<p>A comunidade de Remanso ser\u00e1 palco, neste s\u00e1bado, dia 5 de setembro, de um encontro promovido pelo movimento Bora Construir, com o objetivo de reunir moradores e lideran\u00e7as locais para um di\u00e1logo aberto sobre os principais desafios e oportunidades da regi\u00e3o. O evento ter\u00e1 in\u00edcio \u00e0s 18h, no Centro Social, localizado na Pra\u00e7a da Igreja [&hellip;]<\/p>\n","protected":false},"author":1,"featured_media":88412,"comment_status":"open","ping_status":"open","sticky":false,"template":"","format":"standard","meta":{"_uag_custom_page_level_css":"","_monsterinsights_skip_tracking":false,"_monsterinsights_sitenote_active":false,"_monsterinsights_sitenote_note":"","_monsterinsights_sitenote_category":0,"jetpack_post_was_ever_published":false,"_jetpack_newsletter_access":"","_jetpack_dont_email_post_to_subs":false,"_jetpack_newsletter_tier_id":0,"_jetpack_memberships_contains_paywalled_content":false,"_jetpack_memberships_contains_paid_content":false,"footnotes":"","jetpack_publicize_message":"","jetpack_publicize_feature_enabled":true,"jetpack_social_post_already_shared":true,"jetpack_social_options":{"image_generator_settings":{"template":"highway","default_image_id":0,"font":"","enabled":false},"version":2}},"categories":[197],"tags":[11115,11336],"class_list":["post-88411","post","type-post","status-publish","format-standard","has-post-thumbnail","hentry","category-politica","tag-juvenilson-passos","tag-tom-ze"],"jetpack_publicize_connections":[],"jetpack_featured_media_url":"https:\/\/blogopara.com.br\/wp-content\/uploads\/2026\/09\/WhatsApp-Image-2026-09-04-at-08.11.23-1.jpeg","uagb_featured_image_src":{"full":["https:\/\/blogopara.com.br\/wp-content\/uploads\/2026\/09\/WhatsApp-Image-2026-09-04-at-08.11.23-1.jpeg",499,514,false],"thumbnail":["https:\/\/blogopara.com.br\/wp-content\/uploads\/2026\/09\/WhatsApp-Image-2026-09-04-at-08.11.23-1-150x150.jpeg",150,150,true],"medium":["https:\/\/blogopara.com.br\/wp-content\/uploads\/2026\/09\/WhatsApp-Image-2026-09-04-at-08.11.23-1-291x300.jpeg",291,300,true],"medium_large":["https:\/\/blogopara.com.br\/wp-content\/uploads\/2026\/09\/WhatsApp-Image-2026-09-04-at-08.11.23-1.jpeg",499,514,false],"large":["https:\/\/blogopara.com.br\/wp-content\/uploads\/2026\/09\/WhatsApp-Image-2026-09-04-at-08.11.23-1.jpeg",499,514,false],"1536x1536":["https:\/\/blogopara.com.br\/wp-content\/uploads\/2026\/09\/WhatsApp-Image-2026-09-04-at-08.11.23-1.jpeg",499,514,false],"2048x2048":["https:\/\/blogopara.com.br\/wp-content\/uploads\/2026\/09\/WhatsApp-Image-2026-09-04-at-08.11.23-1.jpeg",499,514,false],"mantranews-slider-large":["https:\/\/blogopara.com.br\/wp-content\/uploads\/2026\/09\/WhatsApp-Image-2026-09-04-at-08.11.23-1.jpeg",499,514,false],"mantranews-featured-medium":["https:\/\/blogopara.com.br\/wp-content\/uploads\/2026\/09\/WhatsApp-Image-2026-09-04-at-08.11.23-1-420x307.jpeg",420,307,true],"mantranews-featured-long":["https:\/\/blogopara.com.br\/wp-content\/uploads\/2026\/09\/WhatsApp-Image-2026-09-04-at-08.11.23-1-300x443.jpeg",300,443,true],"mantranews-block-medium":["https:\/\/blogopara.com.br\/wp-content\/uploads\/2026\/09\/WhatsApp-Image-2026-09-04-at-08.11.23-1-464x290.jpeg",464,290,true],"mantranews-carousel-image":["https:\/\/blogopara.com.br\/wp-content\/uploads\/2026\/09\/WhatsApp-Image-2026-09-04-at-08.11.23-1-499x500.jpeg",499,500,true],"mantranews-block-thumb":["https:\/\/blogopara.com.br\/wp-content\/uploads\/2026\/09\/WhatsApp-Image-2026-09-04-at-08.11.23-1-322x230.jpeg",322,230,true],"mantranews-single-large":["https:\/\/blogopara.com.br\/wp-content\/uploads\/2026\/09\/WhatsApp-Image-2026-09-04-at-08.11.23-1.jpeg",499,514,false]},"uagb_author_info":{"display_name":"Reda\u00e7\u00e3o geral","author_link":"https:\/\/blogopara.com.br\/index.php\/author\/blogopara"},"uagb_comment_info":0,"uagb_excerpt":"A comunidade de Remanso ser\u00e1 palco, neste s\u00e1bado, dia 5 de setembro, de um encontro promovido pelo movimento Bora Construir, com o objetivo de reunir moradores e lideran\u00e7as locais para um di\u00e1logo aberto sobre os principais desafios e oportunidades da regi\u00e3o. O evento ter\u00e1 in\u00edcio \u00e0s 18h, no Centro Social, localizado na Pra\u00e7a da Igreja&hellip;","jetpack_sharing_enabled":true,"jetpack_likes_enabled":true,"_links":{"self":[{"href":"https:\/\/blogopara.com.br\/index.php\/wp-json\/wp\/v2\/posts\/88411","targetHints":{"allow":["GET"]}}],"collection":[{"href":"https:\/\/blogopara.com.br\/index.php\/wp-json\/wp\/v2\/posts"}],"about":[{"href":"https:\/\/blogopara.com.br\/index.php\/wp-json\/wp\/v2\/types\/post"}],"author":[{"embeddable":true,"href":"https:\/\/blogopara.com.br\/index.php\/wp-json\/wp\/v2\/users\/1"}],"replies":[{"embeddable":true,"href":"https:\/\/blogopara.com.br\/index.php\/wp-json\/wp\/v2\/comments?post=88411"}],"version-history":[{"count":1,"href":"https:\/\/blogopara.com.br\/index.php\/wp-json\/wp\/v2\/posts\/88411\/revisions"}],"predecessor-version":[{"id":88413,"href":"https:\/\/blogopara.com.br\/index.php\/wp-json\/wp\/v2\/posts\/88411\/revisions\/88413"}],"wp:featuredmedia":[{"embeddable":true,"href":"https:\/\/blogopara.com.br\/index.php\/wp-json\/wp\/v2\/media\/88412"}],"wp:attachment":[{"href":"https:\/\/blogopara.com.br\/index.php\/wp-json\/wp\/v2\/media?parent=88411"}],"wp:term":[{"taxonomy":"category","embeddable":true,"href":"https:\/\/blogopara.com.br\/index.php\/wp-json\/wp\/v2\/categories?post=88411"},{"taxonomy":"post_tag","embeddable":true,"href":"https:\/\/blogopara.com.br\/index.php\/wp-json\/wp\/v2\/tags?post=88411"}],"curies":[{"name":"wp","href":"https:\/\/api.w.org\/{rel}","templated":true}]}}