{"id":88414,"date":"2026-09-04T19:14:00","date_gmt":"2026-09-04T22:14:00","guid":{"rendered":"https:\/\/blogopara.com.br\/?p=88414"},"modified":"2026-09-04T19:14:00","modified_gmt":"2026-09-04T22:14:00","slug":"paulo-ribeiro-von-czekus-um-homem-a-frente-do-seu-tempo","status":"publish","type":"post","link":"https:\/\/blogopara.com.br\/index.php\/2026\/09\/04\/paulo-ribeiro-von-czekus-um-homem-a-frente-do-seu-tempo","title":{"rendered":"Paulo Ribeiro Von Cz\u00e9kus: um homem a frente do seu tempo"},"content":{"rendered":"<p>Paulo Ribeiro Von Cz\u00e9kus nasceu em Salvador Bahia, no dia 18 de dezembro de 1944. Filho de Elza Ribeiro Von Cz\u00e9kus \u00e9 Eug\u00eanio Paulo Von Cz\u00e9kus<\/p>\n<p>Veio ainda muito novo para Juazeiro-Bahia, onde criou ra\u00edzes, construiu fam\u00edlia e se tornou um dos maiores nomes da cultura do sert\u00e3o.<\/p>\n<p>O Jornalista e Radialista:<br \/>\nPaulo Ribeiro come\u00e7ou sua trajet\u00f3ria ainda muito jovem, como jornalista. Com talento, voz marcante e paix\u00e3o pela comunica\u00e7\u00e3o, logo se tornou uma refer\u00eancia.<br \/>\nFoi ex-radialista da R\u00e1dio Juazeiro e tamb\u00e9m da R\u00e1dio Grande Rio, Emissora Rural.<\/p>\n<p>O Homem do Cinema e do Teatro<br \/>\nAl\u00e9m do jornalismo, Paulo Ribeiro tinha a arte no sangue. Ele participou de diversos filmes gravados na regi\u00e3o, representando o povo do sert\u00e3o com orgulho e levando nossa cultura para milh\u00f5es de pessoas:<\/p>\n<p>&#8211; Guerra de Canudos &#8211; 1997: No papel de fazendeiro. Maior produ\u00e7\u00e3o brasileira da \u00e9poca, dirigida por S\u00e9rgio Rezende.<br \/>\n&#8211; Vol\u00fapia: Tri\u00e2ngulo amoroso que ultrapassa os limites.<br \/>\n&#8211; Irm\u00e3os Quixaba<br \/>\n&#8211; Bravios do Sert\u00e3o<br \/>\n&#8211; A\u00e7\u00facar Amargo: Hist\u00f3ria de for\u00e7a contra o trabalho infantil e viol\u00eancia.<br \/>\n&#8211; Sussuarana: Document\u00e1rio exibido na Fran\u00e7a.<\/p>\n<p>No teatro, tamb\u00e9m deixou sua marca. Foi figurino de v\u00e1rias pe\u00e7as no Centro de Cultura Jo\u00e3o Gilberto, em Juazeiro-BA, ajudando a dar vida e cor aos espet\u00e1culos da cidade.<\/p>\n<p>Reconhecimentos e Lideran\u00e7a:<br \/>\n&#8211; Ganhou o Pr\u00eamio da Associa\u00e7\u00e3o dos Universit\u00e1rios de Juazeiro<br \/>\n&#8211; Pr\u00eamio de Melhor Int\u00e9rprete<br \/>\n&#8211; Um dos Fundadores do Sinserp<br \/>\n&#8211; Ex-Diretor Social da Galeria Apollo<br \/>\n&#8211; Ex-Presidente do Sinserp<\/p>\n<p>O Legado:<br \/>\nPaulo Ribeiro come\u00e7ou como jornalista, mas se tornou um dos nomes mais respeitados da cultura do sert\u00e3o. Um homem que transitou entre o r\u00e1dio, o cinema, o teatro e a televis\u00e3o, sempre com dedica\u00e7\u00e3o.<\/p>\n<p>Ele carregou seu legado por onde passou. Um legado de trabalho, arte, comunica\u00e7\u00e3o e amor pela sua terra.<\/p>\n<p>Paulo Ribeiro Von Cz\u00e9kus \u00e9 mais que um nome na ficha t\u00e9cnica. \u00c9 mem\u00f3ria viva da cultura baiana e brasileira.<\/p>\n","protected":false},"excerpt":{"rendered":"<p>Paulo Ribeiro Von Cz\u00e9kus nasceu em Salvador Bahia, no dia 18 de dezembro de 1944. Filho de Elza Ribeiro Von Cz\u00e9kus \u00e9 Eug\u00eanio Paulo Von Cz\u00e9kus Veio ainda muito novo para Juazeiro-Bahia, onde criou ra\u00edzes, construiu fam\u00edlia e se tornou um dos maiores nomes da cultura do sert\u00e3o. O Jornalista e Radialista: Paulo Ribeiro come\u00e7ou [&hellip;]<\/p>\n","protected":false},"author":1,"featured_media":88415,"comment_status":"open","ping_status":"open","sticky":false,"template":"","format":"standard","meta":{"_uag_custom_page_level_css":"","_monsterinsights_skip_tracking":false,"_monsterinsights_sitenote_active":false,"_monsterinsights_sitenote_note":"","_monsterinsights_sitenote_category":0,"jetpack_post_was_ever_published":false,"_jetpack_newsletter_access":"","_jetpack_dont_email_post_to_subs":false,"_jetpack_newsletter_tier_id":0,"_jetpack_memberships_contains_paywalled_content":false,"_jetpack_memberships_contains_paid_content":false,"footnotes":"","jetpack_publicize_message":"","jetpack_publicize_feature_enabled":true,"jetpack_social_post_already_shared":true,"jetpack_social_options":{"image_generator_settings":{"template":"highway","default_image_id":0,"font":"","enabled":false},"version":2}},"categories":[203],"tags":[],"class_list":["post-88414","post","type-post","status-publish","format-standard","has-post-thumbnail","hentry","category-juazeiro"],"jetpack_publicize_connections":[],"jetpack_featured_media_url":"https:\/\/blogopara.com.br\/wp-content\/uploads\/2026\/09\/Capturar-9.jpg","uagb_featured_image_src":{"full":["https:\/\/blogopara.com.br\/wp-content\/uploads\/2026\/09\/Capturar-9.jpg",500,492,false],"thumbnail":["https:\/\/blogopara.com.br\/wp-content\/uploads\/2026\/09\/Capturar-9-150x150.jpg",150,150,true],"medium":["https:\/\/blogopara.com.br\/wp-content\/uploads\/2026\/09\/Capturar-9-300x295.jpg",300,295,true],"medium_large":["https:\/\/blogopara.com.br\/wp-content\/uploads\/2026\/09\/Capturar-9.jpg",500,492,false],"large":["https:\/\/blogopara.com.br\/wp-content\/uploads\/2026\/09\/Capturar-9.jpg",500,492,false],"1536x1536":["https:\/\/blogopara.com.br\/wp-content\/uploads\/2026\/09\/Capturar-9.jpg",500,492,false],"2048x2048":["https:\/\/blogopara.com.br\/wp-content\/uploads\/2026\/09\/Capturar-9.jpg",500,492,false],"mantranews-slider-large":["https:\/\/blogopara.com.br\/wp-content\/uploads\/2026\/09\/Capturar-9.jpg",500,492,false],"mantranews-featured-medium":["https:\/\/blogopara.com.br\/wp-content\/uploads\/2026\/09\/Capturar-9-420x307.jpg",420,307,true],"mantranews-featured-long":["https:\/\/blogopara.com.br\/wp-content\/uploads\/2026\/09\/Capturar-9-300x443.jpg",300,443,true],"mantranews-block-medium":["https:\/\/blogopara.com.br\/wp-content\/uploads\/2026\/09\/Capturar-9-464x290.jpg",464,290,true],"mantranews-carousel-image":["https:\/\/blogopara.com.br\/wp-content\/uploads\/2026\/09\/Capturar-9.jpg",500,492,false],"mantranews-block-thumb":["https:\/\/blogopara.com.br\/wp-content\/uploads\/2026\/09\/Capturar-9-322x230.jpg",322,230,true],"mantranews-single-large":["https:\/\/blogopara.com.br\/wp-content\/uploads\/2026\/09\/Capturar-9.jpg",500,492,false]},"uagb_author_info":{"display_name":"Reda\u00e7\u00e3o geral","author_link":"https:\/\/blogopara.com.br\/index.php\/author\/blogopara"},"uagb_comment_info":0,"uagb_excerpt":"Paulo Ribeiro Von Cz\u00e9kus nasceu em Salvador Bahia, no dia 18 de dezembro de 1944. Filho de Elza Ribeiro Von Cz\u00e9kus \u00e9 Eug\u00eanio Paulo Von Cz\u00e9kus Veio ainda muito novo para Juazeiro-Bahia, onde criou ra\u00edzes, construiu fam\u00edlia e se tornou um dos maiores nomes da cultura do sert\u00e3o. O Jornalista e Radialista: Paulo Ribeiro come\u00e7ou&hellip;","jetpack_sharing_enabled":true,"jetpack_likes_enabled":true,"_links":{"self":[{"href":"https:\/\/blogopara.com.br\/index.php\/wp-json\/wp\/v2\/posts\/88414","targetHints":{"allow":["GET"]}}],"collection":[{"href":"https:\/\/blogopara.com.br\/index.php\/wp-json\/wp\/v2\/posts"}],"about":[{"href":"https:\/\/blogopara.com.br\/index.php\/wp-json\/wp\/v2\/types\/post"}],"author":[{"embeddable":true,"href":"https:\/\/blogopara.com.br\/index.php\/wp-json\/wp\/v2\/users\/1"}],"replies":[{"embeddable":true,"href":"https:\/\/blogopara.com.br\/index.php\/wp-json\/wp\/v2\/comments?post=88414"}],"version-history":[{"count":1,"href":"https:\/\/blogopara.com.br\/index.php\/wp-json\/wp\/v2\/posts\/88414\/revisions"}],"predecessor-version":[{"id":88416,"href":"https:\/\/blogopara.com.br\/index.php\/wp-json\/wp\/v2\/posts\/88414\/revisions\/88416"}],"wp:featuredmedia":[{"embeddable":true,"href":"https:\/\/blogopara.com.br\/index.php\/wp-json\/wp\/v2\/media\/88415"}],"wp:attachment":[{"href":"https:\/\/blogopara.com.br\/index.php\/wp-json\/wp\/v2\/media?parent=88414"}],"wp:term":[{"taxonomy":"category","embeddable":true,"href":"https:\/\/blogopara.com.br\/index.php\/wp-json\/wp\/v2\/categories?post=88414"},{"taxonomy":"post_tag","embeddable":true,"href":"https:\/\/blogopara.com.br\/index.php\/wp-json\/wp\/v2\/tags?post=88414"}],"curies":[{"name":"wp","href":"https:\/\/api.w.org\/{rel}","templated":true}]}}