{"id":88421,"date":"2026-09-04T22:11:49","date_gmt":"2026-09-05T01:11:49","guid":{"rendered":"https:\/\/blogopara.com.br\/?p=88421"},"modified":"2026-09-05T18:03:03","modified_gmt":"2026-09-05T21:03:03","slug":"sobradinho-um-vereador-da-base-do-prefeito-e-suspeito-de-ter-produzido-video-difamatorio-contra-cleivynho","status":"publish","type":"post","link":"https:\/\/blogopara.com.br\/index.php\/2026\/09\/04\/sobradinho-um-vereador-da-base-do-prefeito-e-suspeito-de-ter-produzido-video-difamatorio-contra-cleivynho","title":{"rendered":"Sobradinho: Um vereador da base do prefeito \u00e9 suspeito de ter produzido v\u00eddeo difamat\u00f3rio contra Cleivynho"},"content":{"rendered":"<p class=\"isSelectedEnd\" style=\"text-align: left;\">Um v\u00eddeo de autoria ainda n\u00e3o confirmada, com conte\u00fado considerado difamat\u00f3rio, passou a circular nas redes sociais em Sobradinho, no norte da Bahia, tendo como principal alvo o prefeito Cleivynho Sampaio. O material, al\u00e9m de fazer acusa\u00e7\u00f5es contra o gestor, tamb\u00e9m teria atingido pessoas pr\u00f3ximas e familiares do prefeito.<\/p>\n<p class=\"isSelectedEnd\">Nos bastidores da pol\u00edtica local, a circula\u00e7\u00e3o do v\u00eddeo vem sendo associada a uma poss\u00edvel retalia\u00e7\u00e3o pol\u00edtica. A suspeita levantada \u00e9 de que o conte\u00fado teria sido produzido ou articulado por um vereador integrante da pr\u00f3pria base de apoio do prefeito.<\/p>\n<p class=\"isSelectedEnd\">Segundo informa\u00e7\u00f5es que circulam no meio pol\u00edtico, o suposto autor \u00e9 algu\u00e9m que mant\u00e9m rela\u00e7\u00e3o bastante pr\u00f3xima com Cleivynho Sampaio. O vereador tem participa\u00e7\u00e3o de diversas agendas pol\u00edticas ao lado do prefeito,\u00a0 al\u00e9m de frequentar encontros pol\u00edticos e eventos sociais nos junto ao gestor municipal.<\/p>\n<p class=\"isSelectedEnd\">A proximidade entre os dois teria aumentado ainda mais a repercuss\u00e3o do epis\u00f3dio. Isso porque, de acordo com relatos de pessoas que acompanham a pol\u00edtica de Sobradinho, o parlamentar faz parte do c\u00edrculo de confian\u00e7a do prefeito e tem acesso privilegiado a reuni\u00f5es, articula\u00e7\u00f5es e compromissos pol\u00edticos da administra\u00e7\u00e3o municipal.<\/p>\n<p class=\"isSelectedEnd\">A principal suspeita \u00e9 de que o v\u00eddeo tenha surgido como uma esp\u00e9cie de <strong>\u201c<\/strong>fogo amigo\u201d, numa tentativa de desgastar politicamente o prefeito que \u00e9 bem avaliado. Por\u00e9m parece que o tiro saiu pela culatra.<\/p>\n","protected":false},"excerpt":{"rendered":"<p>Um v\u00eddeo de autoria ainda n\u00e3o confirmada, com conte\u00fado considerado difamat\u00f3rio, passou a circular nas redes sociais em Sobradinho, no norte da Bahia, tendo como principal alvo o prefeito Cleivynho Sampaio. O material, al\u00e9m de fazer acusa\u00e7\u00f5es contra o gestor, tamb\u00e9m teria atingido pessoas pr\u00f3ximas e familiares do prefeito. Nos bastidores da pol\u00edtica local, a [&hellip;]<\/p>\n","protected":false},"author":1,"featured_media":88422,"comment_status":"open","ping_status":"open","sticky":false,"template":"","format":"standard","meta":{"_uag_custom_page_level_css":"","_monsterinsights_skip_tracking":false,"_monsterinsights_sitenote_active":false,"_monsterinsights_sitenote_note":"","_monsterinsights_sitenote_category":0,"jetpack_post_was_ever_published":false,"_jetpack_newsletter_access":"","_jetpack_dont_email_post_to_subs":false,"_jetpack_newsletter_tier_id":0,"_jetpack_memberships_contains_paywalled_content":false,"_jetpack_memberships_contains_paid_content":false,"footnotes":"","jetpack_publicize_message":"","jetpack_publicize_feature_enabled":true,"jetpack_social_post_already_shared":true,"jetpack_social_options":{"image_generator_settings":{"template":"highway","default_image_id":0,"font":"","enabled":false},"version":2}},"categories":[197],"tags":[12014,541,12015,11080],"class_list":["post-88421","post","type-post","status-publish","format-standard","has-post-thumbnail","hentry","category-politica","tag-canturil","tag-chesf","tag-cleivynho-sampaio","tag-terra-da-barragem"],"jetpack_publicize_connections":[],"jetpack_featured_media_url":"https:\/\/blogopara.com.br\/wp-content\/uploads\/2026\/09\/Sem-titulo.png","uagb_featured_image_src":{"full":["https:\/\/blogopara.com.br\/wp-content\/uploads\/2026\/09\/Sem-titulo.png",480,539,false],"thumbnail":["https:\/\/blogopara.com.br\/wp-content\/uploads\/2026\/09\/Sem-titulo-150x150.png",150,150,true],"medium":["https:\/\/blogopara.com.br\/wp-content\/uploads\/2026\/09\/Sem-titulo-267x300.png",267,300,true],"medium_large":["https:\/\/blogopara.com.br\/wp-content\/uploads\/2026\/09\/Sem-titulo.png",480,539,false],"large":["https:\/\/blogopara.com.br\/wp-content\/uploads\/2026\/09\/Sem-titulo.png",480,539,false],"1536x1536":["https:\/\/blogopara.com.br\/wp-content\/uploads\/2026\/09\/Sem-titulo.png",480,539,false],"2048x2048":["https:\/\/blogopara.com.br\/wp-content\/uploads\/2026\/09\/Sem-titulo.png",480,539,false],"mantranews-slider-large":["https:\/\/blogopara.com.br\/wp-content\/uploads\/2026\/09\/Sem-titulo.png",480,539,false],"mantranews-featured-medium":["https:\/\/blogopara.com.br\/wp-content\/uploads\/2026\/09\/Sem-titulo-420x307.png",420,307,true],"mantranews-featured-long":["https:\/\/blogopara.com.br\/wp-content\/uploads\/2026\/09\/Sem-titulo-300x443.png",300,443,true],"mantranews-block-medium":["https:\/\/blogopara.com.br\/wp-content\/uploads\/2026\/09\/Sem-titulo-464x290.png",464,290,true],"mantranews-carousel-image":["https:\/\/blogopara.com.br\/wp-content\/uploads\/2026\/09\/Sem-titulo-480x500.png",480,500,true],"mantranews-block-thumb":["https:\/\/blogopara.com.br\/wp-content\/uploads\/2026\/09\/Sem-titulo-322x230.png",322,230,true],"mantranews-single-large":["https:\/\/blogopara.com.br\/wp-content\/uploads\/2026\/09\/Sem-titulo.png",480,539,false]},"uagb_author_info":{"display_name":"Reda\u00e7\u00e3o geral","author_link":"https:\/\/blogopara.com.br\/index.php\/author\/blogopara"},"uagb_comment_info":0,"uagb_excerpt":"Um v\u00eddeo de autoria ainda n\u00e3o confirmada, com conte\u00fado considerado difamat\u00f3rio, passou a circular nas redes sociais em Sobradinho, no norte da Bahia, tendo como principal alvo o prefeito Cleivynho Sampaio. O material, al\u00e9m de fazer acusa\u00e7\u00f5es contra o gestor, tamb\u00e9m teria atingido pessoas pr\u00f3ximas e familiares do prefeito. Nos bastidores da pol\u00edtica local, a&hellip;","jetpack_sharing_enabled":true,"jetpack_likes_enabled":true,"_links":{"self":[{"href":"https:\/\/blogopara.com.br\/index.php\/wp-json\/wp\/v2\/posts\/88421","targetHints":{"allow":["GET"]}}],"collection":[{"href":"https:\/\/blogopara.com.br\/index.php\/wp-json\/wp\/v2\/posts"}],"about":[{"href":"https:\/\/blogopara.com.br\/index.php\/wp-json\/wp\/v2\/types\/post"}],"author":[{"embeddable":true,"href":"https:\/\/blogopara.com.br\/index.php\/wp-json\/wp\/v2\/users\/1"}],"replies":[{"embeddable":true,"href":"https:\/\/blogopara.com.br\/index.php\/wp-json\/wp\/v2\/comments?post=88421"}],"version-history":[{"count":7,"href":"https:\/\/blogopara.com.br\/index.php\/wp-json\/wp\/v2\/posts\/88421\/revisions"}],"predecessor-version":[{"id":88429,"href":"https:\/\/blogopara.com.br\/index.php\/wp-json\/wp\/v2\/posts\/88421\/revisions\/88429"}],"wp:featuredmedia":[{"embeddable":true,"href":"https:\/\/blogopara.com.br\/index.php\/wp-json\/wp\/v2\/media\/88422"}],"wp:attachment":[{"href":"https:\/\/blogopara.com.br\/index.php\/wp-json\/wp\/v2\/media?parent=88421"}],"wp:term":[{"taxonomy":"category","embeddable":true,"href":"https:\/\/blogopara.com.br\/index.php\/wp-json\/wp\/v2\/categories?post=88421"},{"taxonomy":"post_tag","embeddable":true,"href":"https:\/\/blogopara.com.br\/index.php\/wp-json\/wp\/v2\/tags?post=88421"}],"curies":[{"name":"wp","href":"https:\/\/api.w.org\/{rel}","templated":true}]}}