{"id":88442,"date":"2026-09-05T17:53:30","date_gmt":"2026-09-05T20:53:30","guid":{"rendered":"https:\/\/blogopara.com.br\/?p=88442"},"modified":"2026-09-05T17:53:30","modified_gmt":"2026-09-05T20:53:30","slug":"sento-se-comemora-publicacao-de-licitacao-para-pavimentacao-do-trecho-que-liga-retiro-de-cima-a-ba-210","status":"publish","type":"post","link":"https:\/\/blogopara.com.br\/index.php\/2026\/09\/05\/sento-se-comemora-publicacao-de-licitacao-para-pavimentacao-do-trecho-que-liga-retiro-de-cima-a-ba-210","title":{"rendered":"Sento-S\u00e9 comemora publica\u00e7\u00e3o de licita\u00e7\u00e3o para pavimenta\u00e7\u00e3o do trecho que liga Retiro de Cima a BA-210"},"content":{"rendered":"<p class=\"x_MsoNormal\">O dia de hoje \u00e9 de alegria para os sentoseenses. Foi publicado no Di\u00e1rio Oficial do Estado desta sexta-feira (4) o aviso de licita\u00e7\u00e3o para a pavimenta\u00e7\u00e3o asf\u00e1ltica do trecho que liga a BA-210 ao povoado de Retiro de Cima, com 45,58 quil\u00f4metros de extens\u00e3o. A obra ser\u00e1 licitada por meio da Concorr\u00eancia Eletr\u00f4nica n\u00ba 176\/2026 \u2013 SEINFRA\/SIT.<\/p>\n<p class=\"x_MsoNormal\">A licita\u00e7\u00e3o representa o avan\u00e7o de mais um dos investimentos anunciados pelo Governador Jer\u00f4nimo Rodrigues em julho de 2025, durante agenda no munic\u00edpio. Ap\u00f3s o an\u00fancio, foram desenvolvidos os projetos t\u00e9cnicos necess\u00e1rios para viabilizar a interven\u00e7\u00e3o, que agora entra na fase de licita\u00e7\u00e3o para contrata\u00e7\u00e3o da empresa respons\u00e1vel pela execu\u00e7\u00e3o.<\/p>\n<p class=\"x_MsoNormal\">A prefeita Giselda Carvalho comemorou a publica\u00e7\u00e3o e destacou os avan\u00e7os conquistados a partir da parceria com o Governo do Estado. \u201cRecebemos essa not\u00edcia com muita alegria. Depois do an\u00fancio, passamos pela an\u00e1lise do trecho, elabora\u00e7\u00e3o do projeto t\u00e9cnico e agora chegamos \u00e0 licita\u00e7\u00e3o. A grata novidade \u00e9 que de in\u00edcio, foram anunciados 40 quil\u00f4metros de pavimenta\u00e7\u00e3o at\u00e9 o povoado de Tombador, mas o projeto ganhou mais 5,58 quil\u00f4metros e agora vai chegar tamb\u00e9m \u00e0 comunidade de Retiro de Cima, indo al\u00e9m do que havia sido prometido. J\u00e1 conquistamos asfalto que ligam da BA\u00a0 210 a algumas comunidades como Riacho dos Paes e Piri, estando neste momento em andamento a liga\u00e7\u00e3o \u00e0 comunidade de Bazu\u00e1. S\u00e3o investimentos que melhoram a mobilidade, encurtam dist\u00e2ncias e levam mais desenvolvimento para as comunidades do nosso interior\u201d, comemorou Giselda.<\/p>\n<p class=\"x_MsoNormal\">A pavimenta\u00e7\u00e3o do trecho que liga Retiro de Cima a BA-210 integra um conjunto de investimentos anunciados para Sento-S\u00e9, que incluiu ainda interven\u00e7\u00f5es vi\u00e1rias, urbaniza\u00e7\u00e3o, sa\u00fade, infraestrutura e fortalecimento da zona rural, ampliando os investimentos estaduais tanto na sede quanto nas comunidades do interior.<\/p>\n<p class=\"x_MsoNormal\"><b>Mais oportunidades<\/b><\/p>\n<p class=\"x_MsoNormal\">\n<p class=\"x_MsoNormal\">Na mesma edi\u00e7\u00e3o do Di\u00e1rio Oficial do Estado foi publicada tamb\u00e9m\u00a0 uma Chamada P\u00fablica, para aquisi\u00e7\u00e3o de g\u00eaneros aliment\u00edcios da Agricultura Familiar e do Empreendedor Familiar Rural, visando atender as necessidades da alimenta\u00e7\u00e3o escolar dos alunos matriculados no Col\u00e9gio Estadual Sete de Setembro.<\/p>\n<p class=\"x_MsoNormal\">Texto: Gardennia Garibalde &#8211; Ascom PMSSE<\/p>\n<p class=\"x_MsoNormal\">\n","protected":false},"excerpt":{"rendered":"<p>O dia de hoje \u00e9 de alegria para os sentoseenses. Foi publicado no Di\u00e1rio Oficial do Estado desta sexta-feira (4) o aviso de licita\u00e7\u00e3o para a pavimenta\u00e7\u00e3o asf\u00e1ltica do trecho que liga a BA-210 ao povoado de Retiro de Cima, com 45,58 quil\u00f4metros de extens\u00e3o. A obra ser\u00e1 licitada por meio da Concorr\u00eancia Eletr\u00f4nica n\u00ba [&hellip;]<\/p>\n","protected":false},"author":1,"featured_media":88443,"comment_status":"open","ping_status":"open","sticky":false,"template":"","format":"standard","meta":{"_uag_custom_page_level_css":"","_monsterinsights_skip_tracking":false,"_monsterinsights_sitenote_active":false,"_monsterinsights_sitenote_note":"","_monsterinsights_sitenote_category":0,"jetpack_post_was_ever_published":false,"_jetpack_newsletter_access":"","_jetpack_dont_email_post_to_subs":false,"_jetpack_newsletter_tier_id":0,"_jetpack_memberships_contains_paywalled_content":false,"_jetpack_memberships_contains_paid_content":false,"footnotes":"","jetpack_publicize_message":"","jetpack_publicize_feature_enabled":true,"jetpack_social_post_already_shared":true,"jetpack_social_options":{"image_generator_settings":{"template":"highway","default_image_id":0,"font":"","enabled":false},"version":2}},"categories":[197],"tags":[11796,11115,11336],"class_list":["post-88442","post","type-post","status-publish","format-standard","has-post-thumbnail","hentry","category-politica","tag-gestao-giselda-carvalho","tag-juvenilson-passos","tag-tom-ze"],"jetpack_publicize_connections":[],"jetpack_featured_media_url":"https:\/\/blogopara.com.br\/wp-content\/uploads\/2026\/09\/WhatsApp-Image-2026-09-04-at-17.27.51.jpeg","uagb_featured_image_src":{"full":["https:\/\/blogopara.com.br\/wp-content\/uploads\/2026\/09\/WhatsApp-Image-2026-09-04-at-17.27.51.jpeg",500,510,false],"thumbnail":["https:\/\/blogopara.com.br\/wp-content\/uploads\/2026\/09\/WhatsApp-Image-2026-09-04-at-17.27.51-150x150.jpeg",150,150,true],"medium":["https:\/\/blogopara.com.br\/wp-content\/uploads\/2026\/09\/WhatsApp-Image-2026-09-04-at-17.27.51-294x300.jpeg",294,300,true],"medium_large":["https:\/\/blogopara.com.br\/wp-content\/uploads\/2026\/09\/WhatsApp-Image-2026-09-04-at-17.27.51.jpeg",500,510,false],"large":["https:\/\/blogopara.com.br\/wp-content\/uploads\/2026\/09\/WhatsApp-Image-2026-09-04-at-17.27.51.jpeg",500,510,false],"1536x1536":["https:\/\/blogopara.com.br\/wp-content\/uploads\/2026\/09\/WhatsApp-Image-2026-09-04-at-17.27.51.jpeg",500,510,false],"2048x2048":["https:\/\/blogopara.com.br\/wp-content\/uploads\/2026\/09\/WhatsApp-Image-2026-09-04-at-17.27.51.jpeg",500,510,false],"mantranews-slider-large":["https:\/\/blogopara.com.br\/wp-content\/uploads\/2026\/09\/WhatsApp-Image-2026-09-04-at-17.27.51.jpeg",500,510,false],"mantranews-featured-medium":["https:\/\/blogopara.com.br\/wp-content\/uploads\/2026\/09\/WhatsApp-Image-2026-09-04-at-17.27.51-420x307.jpeg",420,307,true],"mantranews-featured-long":["https:\/\/blogopara.com.br\/wp-content\/uploads\/2026\/09\/WhatsApp-Image-2026-09-04-at-17.27.51-300x443.jpeg",300,443,true],"mantranews-block-medium":["https:\/\/blogopara.com.br\/wp-content\/uploads\/2026\/09\/WhatsApp-Image-2026-09-04-at-17.27.51-464x290.jpeg",464,290,true],"mantranews-carousel-image":["https:\/\/blogopara.com.br\/wp-content\/uploads\/2026\/09\/WhatsApp-Image-2026-09-04-at-17.27.51-500x500.jpeg",500,500,true],"mantranews-block-thumb":["https:\/\/blogopara.com.br\/wp-content\/uploads\/2026\/09\/WhatsApp-Image-2026-09-04-at-17.27.51-322x230.jpeg",322,230,true],"mantranews-single-large":["https:\/\/blogopara.com.br\/wp-content\/uploads\/2026\/09\/WhatsApp-Image-2026-09-04-at-17.27.51.jpeg",500,510,false]},"uagb_author_info":{"display_name":"Reda\u00e7\u00e3o geral","author_link":"https:\/\/blogopara.com.br\/index.php\/author\/blogopara"},"uagb_comment_info":0,"uagb_excerpt":"O dia de hoje \u00e9 de alegria para os sentoseenses. Foi publicado no Di\u00e1rio Oficial do Estado desta sexta-feira (4) o aviso de licita\u00e7\u00e3o para a pavimenta\u00e7\u00e3o asf\u00e1ltica do trecho que liga a BA-210 ao povoado de Retiro de Cima, com 45,58 quil\u00f4metros de extens\u00e3o. A obra ser\u00e1 licitada por meio da Concorr\u00eancia Eletr\u00f4nica n\u00ba&hellip;","jetpack_sharing_enabled":true,"jetpack_likes_enabled":true,"_links":{"self":[{"href":"https:\/\/blogopara.com.br\/index.php\/wp-json\/wp\/v2\/posts\/88442","targetHints":{"allow":["GET"]}}],"collection":[{"href":"https:\/\/blogopara.com.br\/index.php\/wp-json\/wp\/v2\/posts"}],"about":[{"href":"https:\/\/blogopara.com.br\/index.php\/wp-json\/wp\/v2\/types\/post"}],"author":[{"embeddable":true,"href":"https:\/\/blogopara.com.br\/index.php\/wp-json\/wp\/v2\/users\/1"}],"replies":[{"embeddable":true,"href":"https:\/\/blogopara.com.br\/index.php\/wp-json\/wp\/v2\/comments?post=88442"}],"version-history":[{"count":1,"href":"https:\/\/blogopara.com.br\/index.php\/wp-json\/wp\/v2\/posts\/88442\/revisions"}],"predecessor-version":[{"id":88444,"href":"https:\/\/blogopara.com.br\/index.php\/wp-json\/wp\/v2\/posts\/88442\/revisions\/88444"}],"wp:featuredmedia":[{"embeddable":true,"href":"https:\/\/blogopara.com.br\/index.php\/wp-json\/wp\/v2\/media\/88443"}],"wp:attachment":[{"href":"https:\/\/blogopara.com.br\/index.php\/wp-json\/wp\/v2\/media?parent=88442"}],"wp:term":[{"taxonomy":"category","embeddable":true,"href":"https:\/\/blogopara.com.br\/index.php\/wp-json\/wp\/v2\/categories?post=88442"},{"taxonomy":"post_tag","embeddable":true,"href":"https:\/\/blogopara.com.br\/index.php\/wp-json\/wp\/v2\/tags?post=88442"}],"curies":[{"name":"wp","href":"https:\/\/api.w.org\/{rel}","templated":true}]}}