{"id":88445,"date":"2026-09-05T17:55:18","date_gmt":"2026-09-05T20:55:18","guid":{"rendered":"https:\/\/blogopara.com.br\/?p=88445"},"modified":"2026-09-05T17:55:18","modified_gmt":"2026-09-05T20:55:18","slug":"jordavio-ramos-realiza-arrastao-da-independencia-neste-7-de-setembro-em-juazeiro-com-presenca-de-acm-neto-e-liderancas-politicas","status":"publish","type":"post","link":"https:\/\/blogopara.com.br\/index.php\/2026\/09\/05\/jordavio-ramos-realiza-arrastao-da-independencia-neste-7-de-setembro-em-juazeiro-com-presenca-de-acm-neto-e-liderancas-politicas","title":{"rendered":"Jord\u00e1vio Ramos realiza \u201cArrast\u00e3o da Independ\u00eancia\u201d neste 7 de Setembro em Juazeiro com presen\u00e7a de ACM Neto e lideran\u00e7as pol\u00edticas"},"content":{"rendered":"<p>O deputado estadual e candidato \u00e0 reelei\u00e7\u00e3o Jord\u00e1vio Ramos realiza, nesta segunda-feira (7), o Arrast\u00e3o da Independ\u00eancia, em Juazeiro. A mobiliza\u00e7\u00e3o promete reunir apoiadores e importantes lideran\u00e7as pol\u00edticas em mais um grande ato da campanha do Time da Mudan\u00e7a.<\/p>\n<p>A concentra\u00e7\u00e3o ser\u00e1 na Pra\u00e7a Bar\u00e3o do Rio Branco, em frente ao Bradesco, a partir das 10h44, logo ap\u00f3s os desfiles em homenagem \u00e0 Independ\u00eancia do Brasil.<\/p>\n<p>O arrast\u00e3o contar\u00e1 com a presen\u00e7a de ACM Neto, candidato ao Governo da Bahia; dos candidatos ao Senado Jo\u00e3o Roma e \u00c2ngelo Coronel; e do deputado federal Adolfo Viana. Tamb\u00e9m participam do ato Suzana Ramos, primeira suplente ao Senado na chapa de Jo\u00e3o Roma; o ex-prefeito Isaac Carvalho; o ex-candidato a prefeito Raffani Souza; al\u00e9m de lideran\u00e7as pol\u00edticas de Juazeiro, da regi\u00e3o Norte e de outras cidades da Bahia.<\/p>\n<p>O Arrast\u00e3o da Independ\u00eancia vai movimentar as ruas de Juazeiro e fortalecer a mobiliza\u00e7\u00e3o em torno da candidatura de Jord\u00e1vio Ramos e dos demais nomes da chapa, reafirmando a uni\u00e3o do grupo nesta reta da campanha eleitoral.<\/p>\n<p>&#8211;<br \/>\nAscom Jord\u00e1vio Ramos<\/p>\n","protected":false},"excerpt":{"rendered":"<p>O deputado estadual e candidato \u00e0 reelei\u00e7\u00e3o Jord\u00e1vio Ramos realiza, nesta segunda-feira (7), o Arrast\u00e3o da Independ\u00eancia, em Juazeiro. A mobiliza\u00e7\u00e3o promete reunir apoiadores e importantes lideran\u00e7as pol\u00edticas em mais um grande ato da campanha do Time da Mudan\u00e7a. A concentra\u00e7\u00e3o ser\u00e1 na Pra\u00e7a Bar\u00e3o do Rio Branco, em frente ao Bradesco, a partir das [&hellip;]<\/p>\n","protected":false},"author":1,"featured_media":88446,"comment_status":"open","ping_status":"open","sticky":false,"template":"","format":"standard","meta":{"_uag_custom_page_level_css":"","_monsterinsights_skip_tracking":false,"_monsterinsights_sitenote_active":false,"_monsterinsights_sitenote_note":"","_monsterinsights_sitenote_category":0,"jetpack_post_was_ever_published":false,"_jetpack_newsletter_access":"","_jetpack_dont_email_post_to_subs":false,"_jetpack_newsletter_tier_id":0,"_jetpack_memberships_contains_paywalled_content":false,"_jetpack_memberships_contains_paid_content":false,"footnotes":"","jetpack_publicize_message":"","jetpack_publicize_feature_enabled":true,"jetpack_social_post_already_shared":true,"jetpack_social_options":{"image_generator_settings":{"template":"highway","default_image_id":0,"font":"","enabled":false},"version":2}},"categories":[197],"tags":[],"class_list":["post-88445","post","type-post","status-publish","format-standard","has-post-thumbnail","hentry","category-politica"],"jetpack_publicize_connections":[],"jetpack_featured_media_url":"https:\/\/blogopara.com.br\/wp-content\/uploads\/2026\/09\/54538aa2-44a9-40fe-bafc-b6726f3f6a30.jpg","uagb_featured_image_src":{"full":["https:\/\/blogopara.com.br\/wp-content\/uploads\/2026\/09\/54538aa2-44a9-40fe-bafc-b6726f3f6a30.jpg",502,513,false],"thumbnail":["https:\/\/blogopara.com.br\/wp-content\/uploads\/2026\/09\/54538aa2-44a9-40fe-bafc-b6726f3f6a30-150x150.jpg",150,150,true],"medium":["https:\/\/blogopara.com.br\/wp-content\/uploads\/2026\/09\/54538aa2-44a9-40fe-bafc-b6726f3f6a30-294x300.jpg",294,300,true],"medium_large":["https:\/\/blogopara.com.br\/wp-content\/uploads\/2026\/09\/54538aa2-44a9-40fe-bafc-b6726f3f6a30.jpg",502,513,false],"large":["https:\/\/blogopara.com.br\/wp-content\/uploads\/2026\/09\/54538aa2-44a9-40fe-bafc-b6726f3f6a30.jpg",502,513,false],"1536x1536":["https:\/\/blogopara.com.br\/wp-content\/uploads\/2026\/09\/54538aa2-44a9-40fe-bafc-b6726f3f6a30.jpg",502,513,false],"2048x2048":["https:\/\/blogopara.com.br\/wp-content\/uploads\/2026\/09\/54538aa2-44a9-40fe-bafc-b6726f3f6a30.jpg",502,513,false],"mantranews-slider-large":["https:\/\/blogopara.com.br\/wp-content\/uploads\/2026\/09\/54538aa2-44a9-40fe-bafc-b6726f3f6a30.jpg",502,513,false],"mantranews-featured-medium":["https:\/\/blogopara.com.br\/wp-content\/uploads\/2026\/09\/54538aa2-44a9-40fe-bafc-b6726f3f6a30-420x307.jpg",420,307,true],"mantranews-featured-long":["https:\/\/blogopara.com.br\/wp-content\/uploads\/2026\/09\/54538aa2-44a9-40fe-bafc-b6726f3f6a30-300x443.jpg",300,443,true],"mantranews-block-medium":["https:\/\/blogopara.com.br\/wp-content\/uploads\/2026\/09\/54538aa2-44a9-40fe-bafc-b6726f3f6a30-464x290.jpg",464,290,true],"mantranews-carousel-image":["https:\/\/blogopara.com.br\/wp-content\/uploads\/2026\/09\/54538aa2-44a9-40fe-bafc-b6726f3f6a30-502x500.jpg",502,500,true],"mantranews-block-thumb":["https:\/\/blogopara.com.br\/wp-content\/uploads\/2026\/09\/54538aa2-44a9-40fe-bafc-b6726f3f6a30-322x230.jpg",322,230,true],"mantranews-single-large":["https:\/\/blogopara.com.br\/wp-content\/uploads\/2026\/09\/54538aa2-44a9-40fe-bafc-b6726f3f6a30.jpg",502,513,false]},"uagb_author_info":{"display_name":"Reda\u00e7\u00e3o geral","author_link":"https:\/\/blogopara.com.br\/index.php\/author\/blogopara"},"uagb_comment_info":0,"uagb_excerpt":"O deputado estadual e candidato \u00e0 reelei\u00e7\u00e3o Jord\u00e1vio Ramos realiza, nesta segunda-feira (7), o Arrast\u00e3o da Independ\u00eancia, em Juazeiro. A mobiliza\u00e7\u00e3o promete reunir apoiadores e importantes lideran\u00e7as pol\u00edticas em mais um grande ato da campanha do Time da Mudan\u00e7a. A concentra\u00e7\u00e3o ser\u00e1 na Pra\u00e7a Bar\u00e3o do Rio Branco, em frente ao Bradesco, a partir das&hellip;","jetpack_sharing_enabled":true,"jetpack_likes_enabled":true,"_links":{"self":[{"href":"https:\/\/blogopara.com.br\/index.php\/wp-json\/wp\/v2\/posts\/88445","targetHints":{"allow":["GET"]}}],"collection":[{"href":"https:\/\/blogopara.com.br\/index.php\/wp-json\/wp\/v2\/posts"}],"about":[{"href":"https:\/\/blogopara.com.br\/index.php\/wp-json\/wp\/v2\/types\/post"}],"author":[{"embeddable":true,"href":"https:\/\/blogopara.com.br\/index.php\/wp-json\/wp\/v2\/users\/1"}],"replies":[{"embeddable":true,"href":"https:\/\/blogopara.com.br\/index.php\/wp-json\/wp\/v2\/comments?post=88445"}],"version-history":[{"count":1,"href":"https:\/\/blogopara.com.br\/index.php\/wp-json\/wp\/v2\/posts\/88445\/revisions"}],"predecessor-version":[{"id":88447,"href":"https:\/\/blogopara.com.br\/index.php\/wp-json\/wp\/v2\/posts\/88445\/revisions\/88447"}],"wp:featuredmedia":[{"embeddable":true,"href":"https:\/\/blogopara.com.br\/index.php\/wp-json\/wp\/v2\/media\/88446"}],"wp:attachment":[{"href":"https:\/\/blogopara.com.br\/index.php\/wp-json\/wp\/v2\/media?parent=88445"}],"wp:term":[{"taxonomy":"category","embeddable":true,"href":"https:\/\/blogopara.com.br\/index.php\/wp-json\/wp\/v2\/categories?post=88445"},{"taxonomy":"post_tag","embeddable":true,"href":"https:\/\/blogopara.com.br\/index.php\/wp-json\/wp\/v2\/tags?post=88445"}],"curies":[{"name":"wp","href":"https:\/\/api.w.org\/{rel}","templated":true}]}}