{"id":88462,"date":"2026-09-06T10:26:41","date_gmt":"2026-09-06T13:26:41","guid":{"rendered":"https:\/\/blogopara.com.br\/?p=88462"},"modified":"2026-09-06T10:26:41","modified_gmt":"2026-09-06T13:26:41","slug":"gas-do-povo-em-setembro-veja-como-trocar-o-botijao-de-graca-e-evite-cobrancas-indevidas","status":"publish","type":"post","link":"https:\/\/blogopara.com.br\/index.php\/2026\/09\/06\/gas-do-povo-em-setembro-veja-como-trocar-o-botijao-de-graca-e-evite-cobrancas-indevidas","title":{"rendered":"G\u00e1s do Povo em setembro: veja como trocar o botij\u00e3o de gra\u00e7a e evite cobran\u00e7as indevidas"},"content":{"rendered":"<div class=\"flex flex-col w-full font-normal text-[18px] leading-[30px] text-tw-theme-text-default\">\n<p id=\"paragrafo-bvdwl42v9p\">A partir do dia 10 de setembro, pr\u00f3xima quinta-feira, milhares de benefici\u00e1rios poder\u00e3o retirar o botij\u00e3o de cozinha de 13kg diretamente nas revendas autorizadas. A medida garante o al\u00edvio no or\u00e7amento dom\u00e9stico de quem mais precisa, substituindo o antigo formato pago em dinheiro e assegurando que o recurso v\u00e1 direto para a mesa da popula\u00e7\u00e3o.<\/p>\n<\/div>\n<div class=\"flex flex-col w-full\">\n<h2 id=\"intertitulo-hne5r3g3uv\" class=\"font-family-secondary text-tw-theme-box-titulo-default text-[26px] leading-[38px] font-bold md:text-[31px]\">Como funciona a retirada?<\/h2>\n<\/div>\n<div class=\"flex flex-col w-full font-normal text-[18px] leading-[30px] text-tw-theme-text-default\">\n<p id=\"paragrafo-s6020gnl8e\">O processo de retirada foi pensado para facilitar a rotina de quem mora na capital ou no interior. Para pegar o g\u00e1s de gra\u00e7a, o benefici\u00e1rio precisa apenas ir at\u00e9 uma revendedora credenciada.<\/p>\n<\/div>\n<div class=\"flex flex-col w-full font-normal text-[18px] leading-[30px] text-tw-theme-text-default\">\n<p id=\"paragrafo-egz2p64sbt\">A valida\u00e7\u00e3o pode ser feita diretamente no balc\u00e3o de quatro formas simples:<\/p>\n<\/div>\n<div class=\"flex flex-col w-full font-normal text-[18px] leading-[30px] text-tw-theme-text-default\">\n<ul>\n<li><b>1.<\/b> Apresentando o Cart\u00e3o do Bolsa Fam\u00edlia;<\/li>\n<\/ul>\n<\/div>\n<div class=\"flex flex-col w-full font-normal text-[18px] leading-[30px] text-tw-theme-text-default\">\n<ul>\n<li><b>2.<\/b> Utilizando o Cart\u00e3o de D\u00e9bito da Caixa;<\/li>\n<\/ul>\n<\/div>\n<div class=\"flex flex-col w-full font-normal text-[18px] leading-[30px] text-tw-theme-text-default\">\n<ul>\n<li><b>3.<\/b> Apresentando o CPF acompanhado de um c\u00f3digo enviado por SMS para o celular;<\/li>\n<\/ul>\n<\/div>\n<div class=\"flex flex-col w-full font-normal text-[18px] leading-[30px] text-tw-theme-text-default\">\n<ul>\n<li><b>4.<\/b>\u00a0Gerando o c\u00f3digo diretamente no Aplicativo G\u00e1s do Povo.<\/li>\n<\/ul>\n<\/div>\n<div class=\"flex flex-col w-full\">\n<h2 id=\"intertitulo-mi5rjh4to3\" class=\"font-family-secondary text-tw-theme-box-titulo-default text-[26px] leading-[38px] font-bold md:text-[31px]\">Cuidado com cobran\u00e7as extras no balc\u00e3o<\/h2>\n<\/div>\n<div class=\"flex flex-col w-full font-normal text-[18px] leading-[30px] text-tw-theme-text-default\">\n<p id=\"paragrafo-sxy1rf7j20\">A recarga do g\u00e1s de 13kg \u00e9 totalmente custeada pelo governo e paga via Caixa Econ\u00f4mica Federal. O consumidor n\u00e3o deve pagar nenhum valor pelo produto no momento da retirada.<\/p>\n<\/div>\n<div class=\"flex flex-col w-full font-normal text-[18px] leading-[30px] text-tw-theme-text-default\">\n<p id=\"paragrafo-v7nz8koqrv\">No entanto, o consumidor deve ficar atento a duas situa\u00e7\u00f5es espec\u00edficas:<\/p>\n<\/div>\n<div class=\"flex flex-col w-full font-normal text-[18px] leading-[30px] text-tw-theme-text-default\">\n<p id=\"paragrafo-c9pblpt3r1\"><b>Teleentrega (Frete):\u00a0<\/b>a gratuidade cobre apenas o g\u00e1s. Se voc\u00ea solicitar a\u00a0<a class=\"link\" href=\"https:\/\/www.correio24horas.com.br\/salvador\/saiba-como-ter-acesso-a-gas-de-cozinha-gratuito-em-salvador-0226\" target=\"_blank\" rel=\"noopener\">entrega do botij\u00e3o<\/a>\u00a0em sua resid\u00eancia, a distribuidora pode cobrar a taxa de transporte.<\/p>\n<\/div>\n<div class=\"flex flex-col w-full font-normal text-[18px] leading-[30px] text-tw-theme-text-default\">\n<p id=\"paragrafo-9y92jl7i12\"><b>Vasilhame:<\/b>\u00a0 \u00e9 necess\u00e1rio levar o botij\u00e3o vazio para realizar a troca. Caso n\u00e3o possua o recipiente de ferro, o ponto de venda poder\u00e1 cobrar pelo valor do vasilhame.<\/p>\n<\/div>\n<div class=\"flex flex-col w-full font-normal text-[18px] leading-[30px] text-tw-theme-text-default\">\n<p id=\"paragrafo-zfp7y42n3f\">Para economizar 100%, a recomenda\u00e7\u00e3o \u00e9 buscar a recarga pessoalmente levando o seu pr\u00f3prio botij\u00e3o vazio.<\/p>\n<\/div>\n<div class=\"flex flex-col w-full\">\n<h2 id=\"intertitulo-n6l64lxoh0\" class=\"font-family-secondary text-tw-theme-box-titulo-default text-[26px] leading-[38px] font-bold md:text-[31px]\">Onde encontrar as revendas credenciadas?<\/h2>\n<\/div>\n<div class=\"flex flex-col w-full font-normal text-[18px] leading-[30px] text-tw-theme-text-default\">\n<p id=\"paragrafo-v7rn0s5mma\">As distribuidoras participantes na Bahia est\u00e3o identificadas com a sinaliza\u00e7\u00e3o visual oficial do programa nas portarias e nos ve\u00edculos.<\/p>\n<\/div>\n<div class=\"flex flex-col w-full font-normal text-[18px] leading-[30px] text-tw-theme-text-default\">\n<p id=\"paragrafo-o63vwk2ea5\">Para consultar o ponto de troca mais pr\u00f3ximo de sua casa em Salvador ou no seu munic\u00edpio, basta acessar o\u00a0aplicativo oficial do G\u00e1s do Povo\u00a0ou o Portal Cidad\u00e3o da Caixa.<\/p>\n<\/div>\n<div class=\"flex flex-col w-full\">\n<h2 id=\"intertitulo-ya61s51h6y\" class=\"font-family-secondary text-tw-theme-box-titulo-default text-[26px] leading-[38px] font-bold md:text-[31px]\">Quem tem direito neste m\u00eas?<\/h2>\n<\/div>\n<div class=\"flex flex-col w-full font-normal text-[18px] leading-[30px] text-tw-theme-text-default\">\n<p id=\"paragrafo-g687wntusd\">O benef\u00edcio \u00e9 voltado para fam\u00edlias inscritas no Cad\u00danico com dados atualizados h\u00e1 pelo menos 24 meses e renda por pessoa de at\u00e9 meio sal\u00e1rio m\u00ednimo (R$ 810,50), com prioridade para quem recebe o Bolsa Fam\u00edlia.<\/p>\n<\/div>\n<div class=\"flex flex-col w-full font-normal text-[18px] leading-[30px] text-tw-theme-text-default\">\n<p id=\"paragrafo-al13dpfxf3\">Neste lote de setembro, recebem:<\/p>\n<\/div>\n<div class=\"flex flex-col w-full font-normal text-[18px] leading-[30px] text-tw-theme-text-default\">\n<p id=\"paragrafo-rxjqs1rrw6\"><b>Fam\u00edlias de 2 a 3 pessoas:<\/b>\u00a0que entraram nos meses de fevereiro, junho ou setembro;<\/p>\n<\/div>\n<div class=\"flex flex-col w-full font-normal text-[18px] leading-[30px] text-tw-theme-text-default\">\n<p id=\"paragrafo-mlc2p3y1vz\"><b>Fam\u00edlias de 4 ou mais pessoas:<\/b>\u00a0que entraram nos meses de fevereiro, maio, julho ou setembro.<\/p>\n<\/div>\n<div class=\"flex flex-col w-full font-normal text-[18px] leading-[30px] text-tw-theme-text-default\">\n<p id=\"paragrafo-1bdg3vhhjy\">O prazo para retirar a recarga deste ciclo vai de 10 de setembro at\u00e9 9 de outubro. Fique atento ao calend\u00e1rio, pois o benef\u00edcio n\u00e3o \u00e9 acumulativo: se n\u00e3o for retirado dentro do prazo, a recarga do m\u00eas \u00e9 cancelada automaticamente com a chegada do novo ciclo.<\/p>\n<\/div>\n","protected":false},"excerpt":{"rendered":"<p>A partir do dia 10 de setembro, pr\u00f3xima quinta-feira, milhares de benefici\u00e1rios poder\u00e3o retirar o botij\u00e3o de cozinha de 13kg diretamente nas revendas autorizadas. A medida garante o al\u00edvio no or\u00e7amento dom\u00e9stico de quem mais precisa, substituindo o antigo formato pago em dinheiro e assegurando que o recurso v\u00e1 direto para a mesa da popula\u00e7\u00e3o. [&hellip;]<\/p>\n","protected":false},"author":1,"featured_media":88463,"comment_status":"open","ping_status":"open","sticky":false,"template":"","format":"standard","meta":{"_uag_custom_page_level_css":"","_monsterinsights_skip_tracking":false,"_monsterinsights_sitenote_active":false,"_monsterinsights_sitenote_note":"","_monsterinsights_sitenote_category":0,"jetpack_post_was_ever_published":false,"_jetpack_newsletter_access":"","_jetpack_dont_email_post_to_subs":false,"_jetpack_newsletter_tier_id":0,"_jetpack_memberships_contains_paywalled_content":false,"_jetpack_memberships_contains_paid_content":false,"footnotes":"","jetpack_publicize_message":"","jetpack_publicize_feature_enabled":true,"jetpack_social_post_already_shared":true,"jetpack_social_options":{"image_generator_settings":{"template":"highway","default_image_id":0,"font":"","enabled":false},"version":2}},"categories":[200],"tags":[],"class_list":["post-88462","post","type-post","status-publish","format-standard","has-post-thumbnail","hentry","category-brasil"],"jetpack_publicize_connections":[],"jetpack_featured_media_url":"https:\/\/blogopara.com.br\/wp-content\/uploads\/2026\/09\/Capturar-12.jpg","uagb_featured_image_src":{"full":["https:\/\/blogopara.com.br\/wp-content\/uploads\/2026\/09\/Capturar-12.jpg",500,283,false],"thumbnail":["https:\/\/blogopara.com.br\/wp-content\/uploads\/2026\/09\/Capturar-12-150x150.jpg",150,150,true],"medium":["https:\/\/blogopara.com.br\/wp-content\/uploads\/2026\/09\/Capturar-12-300x170.jpg",300,170,true],"medium_large":["https:\/\/blogopara.com.br\/wp-content\/uploads\/2026\/09\/Capturar-12.jpg",500,283,false],"large":["https:\/\/blogopara.com.br\/wp-content\/uploads\/2026\/09\/Capturar-12.jpg",500,283,false],"1536x1536":["https:\/\/blogopara.com.br\/wp-content\/uploads\/2026\/09\/Capturar-12.jpg",500,283,false],"2048x2048":["https:\/\/blogopara.com.br\/wp-content\/uploads\/2026\/09\/Capturar-12.jpg",500,283,false],"mantranews-slider-large":["https:\/\/blogopara.com.br\/wp-content\/uploads\/2026\/09\/Capturar-12.jpg",500,283,false],"mantranews-featured-medium":["https:\/\/blogopara.com.br\/wp-content\/uploads\/2026\/09\/Capturar-12-420x283.jpg",420,283,true],"mantranews-featured-long":["https:\/\/blogopara.com.br\/wp-content\/uploads\/2026\/09\/Capturar-12-300x283.jpg",300,283,true],"mantranews-block-medium":["https:\/\/blogopara.com.br\/wp-content\/uploads\/2026\/09\/Capturar-12-464x283.jpg",464,283,true],"mantranews-carousel-image":["https:\/\/blogopara.com.br\/wp-content\/uploads\/2026\/09\/Capturar-12.jpg",500,283,false],"mantranews-block-thumb":["https:\/\/blogopara.com.br\/wp-content\/uploads\/2026\/09\/Capturar-12-322x230.jpg",322,230,true],"mantranews-single-large":["https:\/\/blogopara.com.br\/wp-content\/uploads\/2026\/09\/Capturar-12.jpg",500,283,false]},"uagb_author_info":{"display_name":"Reda\u00e7\u00e3o geral","author_link":"https:\/\/blogopara.com.br\/index.php\/author\/blogopara"},"uagb_comment_info":0,"uagb_excerpt":"A partir do dia 10 de setembro, pr\u00f3xima quinta-feira, milhares de benefici\u00e1rios poder\u00e3o retirar o botij\u00e3o de cozinha de 13kg diretamente nas revendas autorizadas. A medida garante o al\u00edvio no or\u00e7amento dom\u00e9stico de quem mais precisa, substituindo o antigo formato pago em dinheiro e assegurando que o recurso v\u00e1 direto para a mesa da popula\u00e7\u00e3o.&hellip;","jetpack_sharing_enabled":true,"jetpack_likes_enabled":true,"_links":{"self":[{"href":"https:\/\/blogopara.com.br\/index.php\/wp-json\/wp\/v2\/posts\/88462","targetHints":{"allow":["GET"]}}],"collection":[{"href":"https:\/\/blogopara.com.br\/index.php\/wp-json\/wp\/v2\/posts"}],"about":[{"href":"https:\/\/blogopara.com.br\/index.php\/wp-json\/wp\/v2\/types\/post"}],"author":[{"embeddable":true,"href":"https:\/\/blogopara.com.br\/index.php\/wp-json\/wp\/v2\/users\/1"}],"replies":[{"embeddable":true,"href":"https:\/\/blogopara.com.br\/index.php\/wp-json\/wp\/v2\/comments?post=88462"}],"version-history":[{"count":2,"href":"https:\/\/blogopara.com.br\/index.php\/wp-json\/wp\/v2\/posts\/88462\/revisions"}],"predecessor-version":[{"id":88465,"href":"https:\/\/blogopara.com.br\/index.php\/wp-json\/wp\/v2\/posts\/88462\/revisions\/88465"}],"wp:featuredmedia":[{"embeddable":true,"href":"https:\/\/blogopara.com.br\/index.php\/wp-json\/wp\/v2\/media\/88463"}],"wp:attachment":[{"href":"https:\/\/blogopara.com.br\/index.php\/wp-json\/wp\/v2\/media?parent=88462"}],"wp:term":[{"taxonomy":"category","embeddable":true,"href":"https:\/\/blogopara.com.br\/index.php\/wp-json\/wp\/v2\/categories?post=88462"},{"taxonomy":"post_tag","embeddable":true,"href":"https:\/\/blogopara.com.br\/index.php\/wp-json\/wp\/v2\/tags?post=88462"}],"curies":[{"name":"wp","href":"https:\/\/api.w.org\/{rel}","templated":true}]}}