{"id":88470,"date":"2026-09-06T11:00:30","date_gmt":"2026-09-06T14:00:30","guid":{"rendered":"https:\/\/blogopara.com.br\/?p=88470"},"modified":"2026-09-06T11:00:30","modified_gmt":"2026-09-06T14:00:30","slug":"datafolha-lula-tem-38-flavio-bolsonaro-33-e-augusto-cury-dispara-para-8","status":"publish","type":"post","link":"https:\/\/blogopara.com.br\/index.php\/2026\/09\/06\/datafolha-lula-tem-38-flavio-bolsonaro-33-e-augusto-cury-dispara-para-8","title":{"rendered":"Datafolha: Lula tem 38%, Fl\u00e1vio Bolsonaro, 33%, e Augusto Cury dispara para 8%"},"content":{"rendered":"<div class=\"flex flex-col w-full font-normal text-[18px] leading-[30px] text-tw-theme-text-default\">\n<p id=\"paragrafo-by43jad9x1\">A disputa pela Presid\u00eancia da Rep\u00fablica mant\u00e9m Lula (PT) e Fl\u00e1vio Bolsonaro (PL) nas duas primeiras posi\u00e7\u00f5es, enquanto Augusto Cury (Avante) registrou forte crescimento e passou a ocupar isoladamente o terceiro lugar. \u00c9 o que mostra a nova pesquisa Datafolha, divulgada nesta quinta-feira (3).<\/p>\n<\/div>\n<div class=\"flex flex-col w-full font-normal text-[18px] leading-[30px] text-tw-theme-text-default\">\n<p id=\"paragrafo-a23iw0ozwz\">No principal cen\u00e1rio de primeiro turno, Lula aparece com 38% das inten\u00e7\u00f5es de voto, contra 33% de Fl\u00e1vio. Na compara\u00e7\u00e3o com o levantamento de agosto, o petista oscilou um ponto para baixo, enquanto o candidato do PL permaneceu no mesmo patamar. A diferen\u00e7a entre os dois, portanto, caiu de seis para cinco pontos percentuais.<\/p>\n<\/div>\n<div class=\"flex flex-col w-full font-normal text-[18px] leading-[30px] text-tw-theme-text-default\">\n<p id=\"paragrafo-8wa66ueucy\">Segundo o Datafolha, essa \u00e9 a menor dist\u00e2ncia registrada entre Lula e Fl\u00e1vio Bolsonaro desde a primeira quinzena de maio, quando os dois apareciam com 38% e 35%, respectivamente.<\/p>\n<\/div>\n<div class=\"flex flex-col w-full font-normal text-[18px] leading-[30px] text-tw-theme-text-default\">\n<p id=\"paragrafo-7mi90hblyk\">A principal mudan\u00e7a, por\u00e9m, ocorreu na terceira coloca\u00e7\u00e3o. Augusto Cury saltou de 2% em agosto para 8% agora, crescimento de seis pontos percentuais. Com o avan\u00e7o, o escritor ultrapassou Ronaldo Caiado (PSD), que passou de 5% para 4%, Renan Santos (Miss\u00e3o), que foi de 4% para 3%, e Romeu Zema (Novo), que recuou de 3% para 2%.<\/p>\n<\/div>\n<div class=\"flex flex-col w-full font-normal text-[18px] leading-[30px] text-tw-theme-text-default\">\n<p id=\"paragrafo-ygb4yt94d1\">Samara Martins (UP), Edmilson Costa (PCB) e Rui Costa Pimenta (PCO) aparecem com 1% cada. Wilson Grassi (Democrata), Clariana Bar\u00e3o (DC) e Hertz Dias (PSTU) n\u00e3o pontuaram. Brancos e nulos somam 6%, enquanto 3% dos entrevistados disseram estar indecisos.<\/p>\n<\/div>\n<div class=\"flex flex-col w-full font-normal text-[18px] leading-[30px] text-tw-theme-text-default\">\n<p id=\"paragrafo-01os5e0m32\"><b>Cen\u00e1rio com Pablo Mar\u00e7al<\/b><\/p>\n<\/div>\n<div class=\"flex flex-col w-full font-normal text-[18px] leading-[30px] text-tw-theme-text-default\">\n<p id=\"paragrafo-oulq1qv4e7\">O instituto tamb\u00e9m simulou uma disputa incluindo Pablo Mar\u00e7al (PRTB), que est\u00e1 ineleg\u00edvel em raz\u00e3o de condena\u00e7\u00e3o na Justi\u00e7a Eleitoral e ainda depende de uma decis\u00e3o do Tribunal Superior Eleitoral (TSE) sobre a possibilidade de concorrer.<\/p>\n<\/div>\n<div class=\"flex flex-col w-full font-normal text-[18px] leading-[30px] text-tw-theme-text-default\">\n<p id=\"paragrafo-6gpinbh3ge\">Nessa configura\u00e7\u00e3o, Lula marca 39%, seguido por Fl\u00e1vio Bolsonaro, com 32%. Augusto Cury novamente ocupa a terceira posi\u00e7\u00e3o, com 7%, depois de ter registrado 2% no levantamento anterior.<\/p>\n<\/div>\n<div class=\"flex flex-col w-full font-normal text-[18px] leading-[30px] text-tw-theme-text-default\">\n<p id=\"paragrafo-grasvesdw4\">Caiado e Renan Santos aparecem com 4% cada. Zema e Mar\u00e7al t\u00eam 2%, enquanto Samara Martins registra 1%. Brancos e nulos representam 6%, e os indecisos, 3%.<\/p>\n<\/div>\n<div class=\"flex flex-col w-full font-normal text-[18px] leading-[30px] text-tw-theme-text-default\">\n<p id=\"paragrafo-mhudnz6izp\"><b>Segundo turno<\/b><\/p>\n<\/div>\n<div class=\"flex flex-col w-full font-normal text-[18px] leading-[30px] text-tw-theme-text-default\">\n<p id=\"paragrafo-tfye6fv4it\">A disputa mais apertada entre os cen\u00e1rios de segundo turno testados pelo Datafolha \u00e9 entre Lula e Fl\u00e1vio Bolsonaro. O petista aparece numericamente \u00e0 frente, com 46%, enquanto Fl\u00e1vio alcan\u00e7a 44%. Como a margem de erro \u00e9 de dois pontos percentuais, os dois est\u00e3o tecnicamente empatados.<\/p>\n<\/div>\n<div class=\"flex flex-col w-full font-normal text-[18px] leading-[30px] text-tw-theme-text-default\">\n<p id=\"paragrafo-k9yfg4puyz\">Em agosto, Lula tinha 47% nesse confronto e Fl\u00e1vio, 43%. Com isso, a dist\u00e2ncia num\u00e9rica caiu de quatro para dois pontos. Brancos e nulos s\u00e3o 9%, e 2% n\u00e3o souberam responder.<\/p>\n<\/div>\n<div class=\"flex flex-col w-full font-normal text-[18px] leading-[30px] text-tw-theme-text-default\">\n<p id=\"paragrafo-hbwrjug203\">Contra Ronaldo Caiado, Lula registra 46% a 41%. Diante de Romeu Zema, o placar \u00e9 de 48% a 39%. Na simula\u00e7\u00e3o contra Renan Santos, Lula aparece com 47%, ante 38% do advers\u00e1rio.<\/p>\n<\/div>\n<div class=\"flex flex-col w-full font-normal text-[18px] leading-[30px] text-tw-theme-text-default\">\n<p id=\"paragrafo-tgf2rxppie\"><b>Cury tamb\u00e9m cresce na espont\u00e2nea<\/b><\/p>\n<\/div>\n<div class=\"flex flex-col w-full font-normal text-[18px] leading-[30px] text-tw-theme-text-default\">\n<p id=\"paragrafo-0odx0ssv1o\">O avan\u00e7o de Augusto Cury tamb\u00e9m aparece na pesquisa espont\u00e2nea, quando os entrevistadores n\u00e3o apresentam previamente os nomes dos candidatos. Lula lidera com 31%, seguido por Fl\u00e1vio Bolsonaro, com 22%. Cury chega a 5%, depois de n\u00e3o ter pontuado em agosto.<\/p>\n<\/div>\n<div class=\"flex flex-col w-full font-normal text-[18px] leading-[30px] text-tw-theme-text-default\">\n<p id=\"paragrafo-2264dj458x\">Jair Bolsonaro (PL), que n\u00e3o \u00e9 candidato, foi citado espontaneamente por 3% dos entrevistados. Renan Santos aparece com 2% e Caiado, com 1%. O percentual de indecisos caiu de 32% para 26%.<\/p>\n<\/div>\n<div class=\"flex flex-col w-full font-normal text-[18px] leading-[30px] text-tw-theme-text-default\">\n<p id=\"paragrafo-ao7qtaqx5q\"><b>Rejei\u00e7\u00e3o<\/b><\/p>\n<\/div>\n<div class=\"flex flex-col w-full font-normal text-[18px] leading-[30px] text-tw-theme-text-default\">\n<p id=\"paragrafo-gey0i444ut\">Fl\u00e1vio Bolsonaro registra o maior \u00edndice de rejei\u00e7\u00e3o entre os nomes apresentados pelo Datafolha: 47% afirmam que n\u00e3o votariam nele de jeito nenhum. Lula vem logo depois, com 45%.<\/p>\n<\/div>\n<div class=\"flex flex-col w-full font-normal text-[18px] leading-[30px] text-tw-theme-text-default\">\n<p id=\"paragrafo-oq6a7jh8v8\">Zema tem rejei\u00e7\u00e3o de 16%, seguido por Renan Santos, com 15%, e Caiado, com 13%. Apesar do crescimento nas inten\u00e7\u00f5es de voto, Augusto Cury apresenta rejei\u00e7\u00e3o de 9%.<\/p>\n<\/div>\n<div class=\"flex flex-col w-full font-normal text-[18px] leading-[30px] text-tw-theme-text-default\">\n<p id=\"paragrafo-8pp2g031vl\">O levantamento tamb\u00e9m aponta que 71% dos eleitores dizem estar totalmente decididos sobre o voto para presidente, enquanto 28% admitem que ainda podem mudar de escolha. Entre os eleitores de Lula, 81% afirmam estar decididos; entre os de Fl\u00e1vio, s\u00e3o 80%. No eleitorado de Cury, metade diz j\u00e1 ter definido o voto e metade ainda admite mudan\u00e7a.<\/p>\n<\/div>\n<div class=\"flex flex-col w-full font-normal text-[18px] leading-[30px] text-tw-theme-text-default\">\n<p id=\"paragrafo-6ui5hoel79\">O Datafolha entrevistou 2.002 pessoas com 16 anos ou mais entre 1\u00ba e 3 de setembro. A margem de erro \u00e9 de dois pontos percentuais, para mais ou para menos, com n\u00edvel de confian\u00e7a de 95%. A pesquisa est\u00e1 registrada no TSE sob o n\u00famero BR-03669\/2026.<\/p>\n<\/div>\n","protected":false},"excerpt":{"rendered":"<p>A disputa pela Presid\u00eancia da Rep\u00fablica mant\u00e9m Lula (PT) e Fl\u00e1vio Bolsonaro (PL) nas duas primeiras posi\u00e7\u00f5es, enquanto Augusto Cury (Avante) registrou forte crescimento e passou a ocupar isoladamente o terceiro lugar. \u00c9 o que mostra a nova pesquisa Datafolha, divulgada nesta quinta-feira (3). No principal cen\u00e1rio de primeiro turno, Lula aparece com 38% das [&hellip;]<\/p>\n","protected":false},"author":1,"featured_media":88471,"comment_status":"open","ping_status":"open","sticky":false,"template":"","format":"standard","meta":{"_uag_custom_page_level_css":"","_monsterinsights_skip_tracking":false,"_monsterinsights_sitenote_active":false,"_monsterinsights_sitenote_note":"","_monsterinsights_sitenote_category":0,"jetpack_post_was_ever_published":false,"_jetpack_newsletter_access":"","_jetpack_dont_email_post_to_subs":false,"_jetpack_newsletter_tier_id":0,"_jetpack_memberships_contains_paywalled_content":false,"_jetpack_memberships_contains_paid_content":false,"footnotes":"","jetpack_publicize_message":"","jetpack_publicize_feature_enabled":true,"jetpack_social_post_already_shared":true,"jetpack_social_options":{"image_generator_settings":{"template":"highway","default_image_id":0,"font":"","enabled":false},"version":2}},"categories":[200],"tags":[],"class_list":["post-88470","post","type-post","status-publish","format-standard","has-post-thumbnail","hentry","category-brasil"],"jetpack_publicize_connections":[],"jetpack_featured_media_url":"https:\/\/blogopara.com.br\/wp-content\/uploads\/2026\/09\/Capturar-13.jpg","uagb_featured_image_src":{"full":["https:\/\/blogopara.com.br\/wp-content\/uploads\/2026\/09\/Capturar-13.jpg",500,331,false],"thumbnail":["https:\/\/blogopara.com.br\/wp-content\/uploads\/2026\/09\/Capturar-13-150x150.jpg",150,150,true],"medium":["https:\/\/blogopara.com.br\/wp-content\/uploads\/2026\/09\/Capturar-13-300x199.jpg",300,199,true],"medium_large":["https:\/\/blogopara.com.br\/wp-content\/uploads\/2026\/09\/Capturar-13.jpg",500,331,false],"large":["https:\/\/blogopara.com.br\/wp-content\/uploads\/2026\/09\/Capturar-13.jpg",500,331,false],"1536x1536":["https:\/\/blogopara.com.br\/wp-content\/uploads\/2026\/09\/Capturar-13.jpg",500,331,false],"2048x2048":["https:\/\/blogopara.com.br\/wp-content\/uploads\/2026\/09\/Capturar-13.jpg",500,331,false],"mantranews-slider-large":["https:\/\/blogopara.com.br\/wp-content\/uploads\/2026\/09\/Capturar-13.jpg",500,331,false],"mantranews-featured-medium":["https:\/\/blogopara.com.br\/wp-content\/uploads\/2026\/09\/Capturar-13-420x307.jpg",420,307,true],"mantranews-featured-long":["https:\/\/blogopara.com.br\/wp-content\/uploads\/2026\/09\/Capturar-13-300x331.jpg",300,331,true],"mantranews-block-medium":["https:\/\/blogopara.com.br\/wp-content\/uploads\/2026\/09\/Capturar-13-464x290.jpg",464,290,true],"mantranews-carousel-image":["https:\/\/blogopara.com.br\/wp-content\/uploads\/2026\/09\/Capturar-13.jpg",500,331,false],"mantranews-block-thumb":["https:\/\/blogopara.com.br\/wp-content\/uploads\/2026\/09\/Capturar-13-322x230.jpg",322,230,true],"mantranews-single-large":["https:\/\/blogopara.com.br\/wp-content\/uploads\/2026\/09\/Capturar-13.jpg",500,331,false]},"uagb_author_info":{"display_name":"Reda\u00e7\u00e3o geral","author_link":"https:\/\/blogopara.com.br\/index.php\/author\/blogopara"},"uagb_comment_info":0,"uagb_excerpt":"A disputa pela Presid\u00eancia da Rep\u00fablica mant\u00e9m Lula (PT) e Fl\u00e1vio Bolsonaro (PL) nas duas primeiras posi\u00e7\u00f5es, enquanto Augusto Cury (Avante) registrou forte crescimento e passou a ocupar isoladamente o terceiro lugar. \u00c9 o que mostra a nova pesquisa Datafolha, divulgada nesta quinta-feira (3). No principal cen\u00e1rio de primeiro turno, Lula aparece com 38% das&hellip;","jetpack_sharing_enabled":true,"jetpack_likes_enabled":true,"_links":{"self":[{"href":"https:\/\/blogopara.com.br\/index.php\/wp-json\/wp\/v2\/posts\/88470","targetHints":{"allow":["GET"]}}],"collection":[{"href":"https:\/\/blogopara.com.br\/index.php\/wp-json\/wp\/v2\/posts"}],"about":[{"href":"https:\/\/blogopara.com.br\/index.php\/wp-json\/wp\/v2\/types\/post"}],"author":[{"embeddable":true,"href":"https:\/\/blogopara.com.br\/index.php\/wp-json\/wp\/v2\/users\/1"}],"replies":[{"embeddable":true,"href":"https:\/\/blogopara.com.br\/index.php\/wp-json\/wp\/v2\/comments?post=88470"}],"version-history":[{"count":1,"href":"https:\/\/blogopara.com.br\/index.php\/wp-json\/wp\/v2\/posts\/88470\/revisions"}],"predecessor-version":[{"id":88472,"href":"https:\/\/blogopara.com.br\/index.php\/wp-json\/wp\/v2\/posts\/88470\/revisions\/88472"}],"wp:featuredmedia":[{"embeddable":true,"href":"https:\/\/blogopara.com.br\/index.php\/wp-json\/wp\/v2\/media\/88471"}],"wp:attachment":[{"href":"https:\/\/blogopara.com.br\/index.php\/wp-json\/wp\/v2\/media?parent=88470"}],"wp:term":[{"taxonomy":"category","embeddable":true,"href":"https:\/\/blogopara.com.br\/index.php\/wp-json\/wp\/v2\/categories?post=88470"},{"taxonomy":"post_tag","embeddable":true,"href":"https:\/\/blogopara.com.br\/index.php\/wp-json\/wp\/v2\/tags?post=88470"}],"curies":[{"name":"wp","href":"https:\/\/api.w.org\/{rel}","templated":true}]}}