{"id":88473,"date":"2026-09-06T11:10:47","date_gmt":"2026-09-06T14:10:47","guid":{"rendered":"https:\/\/blogopara.com.br\/?p=88473"},"modified":"2026-09-06T11:10:47","modified_gmt":"2026-09-06T14:10:47","slug":"gilmar-propoe-proibir-policiais-e-militares-em-gabinetes-de-ministros-do-stf","status":"publish","type":"post","link":"https:\/\/blogopara.com.br\/index.php\/2026\/09\/06\/gilmar-propoe-proibir-policiais-e-militares-em-gabinetes-de-ministros-do-stf","title":{"rendered":"Gilmar prop\u00f5e proibir policiais e militares em gabinetes de ministros do STF"},"content":{"rendered":"<p>O ministro Gilmar Mendes, do Supremo Tribunal Federal (STF), formalizou neste s\u00e1bado (5) uma proposta para impedir que policiais e militares atuem como servidores cedidos nos gabinetes da Corte. A medida, apresentada anteriormente ao presidente do STF, Edson Fachin, amplia a ideia inicial de barrar a presen\u00e7a de delegados da Pol\u00edcia Federal e inclui integrantes das For\u00e7as Armadas, PF, PRF, pol\u00edcias civis e militares estaduais, bombeiros e pol\u00edcias penais. A informa\u00e7\u00e3o \u00e9 do G1.<\/p>\n<p>A proposta surge em meio ao aumento das tens\u00f5es internas no Supremo, especialmente envolvendo os ministros Andr\u00e9 Mendon\u00e7a e Alexandre de Moraes. Atualmente, quatro delegados da PF trabalham nos gabinetes dos dois magistrados, que relatam investiga\u00e7\u00f5es de grande repercuss\u00e3o, como os casos Master, das fraudes no INSS e envolvendo Lulinha. Segundo interlocutores, Gilmar avalia que os gabinetes do STF estariam assumindo fun\u00e7\u00f5es pr\u00f3prias de delegacias, com o tribunal passando a interferir diretamente na condu\u00e7\u00e3o de investiga\u00e7\u00f5es.<\/p>\n<p>A perman\u00eancia dos delegados tamb\u00e9m esteve no centro do conflito entre Mendon\u00e7a e o diretor-geral da PF, Andrei Rodrigues. O ministro teria interpretado uma poss\u00edvel retirada dos policiais como tentativa de interfer\u00eancia nas investiga\u00e7\u00f5es sob sua relatoria. A discuss\u00e3o ocorre paralelamente \u00e0 crise envolvendo o caso Master, ap\u00f3s Mendon\u00e7a retirar o sigilo de relat\u00f3rio da PF sobre mensagens entre o banqueiro Daniel Vorcaro e Moraes e a PGR questionar a validade do procedimento adotado pelo ministro.<\/p>\n","protected":false},"excerpt":{"rendered":"<p>O ministro Gilmar Mendes, do Supremo Tribunal Federal (STF), formalizou neste s\u00e1bado (5) uma proposta para impedir que policiais e militares atuem como servidores cedidos nos gabinetes da Corte. A medida, apresentada anteriormente ao presidente do STF, Edson Fachin, amplia a ideia inicial de barrar a presen\u00e7a de delegados da Pol\u00edcia Federal e inclui integrantes [&hellip;]<\/p>\n","protected":false},"author":1,"featured_media":88474,"comment_status":"open","ping_status":"open","sticky":false,"template":"","format":"standard","meta":{"_uag_custom_page_level_css":"","_monsterinsights_skip_tracking":false,"_monsterinsights_sitenote_active":false,"_monsterinsights_sitenote_note":"","_monsterinsights_sitenote_category":0,"jetpack_post_was_ever_published":false,"_jetpack_newsletter_access":"","_jetpack_dont_email_post_to_subs":false,"_jetpack_newsletter_tier_id":0,"_jetpack_memberships_contains_paywalled_content":false,"_jetpack_memberships_contains_paid_content":false,"footnotes":"","jetpack_publicize_message":"","jetpack_publicize_feature_enabled":true,"jetpack_social_post_already_shared":true,"jetpack_social_options":{"image_generator_settings":{"template":"highway","default_image_id":0,"font":"","enabled":false},"version":2}},"categories":[197],"tags":[],"class_list":["post-88473","post","type-post","status-publish","format-standard","has-post-thumbnail","hentry","category-politica"],"jetpack_publicize_connections":[],"jetpack_featured_media_url":"https:\/\/blogopara.com.br\/wp-content\/uploads\/2026\/09\/gilmar-mendes_rosinei-coutinho_stf.jpg","uagb_featured_image_src":{"full":["https:\/\/blogopara.com.br\/wp-content\/uploads\/2026\/09\/gilmar-mendes_rosinei-coutinho_stf.jpg",500,333,false],"thumbnail":["https:\/\/blogopara.com.br\/wp-content\/uploads\/2026\/09\/gilmar-mendes_rosinei-coutinho_stf-150x150.jpg",150,150,true],"medium":["https:\/\/blogopara.com.br\/wp-content\/uploads\/2026\/09\/gilmar-mendes_rosinei-coutinho_stf-300x200.jpg",300,200,true],"medium_large":["https:\/\/blogopara.com.br\/wp-content\/uploads\/2026\/09\/gilmar-mendes_rosinei-coutinho_stf.jpg",500,333,false],"large":["https:\/\/blogopara.com.br\/wp-content\/uploads\/2026\/09\/gilmar-mendes_rosinei-coutinho_stf.jpg",500,333,false],"1536x1536":["https:\/\/blogopara.com.br\/wp-content\/uploads\/2026\/09\/gilmar-mendes_rosinei-coutinho_stf.jpg",500,333,false],"2048x2048":["https:\/\/blogopara.com.br\/wp-content\/uploads\/2026\/09\/gilmar-mendes_rosinei-coutinho_stf.jpg",500,333,false],"mantranews-slider-large":["https:\/\/blogopara.com.br\/wp-content\/uploads\/2026\/09\/gilmar-mendes_rosinei-coutinho_stf.jpg",500,333,false],"mantranews-featured-medium":["https:\/\/blogopara.com.br\/wp-content\/uploads\/2026\/09\/gilmar-mendes_rosinei-coutinho_stf-420x307.jpg",420,307,true],"mantranews-featured-long":["https:\/\/blogopara.com.br\/wp-content\/uploads\/2026\/09\/gilmar-mendes_rosinei-coutinho_stf-300x333.jpg",300,333,true],"mantranews-block-medium":["https:\/\/blogopara.com.br\/wp-content\/uploads\/2026\/09\/gilmar-mendes_rosinei-coutinho_stf-464x290.jpg",464,290,true],"mantranews-carousel-image":["https:\/\/blogopara.com.br\/wp-content\/uploads\/2026\/09\/gilmar-mendes_rosinei-coutinho_stf.jpg",500,333,false],"mantranews-block-thumb":["https:\/\/blogopara.com.br\/wp-content\/uploads\/2026\/09\/gilmar-mendes_rosinei-coutinho_stf-322x230.jpg",322,230,true],"mantranews-single-large":["https:\/\/blogopara.com.br\/wp-content\/uploads\/2026\/09\/gilmar-mendes_rosinei-coutinho_stf.jpg",500,333,false]},"uagb_author_info":{"display_name":"Reda\u00e7\u00e3o geral","author_link":"https:\/\/blogopara.com.br\/index.php\/author\/blogopara"},"uagb_comment_info":0,"uagb_excerpt":"O ministro Gilmar Mendes, do Supremo Tribunal Federal (STF), formalizou neste s\u00e1bado (5) uma proposta para impedir que policiais e militares atuem como servidores cedidos nos gabinetes da Corte. A medida, apresentada anteriormente ao presidente do STF, Edson Fachin, amplia a ideia inicial de barrar a presen\u00e7a de delegados da Pol\u00edcia Federal e inclui integrantes&hellip;","jetpack_sharing_enabled":true,"jetpack_likes_enabled":true,"_links":{"self":[{"href":"https:\/\/blogopara.com.br\/index.php\/wp-json\/wp\/v2\/posts\/88473","targetHints":{"allow":["GET"]}}],"collection":[{"href":"https:\/\/blogopara.com.br\/index.php\/wp-json\/wp\/v2\/posts"}],"about":[{"href":"https:\/\/blogopara.com.br\/index.php\/wp-json\/wp\/v2\/types\/post"}],"author":[{"embeddable":true,"href":"https:\/\/blogopara.com.br\/index.php\/wp-json\/wp\/v2\/users\/1"}],"replies":[{"embeddable":true,"href":"https:\/\/blogopara.com.br\/index.php\/wp-json\/wp\/v2\/comments?post=88473"}],"version-history":[{"count":1,"href":"https:\/\/blogopara.com.br\/index.php\/wp-json\/wp\/v2\/posts\/88473\/revisions"}],"predecessor-version":[{"id":88475,"href":"https:\/\/blogopara.com.br\/index.php\/wp-json\/wp\/v2\/posts\/88473\/revisions\/88475"}],"wp:featuredmedia":[{"embeddable":true,"href":"https:\/\/blogopara.com.br\/index.php\/wp-json\/wp\/v2\/media\/88474"}],"wp:attachment":[{"href":"https:\/\/blogopara.com.br\/index.php\/wp-json\/wp\/v2\/media?parent=88473"}],"wp:term":[{"taxonomy":"category","embeddable":true,"href":"https:\/\/blogopara.com.br\/index.php\/wp-json\/wp\/v2\/categories?post=88473"},{"taxonomy":"post_tag","embeddable":true,"href":"https:\/\/blogopara.com.br\/index.php\/wp-json\/wp\/v2\/tags?post=88473"}],"curies":[{"name":"wp","href":"https:\/\/api.w.org\/{rel}","templated":true}]}}