{"id":88479,"date":"2026-09-06T12:02:50","date_gmt":"2026-09-06T15:02:50","guid":{"rendered":"https:\/\/blogopara.com.br\/?p=88479"},"modified":"2026-09-06T12:17:17","modified_gmt":"2026-09-06T15:17:17","slug":"sobradinho-camara-de-vereadores-compra-5-toneladas-de-acucar-e-1-500-litros-de-leite","status":"publish","type":"post","link":"https:\/\/blogopara.com.br\/index.php\/2026\/09\/06\/sobradinho-camara-de-vereadores-compra-5-toneladas-de-acucar-e-1-500-litros-de-leite","title":{"rendered":"Sobradinho: C\u00e2mara de Vereadores compra 5 toneladas de a\u00e7\u00facar e 1.500 litros de leite"},"content":{"rendered":"<p class=\"isSelectedEnd\">Um v\u00eddeo publicado nas redes sociais vem repercutindo entre moradores de Sobradinho, no norte da Bahia, ap\u00f3s um cidad\u00e3o do munic\u00edpio questionar supostos gastos realizados pela C\u00e2mara de Vereadores ao longo de um ano.<\/p>\n<p class=\"isSelectedEnd\">Na grava\u00e7\u00e3o, o denunciante chama a aten\u00e7\u00e3o para uma licita\u00e7\u00e3o que, segundo ele, prev\u00ea a aquisi\u00e7\u00e3o de 5 toneladas de a\u00e7\u00facar e 1.500 litros de leite para atender \u00e0 C\u00e2mara Municipal, al\u00e9m de outros produtos que tamb\u00e9m teriam sido inclu\u00eddos nas compras.<\/p>\n<p>Mais do que o valor financeiro da contrata\u00e7\u00e3o, o caso chama aten\u00e7\u00e3o pela quantidade dos produtos mencionados e coloca em discuss\u00e3o a necessidade de os \u00f3rg\u00e3os p\u00fablicos demonstrarem, de forma clara, como s\u00e3o planejadas e executadas suas despesas.<\/p>\n","protected":false},"excerpt":{"rendered":"<p>Um v\u00eddeo publicado nas redes sociais vem repercutindo entre moradores de Sobradinho, no norte da Bahia, ap\u00f3s um cidad\u00e3o do munic\u00edpio questionar supostos gastos realizados pela C\u00e2mara de Vereadores ao longo de um ano. Na grava\u00e7\u00e3o, o denunciante chama a aten\u00e7\u00e3o para uma licita\u00e7\u00e3o que, segundo ele, prev\u00ea a aquisi\u00e7\u00e3o de 5 toneladas de a\u00e7\u00facar [&hellip;]<\/p>\n","protected":false},"author":1,"featured_media":88480,"comment_status":"open","ping_status":"open","sticky":false,"template":"","format":"standard","meta":{"_uag_custom_page_level_css":"","_monsterinsights_skip_tracking":false,"_monsterinsights_sitenote_active":false,"_monsterinsights_sitenote_note":"","_monsterinsights_sitenote_category":0,"jetpack_post_was_ever_published":false,"_jetpack_newsletter_access":"","_jetpack_dont_email_post_to_subs":false,"_jetpack_newsletter_tier_id":0,"_jetpack_memberships_contains_paywalled_content":false,"_jetpack_memberships_contains_paid_content":false,"footnotes":"","jetpack_publicize_message":"","jetpack_publicize_feature_enabled":true,"jetpack_social_post_already_shared":true,"jetpack_social_options":{"image_generator_settings":{"template":"highway","default_image_id":0,"font":"","enabled":false},"version":2}},"categories":[199,197],"tags":[9100,12015,7281],"class_list":["post-88479","post","type-post","status-publish","format-standard","has-post-thumbnail","hentry","category-bahia","category-politica","tag-barragem-de-sobradinho","tag-cleivynho-sampaio","tag-reservatorio-de-sobradinho"],"jetpack_publicize_connections":[],"jetpack_featured_media_url":"https:\/\/blogopara.com.br\/wp-content\/uploads\/2026\/09\/Capturar-14.jpg","uagb_featured_image_src":{"full":["https:\/\/blogopara.com.br\/wp-content\/uploads\/2026\/09\/Capturar-14.jpg",500,284,false],"thumbnail":["https:\/\/blogopara.com.br\/wp-content\/uploads\/2026\/09\/Capturar-14-150x150.jpg",150,150,true],"medium":["https:\/\/blogopara.com.br\/wp-content\/uploads\/2026\/09\/Capturar-14-300x170.jpg",300,170,true],"medium_large":["https:\/\/blogopara.com.br\/wp-content\/uploads\/2026\/09\/Capturar-14.jpg",500,284,false],"large":["https:\/\/blogopara.com.br\/wp-content\/uploads\/2026\/09\/Capturar-14.jpg",500,284,false],"1536x1536":["https:\/\/blogopara.com.br\/wp-content\/uploads\/2026\/09\/Capturar-14.jpg",500,284,false],"2048x2048":["https:\/\/blogopara.com.br\/wp-content\/uploads\/2026\/09\/Capturar-14.jpg",500,284,false],"mantranews-slider-large":["https:\/\/blogopara.com.br\/wp-content\/uploads\/2026\/09\/Capturar-14.jpg",500,284,false],"mantranews-featured-medium":["https:\/\/blogopara.com.br\/wp-content\/uploads\/2026\/09\/Capturar-14-420x284.jpg",420,284,true],"mantranews-featured-long":["https:\/\/blogopara.com.br\/wp-content\/uploads\/2026\/09\/Capturar-14-300x284.jpg",300,284,true],"mantranews-block-medium":["https:\/\/blogopara.com.br\/wp-content\/uploads\/2026\/09\/Capturar-14-464x284.jpg",464,284,true],"mantranews-carousel-image":["https:\/\/blogopara.com.br\/wp-content\/uploads\/2026\/09\/Capturar-14.jpg",500,284,false],"mantranews-block-thumb":["https:\/\/blogopara.com.br\/wp-content\/uploads\/2026\/09\/Capturar-14-322x230.jpg",322,230,true],"mantranews-single-large":["https:\/\/blogopara.com.br\/wp-content\/uploads\/2026\/09\/Capturar-14.jpg",500,284,false]},"uagb_author_info":{"display_name":"Reda\u00e7\u00e3o geral","author_link":"https:\/\/blogopara.com.br\/index.php\/author\/blogopara"},"uagb_comment_info":0,"uagb_excerpt":"Um v\u00eddeo publicado nas redes sociais vem repercutindo entre moradores de Sobradinho, no norte da Bahia, ap\u00f3s um cidad\u00e3o do munic\u00edpio questionar supostos gastos realizados pela C\u00e2mara de Vereadores ao longo de um ano. Na grava\u00e7\u00e3o, o denunciante chama a aten\u00e7\u00e3o para uma licita\u00e7\u00e3o que, segundo ele, prev\u00ea a aquisi\u00e7\u00e3o de 5 toneladas de a\u00e7\u00facar&hellip;","jetpack_sharing_enabled":true,"jetpack_likes_enabled":true,"_links":{"self":[{"href":"https:\/\/blogopara.com.br\/index.php\/wp-json\/wp\/v2\/posts\/88479","targetHints":{"allow":["GET"]}}],"collection":[{"href":"https:\/\/blogopara.com.br\/index.php\/wp-json\/wp\/v2\/posts"}],"about":[{"href":"https:\/\/blogopara.com.br\/index.php\/wp-json\/wp\/v2\/types\/post"}],"author":[{"embeddable":true,"href":"https:\/\/blogopara.com.br\/index.php\/wp-json\/wp\/v2\/users\/1"}],"replies":[{"embeddable":true,"href":"https:\/\/blogopara.com.br\/index.php\/wp-json\/wp\/v2\/comments?post=88479"}],"version-history":[{"count":3,"href":"https:\/\/blogopara.com.br\/index.php\/wp-json\/wp\/v2\/posts\/88479\/revisions"}],"predecessor-version":[{"id":88484,"href":"https:\/\/blogopara.com.br\/index.php\/wp-json\/wp\/v2\/posts\/88479\/revisions\/88484"}],"wp:featuredmedia":[{"embeddable":true,"href":"https:\/\/blogopara.com.br\/index.php\/wp-json\/wp\/v2\/media\/88480"}],"wp:attachment":[{"href":"https:\/\/blogopara.com.br\/index.php\/wp-json\/wp\/v2\/media?parent=88479"}],"wp:term":[{"taxonomy":"category","embeddable":true,"href":"https:\/\/blogopara.com.br\/index.php\/wp-json\/wp\/v2\/categories?post=88479"},{"taxonomy":"post_tag","embeddable":true,"href":"https:\/\/blogopara.com.br\/index.php\/wp-json\/wp\/v2\/tags?post=88479"}],"curies":[{"name":"wp","href":"https:\/\/api.w.org\/{rel}","templated":true}]}}