{"id":8848,"date":"2020-04-01T12:36:25","date_gmt":"2020-04-01T15:36:25","guid":{"rendered":"http:\/\/blogopara.com.br\/?p=8848"},"modified":"2020-04-01T12:36:34","modified_gmt":"2020-04-01T15:36:34","slug":"auxilio-emergencial-quem-deve-ter-direito-e-como-deve-funcionar-a-ajuda-de-r-600-para-trabalhadores-informais","status":"publish","type":"post","link":"https:\/\/blogopara.com.br\/index.php\/2020\/04\/01\/auxilio-emergencial-quem-deve-ter-direito-e-como-deve-funcionar-a-ajuda-de-r-600-para-trabalhadores-informais","title":{"rendered":"Aux\u00edlio emergencial: quem deve ter direito e como deve funcionar a ajuda de R$ 600 para trabalhadores informais"},"content":{"rendered":"<div class=\"mc-column content-text active-extra-styles active-capital-letter\" data-block-type=\"unstyled\" data-block-weight=\"41\" data-block-id=\"1\">\n<p class=\"content-text__container theme-color-primary-first-letter\" style=\"text-align: justify;\" data-track-category=\"Link no Texto\" data-track-links=\"\">O Senado aprovou a \u00faltima segunda-feira (30)\u00a0<a href=\"https:\/\/g1.globo.com\/politica\/noticia\/2020\/03\/30\/coronavirus-senado-aprova-projeto-que-preve-r-600-mensais-a-trabalhadores-informais.ghtml\">um aux\u00edlio emergencial de R$ 600 a trabalhadores informais<\/a><a href=\"https:\/\/g1.globo.com\/bemestar\/coronavirus\/noticia\/2020\/03\/18\/com-decreto-de-calamidade-publica-governo-anuncia-r-15-bilhoes-para-pessoas-desassistidas.ghtml\">\u00a0<\/a>por tr\u00eas meses em raz\u00e3o da pandemia do\u00a0<a href=\"https:\/\/g1.globo.com\/bemestar\/coronavirus\/\">coronav\u00edrus<\/a>. A mulher que for m\u00e3e e chefe de fam\u00edlia poder\u00e1 receber R$ 1,2 mil por m\u00eas.<\/p>\n<\/div>\n<div class=\"wall protected-content\">\n<div class=\"mc-column content-text active-extra-styles \" style=\"text-align: justify;\" data-block-type=\"unstyled\" data-block-weight=\"25\" data-block-id=\"2\">\n<p class=\"content-text__container \" data-track-category=\"Link no Texto\" data-track-links=\"\">A ajuda j\u00e1 tinha sido\u00a0<a href=\"https:\/\/g1.globo.com\/bemestar\/coronavirus\/noticia\/2020\/03\/18\/com-decreto-de-calamidade-publica-governo-anuncia-r-15-bilhoes-para-pessoas-desassistidas.ghtml\">aprovada na C\u00e2mara<\/a>, na \u00faltima quinta-feira (26)\u00a0<strong>e o projeto agora seguir\u00e1 para a san\u00e7\u00e3o do presidente Jair Bolsonaro<\/strong>.<\/p>\n<\/div>\n<div class=\"mc-column content-text active-extra-styles \" style=\"text-align: justify;\" data-block-type=\"unstyled\" data-block-weight=\"22\" data-block-id=\"3\">\n<p class=\"content-text__container \" data-track-category=\"Link no Texto\" data-track-links=\"\">O Congresso determinou um valor maior que o proposto pelo Executivo,\u00a0<a href=\"https:\/\/g1.globo.com\/bemestar\/coronavirus\/noticia\/2020\/03\/18\/com-decreto-de-calamidade-publica-governo-anuncia-r-15-bilhoes-para-pessoas-desassistidas.ghtml\">que era de R$ 200<\/a>, depois de articular com o governo.<\/p>\n<\/div>\n<div class=\"mc-column content-text active-extra-styles\" style=\"text-align: justify;\" data-block-type=\"raw\" data-block-weight=\"4\" data-block-id=\"4\">\n<div class=\"content-intertitle\">\n<h5>Quando come\u00e7a o pagamento?<\/h5>\n<\/div>\n<\/div>\n<div class=\"mc-column content-text active-extra-styles \" style=\"text-align: justify;\" data-block-type=\"unstyled\" data-block-weight=\"23\" data-block-id=\"5\">\n<p class=\"content-text__container \" data-track-category=\"Link no Texto\" data-track-links=\"\">O\u00a0<strong>governo federal ainda n\u00e3o informou a data de in\u00edcio do pagamento<\/strong>\u00a0e nem come\u00e7ou a inscrever os que t\u00eam direito ao aux\u00edlio.<\/p>\n<\/div>\n<div class=\"mc-column content-text active-extra-styles \" style=\"text-align: justify;\" data-block-type=\"unstyled\" data-block-weight=\"38\" data-block-id=\"6\">\n<p class=\"content-text__container \" data-track-category=\"Link no Texto\" data-track-links=\"\">Isso porque o benef\u00edcio ser\u00e1 criado por um Projeto de Lei (PL), que j\u00e1 foi\u00a0<a href=\"https:\/\/g1.globo.com\/politica\/noticia\/2020\/03\/26\/coronavirus-camara-aprova-projeto-que-preve-r-600-por-mes-para-trabalhador-informal.ghtml\">aprovado pela C\u00e2mara, que aumentou o valor proposto<\/a>, e pelo\u00a0<a href=\"https:\/\/g1.globo.com\/politica\/noticia\/2020\/03\/30\/coronavirus-senado-aprova-projeto-que-preve-r-600-mensais-a-trabalhadores-informais.ghtml\">Senado<\/a>. Agora,\u00a0<strong>precisa ser sancionado pelo presidente Jair Bolsonaro, para come\u00e7ar a valer<\/strong>.<\/p>\n<\/div>\n<div class=\"mc-column content-text active-extra-styles \" style=\"text-align: justify;\" data-block-type=\"unstyled\" data-block-weight=\"15\" data-block-id=\"7\">\n<p class=\"content-text__container \" data-track-category=\"Link no Texto\" data-track-links=\"\">De acordo com o ministro da Cidadania, Onyx Lorenzoni,\u00a0<a href=\"https:\/\/g1.globo.com\/politica\/noticia\/2020\/03\/31\/informais-sem-cadastro-no-governo-devem-ficar-por-ultimo-no-cronograma-do-auxilio-de-r-600-diz-onyx.ghtml\"><strong>a ordem de pagamentos deve ser<\/strong><\/a>:<\/p>\n<\/div>\n<div class=\"mc-column content-text active-extra-styles \" style=\"text-align: justify;\" data-block-type=\"unstyled\" data-block-weight=\"7\" data-block-id=\"8\">\n<p class=\"content-text__container \" data-track-category=\"Link no Texto\" data-track-links=\"\"><strong>1\u00ba<\/strong>: trabalhadores informais que recebem o Bolsa-Fam\u00edlia<\/p>\n<\/div>\n<div class=\"mc-column content-text active-extra-styles \" style=\"text-align: justify;\" data-block-type=\"unstyled\" data-block-weight=\"28\" data-block-id=\"9\">\n<p class=\"content-text__container \" data-track-category=\"Link no Texto\" data-track-links=\"\"><strong>2\u00ba<\/strong>: informais que est\u00e3o no cadastro \u00fanico (banco de dados onde o governo federal tem registrados os nomes das pessoas de baixa renda habilitadas a receberem benef\u00edcios sociais)<\/p>\n<\/div>\n<div class=\"mc-column content-text active-extra-styles \" style=\"text-align: justify;\" data-block-type=\"unstyled\" data-block-weight=\"6\" data-block-id=\"10\">\n<p class=\"content-text__container \" data-track-category=\"Link no Texto\" data-track-links=\"\"><strong>3\u00ba<\/strong>: microempreendedores individuais e contribuintes individuais<\/p>\n<\/div>\n<div class=\"mc-column content-text active-extra-styles \" style=\"text-align: justify;\" data-block-type=\"unstyled\" data-block-weight=\"8\" data-block-id=\"11\">\n<p class=\"content-text__container \" data-track-category=\"Link no Texto\" data-track-links=\"\"><strong>4\u00ba<\/strong>: informais que n\u00e3o est\u00e3o em cadastro nenhum<\/p>\n<\/div>\n<div class=\"mc-column content-text active-extra-styles\" style=\"text-align: justify;\" data-block-type=\"raw\" data-block-weight=\"3\" data-block-id=\"12\">\n<div class=\"content-intertitle\">\n<h5>Quem tem direito?<\/h5>\n<\/div>\n<\/div>\n<div class=\"mc-column content-text active-extra-styles \" style=\"text-align: justify;\" data-block-type=\"unstyled\" data-block-weight=\"16\" data-block-id=\"13\">\n<p class=\"content-text__container \" data-track-category=\"Link no Texto\" data-track-links=\"\">Segundo o projeto de lei, o benef\u00edcio ser\u00e1 pago a\u00a0<strong>trabalhadores informais, desempregados e MEIs<\/strong>.<\/p>\n<\/div>\n<div class=\"mc-column content-text active-extra-styles \" style=\"text-align: justify;\" data-block-type=\"unstyled\" data-block-weight=\"10\" data-block-id=\"14\">\n<p class=\"content-text__container \" data-track-category=\"Link no Texto\" data-track-links=\"\">Ser\u00e1 preciso se enquadrar em\u00a0<strong>uma das condi\u00e7\u00f5es abaixo<\/strong>:<\/p>\n<\/div>\n<div class=\"mc-column content-text active-extra-styles\" style=\"text-align: justify;\" data-block-type=\"raw\" data-block-weight=\"69\" data-block-id=\"15\">\n<ul class=\"content-unordered-list\">\n<li>ser\u00a0<strong>titular de pessoa jur\u00eddica<\/strong>\u00a0(Micro Empreendedor Individual, ou MEI);<\/li>\n<li><strong>estar inscrito Cadastro \u00danico\u00a0<\/strong>(Cad\u00danico) para Programas Sociais do Governo Federal at\u00e9 o \u00faltimo dia dia 20 de mar\u00e7o;<\/li>\n<li>cumprir o\u00a0<strong>requisito de renda m\u00e9dia<\/strong>\u00a0(renda mensal de at\u00e9 meio sal\u00e1rio m\u00ednimo por pessoa, e de at\u00e9 3 sal\u00e1rios m\u00ednimos por fam\u00edlia)<strong>\u00a0<\/strong>at\u00e9 20 de mar\u00e7o de 2020;<\/li>\n<li><strong>ser contribuinte individual ou facultativo do Regime Geral de Previd\u00eancia Social.<\/strong><\/li>\n<\/ul>\n<\/div>\n<div class=\"mc-column content-text active-extra-styles \" style=\"text-align: justify;\" data-block-type=\"unstyled\" data-block-weight=\"6\" data-block-id=\"17\">\n<p class=\"content-text__container \" data-track-category=\"Link no Texto\" data-track-links=\"\">Al\u00e9m disso,\u00a0<strong>todos os benefici\u00e1rios dever\u00e3o<\/strong>:<\/p>\n<\/div>\n<div class=\"mc-column content-text active-extra-styles\" style=\"text-align: justify;\" data-block-type=\"raw\" data-block-weight=\"41\" data-block-id=\"18\">\n<ul class=\"content-unordered-list\">\n<li>ter mais de 18 anos de idade;<\/li>\n<li>tenham renda mensal de at\u00e9 meio sal\u00e1rio m\u00ednimo por pessoa (R$ 522,50);<\/li>\n<li>tenham renda mensal at\u00e9 3 sal\u00e1rios m\u00ednimos (R$ 3.135) por fam\u00edlia;<\/li>\n<li>n\u00e3o tenham recebido rendimentos tribut\u00e1veis acima de R$ 28.559,70 em 2018.<\/li>\n<\/ul>\n<\/div>\n<div class=\"mc-column content-text active-extra-styles \" style=\"text-align: justify;\" data-block-type=\"unstyled\" data-block-weight=\"24\" data-block-id=\"19\">\n<p class=\"content-text__container \" data-track-category=\"Link no Texto\" data-track-links=\"\"><strong>A mulher que for m\u00e3e e chefe de fam\u00edlia<\/strong>, e estiver dentro dos demais crit\u00e9rios,<strong>\u00a0poder\u00e1 receber R$ 1,2 mil<\/strong>\u00a0(duas cotas) por m\u00eas.<\/p>\n<\/div>\n<div class=\"mc-column content-text active-extra-styles \" style=\"text-align: justify;\" data-block-type=\"unstyled\" data-block-weight=\"24\" data-block-id=\"20\">\n<p class=\"content-text__container \" data-track-category=\"Link no Texto\" data-track-links=\"\">Na renda familiar, ser\u00e3o considerados todos os rendimentos obtidos por todos os membros que moram na mesma resid\u00eancia, exceto o dinheiro do Bolsa Fam\u00edlia.<\/p>\n<\/div>\n<div class=\"mc-column content-text active-extra-styles\" style=\"text-align: justify;\" data-block-type=\"raw\" data-block-weight=\"6\" data-block-id=\"21\">\n<div class=\"content-intertitle\">\n<h5>\u00c9 preciso estar inscrito no Cad\u00danico?<\/h5>\n<\/div>\n<\/div>\n<div class=\"mc-column content-text active-extra-styles \" style=\"text-align: justify;\" data-block-type=\"unstyled\" data-block-weight=\"27\" data-block-id=\"22\">\n<p class=\"content-text__container \" data-track-category=\"Link no Texto\" data-track-links=\"\">O trabalhador de baixa renda n\u00e3o precisar\u00e1 estar inscrito no Cad\u00danico para receber o benef\u00edcio \u2013 ser\u00e1 necess\u00e1rio apenas cumprir com o limite de renda m\u00e9dia.<\/p>\n<\/div>\n<div class=\"mc-column content-text active-extra-styles \" style=\"text-align: justify;\" data-block-type=\"unstyled\" data-block-weight=\"38\" data-block-id=\"23\">\n<p class=\"content-text__container \" data-track-category=\"Link no Texto\" data-track-links=\"\">O Cad\u00danico vai auxiliar na verifica\u00e7\u00e3o dessa renda para quem est\u00e1 inscrito \u2013 para que n\u00e3o est\u00e1, a verifica\u00e7\u00e3o ser\u00e1 feita\u00a0<strong>por meio de autodeclara\u00e7\u00e3o em plataforma digital<\/strong>. Ainda n\u00e3o foi informado como essa declara\u00e7\u00e3o ser\u00e1 feita.<\/p>\n<\/div>\n<div class=\"mc-column content-text active-extra-styles \" style=\"text-align: justify;\" data-block-type=\"unstyled\" data-block-weight=\"27\" data-block-id=\"24\">\n<p class=\"content-text__container \" data-track-category=\"Link no Texto\" data-track-links=\"\">Mas o ministro da Cidadania, Onyx Lorenzoni, afirmou que\u00a0<a href=\"https:\/\/g1.globo.com\/politica\/noticia\/2020\/03\/31\/informais-sem-cadastro-no-governo-devem-ficar-por-ultimo-no-cronograma-do-auxilio-de-r-600-diz-onyx.ghtml\">trabalhadores informais que n\u00e3o constam em nenhum cadastro do governo devem ficar por \u00faltimo no cronograma de pagamento<\/a>.<\/p>\n<\/div>\n<div class=\"mc-column content-text active-extra-styles \" style=\"text-align: justify;\" data-block-type=\"unstyled\" data-block-weight=\"37\" data-block-id=\"25\">\n<p class=\"content-text__container \" data-track-category=\"Link no Texto\" data-track-links=\"\">O secret\u00e1rio do Tesouro Nacional, Mansueto Almeida, afirmou que o\u00a0<a href=\"https:\/\/g1.globo.com\/economia\/noticia\/2020\/03\/30\/auxilio-de-r-600-tesouro-diz-que-pedira-ajuda-de-comunidades-para-cadastrar-informais.ghtml\">governo pedir\u00e1 ajuda \u00e0s comunidades<\/a>\u00a0espalhadas pelo pa\u00eds para cadastrar os trabalhadores informais. De acordo com o Tesouro, &#8220;todos os mecanismos&#8221; para encontrar essas pessoas ser\u00e3o utilizados.<\/p>\n<\/div>\n<div class=\"mc-column content-text active-extra-styles\" style=\"text-align: justify;\" data-block-type=\"raw\" data-block-weight=\"4\" data-block-id=\"26\">\n<div class=\"content-intertitle\">\n<h5>Quem n\u00e3o tem direito?<\/h5>\n<\/div>\n<\/div>\n<div class=\"mc-column content-text active-extra-styles \" style=\"text-align: justify;\" data-block-type=\"unstyled\" data-block-weight=\"27\" data-block-id=\"27\">\n<p class=\"content-text__container \" data-track-category=\"Link no Texto\" data-track-links=\"\">O aux\u00edlio\u00a0<strong>n\u00e3o ser\u00e1 dado a quem recebe benef\u00edcio previdenci\u00e1rio ou assistencial, seguro-desemprego ou outro programa de transfer\u00eancia de renda federal que n\u00e3o seja o Bolsa Fam\u00edlia.<\/strong><\/p>\n<\/div>\n<div class=\"mc-column content-text active-extra-styles \" style=\"text-align: justify;\" data-block-type=\"unstyled\" data-block-weight=\"24\" data-block-id=\"28\">\n<p class=\"content-text__container \" data-track-category=\"Link no Texto\" data-track-links=\"\">No caso do Bolsa Fam\u00edlia, o benefici\u00e1rio poder\u00e1 optar por substituir temporariamente o programa pelo aux\u00edlio emergencial, se o \u00faltimo for mais vantajoso.<\/p>\n<\/div>\n<div class=\"mc-column content-text active-extra-styles \" style=\"text-align: justify;\" data-block-type=\"unstyled\" data-block-weight=\"27\" data-block-id=\"29\">\n<p class=\"content-text__container \" data-track-category=\"Link no Texto\" data-track-links=\"\">Se o benefici\u00e1rio for contratado no regime CLT ou se a renda familiar ultrapassar o limite durante o per\u00edodo de pagamento, ele deixar\u00e1 de receber o aux\u00edlio.<\/p>\n<\/div>\n<div class=\"mc-column content-text active-extra-styles\" style=\"text-align: justify;\" data-block-type=\"raw\" data-block-weight=\"9\" data-block-id=\"31\">\n<div class=\"content-intertitle\">\n<h5>Como pedir o benef\u00edcio? J\u00e1 \u00e9 poss\u00edvel se inscrever?<\/h5>\n<\/div>\n<\/div>\n<div class=\"mc-column content-text active-extra-styles \" style=\"text-align: justify;\" data-block-type=\"unstyled\" data-block-weight=\"24\" data-block-id=\"32\">\n<p class=\"content-text__container \" data-track-category=\"Link no Texto\" data-track-links=\"\"><strong>Ainda n\u00e3o<\/strong>. O projeto de lei n\u00e3o informa como os trabalhadores dever\u00e3o se inscrever para receber o benef\u00edcio e nem a partir de quando.<\/p>\n<\/div>\n<div class=\"mc-column content-text active-extra-styles\" style=\"text-align: justify;\" data-block-type=\"raw\" data-block-weight=\"10\" data-block-id=\"33\">\n<p><strong style=\"font-size: inherit;\">O governo orienta que as pessoas n\u00e3o deem seus dados a sites que digam que est\u00e3o fazendo inscri\u00e7\u00f5es para o programa<\/strong><span style=\"font-size: inherit;\">\u00a0e nem procurem os bancos neste momento, porque o sistema de pagamento ainda n\u00e3o est\u00e1 definido.<\/span><\/p>\n<\/div>\n<div class=\"mc-column content-text active-extra-styles\" style=\"text-align: justify;\" data-block-type=\"raw\" data-block-weight=\"7\" data-block-id=\"35\">\n<div class=\"content-intertitle\">\n<h5>De que forma ser\u00e1 feito o pagamento?<\/h5>\n<\/div>\n<\/div>\n<div class=\"mc-column content-text active-extra-styles \" style=\"text-align: justify;\" data-block-type=\"unstyled\" data-block-weight=\"26\" data-block-id=\"36\">\n<p class=\"content-text__container \" data-track-category=\"Link no Texto\" data-track-links=\"\">O presidente da Caixa Econ\u00f4mica Federal, Pedro Guimar\u00e3es, afirmou que\u00a0<a href=\"https:\/\/g1.globo.com\/economia\/noticia\/2020\/03\/27\/informais-poderao-receber-auxilio-de-r-600-em-agencias-da-caixa-lotericas-e-via-celular.ghtml\">pretende fazer os pagamentos n\u00e3o s\u00f3 em ag\u00eancias, mas tamb\u00e9m via\u00a0<\/a><a href=\"https:\/\/g1.globo.com\/economia\/noticia\/2020\/03\/27\/informais-poderao-receber-auxilio-de-r-600-em-agencias-da-caixa-lotericas-e-via-celular.ghtml\">lot\u00e9ricas e aplicativo de celular<\/a>.<\/p>\n<\/div>\n<div class=\"mc-column content-text active-extra-styles \" style=\"text-align: justify;\" data-block-type=\"unstyled\" data-block-weight=\"54\" data-block-id=\"37\">\n<p class=\"content-text__container \" data-track-category=\"Link no Texto\" data-track-links=\"\"><strong>Para quem n\u00e3o \u00e9 correntista da Caixa<\/strong>, deve ser adotado um\u00a0<strong>calend\u00e1rio para o pagamento<\/strong>\u00a0do benef\u00edcio, para evitar um n\u00famero muito grande de pessoas nas ag\u00eancias de uma s\u00f3 vez. E que ser\u00e1 poss\u00edvel fazer a transfer\u00eancia sem custo. O tema \u00e9 discutido com o INSS, que vai operar a base de beneficiados.<\/p>\n<\/div>\n<div class=\"mc-column content-text active-extra-styles\" style=\"text-align: justify;\" data-block-type=\"raw\" data-block-weight=\"1\" data-block-id=\"38\">\n<div class=\"content-intertitle\">\n<h5>Limites<\/h5>\n<\/div>\n<\/div>\n<div class=\"mc-column content-text active-extra-styles \" style=\"text-align: justify;\" data-block-type=\"unstyled\" data-block-weight=\"16\" data-block-id=\"39\">\n<p class=\"content-text__container \" data-track-category=\"Link no Texto\" data-track-links=\"\">O projeto estabelece ainda que\u00a0<strong>s\u00f3 duas pessoas da mesma fam\u00edlia poder\u00e3o acumular o aux\u00edlio<\/strong>\u00a0emergencial.<\/p>\n<\/div>\n<div class=\"mc-column content-text active-extra-styles \" style=\"text-align: justify;\" data-block-type=\"unstyled\" data-block-weight=\"34\" data-block-id=\"40\">\n<p class=\"content-text__container \" data-track-category=\"Link no Texto\" data-track-links=\"\"><strong>Ser\u00e1 permitido a duas pessoas de uma mesma fam\u00edlia acumularem benef\u00edcios: o aux\u00edlio emergencial e o Bolsa Fam\u00edlia<\/strong>. Se o aux\u00edlio for maior que a bolsa, a pessoa poder\u00e1 fazer a op\u00e7\u00e3o pelo aux\u00edlio.<\/p>\n<\/div>\n<div class=\"mc-column content-text active-extra-styles\" style=\"text-align: justify;\" data-block-type=\"raw\" data-block-weight=\"6\" data-block-id=\"41\">\n<div class=\"content-intertitle\">\n<h5>Quanto tempo dever\u00e1 durar o aux\u00edlio?<\/h5>\n<\/div>\n<\/div>\n<div class=\"mc-column content-text active-extra-styles \" style=\"text-align: justify;\" data-block-type=\"unstyled\" data-block-weight=\"49\" data-block-id=\"42\">\n<p class=\"content-text__container \" data-track-category=\"Link no Texto\" data-track-links=\"\">No an\u00fancio da semana passada, o governo estimou que\u00a0<strong>o benef\u00edcio dever\u00e1 durar 3 meses ou at\u00e9 o fim da emerg\u00eancia do coronav\u00edrus no pa\u00eds<\/strong>. O relator do projeto aprovado na C\u00e2mara, Marcelo Aro (PP-MG), disse que a validade do aux\u00edlio poder\u00e1 ser prorrogada de acordo com a necessidade.<\/p>\n<\/div>\n<div class=\"mc-column content-text active-extra-styles\" style=\"text-align: justify;\" data-block-type=\"raw\" data-block-weight=\"3\" data-block-id=\"43\">\n<div class=\"content-intertitle\">\n<h5>Impacto na economia<\/h5>\n<\/div>\n<\/div>\n<div class=\"mc-column content-text active-extra-styles \" style=\"text-align: justify;\" data-block-type=\"unstyled\" data-block-weight=\"30\" data-block-id=\"44\">\n<p class=\"content-text__container \" data-track-category=\"Link no Texto\" data-track-links=\"\">A previs\u00e3o do governo federal \u00e9 que o\u00a0<strong>aux\u00edlio dever\u00e1 injetar R$ 5 bilh\u00f5es por m\u00eas na economia<\/strong>, ou seja, cerca de R$ 15 bilh\u00f5es em todo o per\u00edodo estimado.<\/p>\n<\/div>\n<div data-track-category=\"multicontent\" data-track-action=\"ultimo chunk conteudo\" data-track-noninteraction=\"false\" data-track-scroll=\"view\">\n<div class=\"mc-column content-text active-extra-styles \" data-block-type=\"unstyled\" data-block-weight=\"42\" data-block-id=\"46\">\n<p class=\"content-text__container \" style=\"text-align: justify;\" data-track-category=\"Link no Texto\" data-track-links=\"\">O dinheiro sair\u00e1 dos cofres da Uni\u00e3o, que ganhou f\u00f4lego ap\u00f3s a aprova\u00e7\u00e3o do estado de calamidade p\u00fablica, que permite ao governo descumprir a meta fiscal de 2020, que seria de d\u00e9ficit de R$ 124 bilh\u00f5es, e agora poder\u00e1 se endividar mais.<\/p>\n<pre data-track-category=\"Link no Texto\">Fonte: G1<\/pre>\n<\/div>\n<\/div>\n<\/div>\n","protected":false},"excerpt":{"rendered":"<p>Aux\u00edlio emergencial: quem deve ter direito e como deve funcionar a ajuda de R$ 600 para trabalhadores informais<\/p>\n","protected":false},"author":1,"featured_media":8849,"comment_status":"open","ping_status":"open","sticky":false,"template":"","format":"standard","meta":{"_uag_custom_page_level_css":"","_monsterinsights_skip_tracking":false,"_monsterinsights_sitenote_active":false,"_monsterinsights_sitenote_note":"","_monsterinsights_sitenote_category":0,"jetpack_post_was_ever_published":false,"_jetpack_newsletter_access":"","_jetpack_dont_email_post_to_subs":false,"_jetpack_newsletter_tier_id":0,"_jetpack_memberships_contains_paywalled_content":false,"_jetpack_memberships_contains_paid_content":false,"footnotes":"","jetpack_publicize_message":"","jetpack_publicize_feature_enabled":true,"jetpack_social_post_already_shared":true,"jetpack_social_options":{"image_generator_settings":{"template":"highway","default_image_id":0,"font":"","enabled":false},"version":2}},"categories":[200],"tags":[],"class_list":["post-8848","post","type-post","status-publish","format-standard","has-post-thumbnail","hentry","category-brasil"],"jetpack_publicize_connections":[],"jetpack_featured_media_url":"https:\/\/blogopara.com.br\/wp-content\/uploads\/2020\/04\/download.jpg","uagb_featured_image_src":{"full":["https:\/\/blogopara.com.br\/wp-content\/uploads\/2020\/04\/download.jpg",400,224,false],"thumbnail":["https:\/\/blogopara.com.br\/wp-content\/uploads\/2020\/04\/download-150x150.jpg",150,150,true],"medium":["https:\/\/blogopara.com.br\/wp-content\/uploads\/2020\/04\/download-300x168.jpg",300,168,true],"medium_large":["https:\/\/blogopara.com.br\/wp-content\/uploads\/2020\/04\/download.jpg",400,224,false],"large":["https:\/\/blogopara.com.br\/wp-content\/uploads\/2020\/04\/download.jpg",400,224,false],"1536x1536":["https:\/\/blogopara.com.br\/wp-content\/uploads\/2020\/04\/download.jpg",400,224,false],"2048x2048":["https:\/\/blogopara.com.br\/wp-content\/uploads\/2020\/04\/download.jpg",400,224,false],"mantranews-slider-large":["https:\/\/blogopara.com.br\/wp-content\/uploads\/2020\/04\/download.jpg",400,224,false],"mantranews-featured-medium":["https:\/\/blogopara.com.br\/wp-content\/uploads\/2020\/04\/download.jpg",400,224,false],"mantranews-featured-long":["https:\/\/blogopara.com.br\/wp-content\/uploads\/2020\/04\/download-300x224.jpg",300,224,true],"mantranews-block-medium":["https:\/\/blogopara.com.br\/wp-content\/uploads\/2020\/04\/download.jpg",400,224,false],"mantranews-carousel-image":["https:\/\/blogopara.com.br\/wp-content\/uploads\/2020\/04\/download.jpg",400,224,false],"mantranews-block-thumb":["https:\/\/blogopara.com.br\/wp-content\/uploads\/2020\/04\/download-322x224.jpg",322,224,true],"mantranews-single-large":["https:\/\/blogopara.com.br\/wp-content\/uploads\/2020\/04\/download.jpg",400,224,false]},"uagb_author_info":{"display_name":"Reda\u00e7\u00e3o geral","author_link":"https:\/\/blogopara.com.br\/index.php\/author\/blogopara"},"uagb_comment_info":0,"uagb_excerpt":"Aux\u00edlio emergencial: quem deve ter direito e como deve funcionar a ajuda de R$ 600 para trabalhadores informais","jetpack_sharing_enabled":true,"jetpack_likes_enabled":true,"_links":{"self":[{"href":"https:\/\/blogopara.com.br\/index.php\/wp-json\/wp\/v2\/posts\/8848","targetHints":{"allow":["GET"]}}],"collection":[{"href":"https:\/\/blogopara.com.br\/index.php\/wp-json\/wp\/v2\/posts"}],"about":[{"href":"https:\/\/blogopara.com.br\/index.php\/wp-json\/wp\/v2\/types\/post"}],"author":[{"embeddable":true,"href":"https:\/\/blogopara.com.br\/index.php\/wp-json\/wp\/v2\/users\/1"}],"replies":[{"embeddable":true,"href":"https:\/\/blogopara.com.br\/index.php\/wp-json\/wp\/v2\/comments?post=8848"}],"version-history":[{"count":1,"href":"https:\/\/blogopara.com.br\/index.php\/wp-json\/wp\/v2\/posts\/8848\/revisions"}],"predecessor-version":[{"id":8850,"href":"https:\/\/blogopara.com.br\/index.php\/wp-json\/wp\/v2\/posts\/8848\/revisions\/8850"}],"wp:featuredmedia":[{"embeddable":true,"href":"https:\/\/blogopara.com.br\/index.php\/wp-json\/wp\/v2\/media\/8849"}],"wp:attachment":[{"href":"https:\/\/blogopara.com.br\/index.php\/wp-json\/wp\/v2\/media?parent=8848"}],"wp:term":[{"taxonomy":"category","embeddable":true,"href":"https:\/\/blogopara.com.br\/index.php\/wp-json\/wp\/v2\/categories?post=8848"},{"taxonomy":"post_tag","embeddable":true,"href":"https:\/\/blogopara.com.br\/index.php\/wp-json\/wp\/v2\/tags?post=8848"}],"curies":[{"name":"wp","href":"https:\/\/api.w.org\/{rel}","templated":true}]}}