{"id":88485,"date":"2026-09-06T13:08:42","date_gmt":"2026-09-06T16:08:42","guid":{"rendered":"https:\/\/blogopara.com.br\/?p=88485"},"modified":"2026-09-06T13:08:42","modified_gmt":"2026-09-06T16:08:42","slug":"bora-construir-conquista-comunidade-em-remanso-e-recebe-forte-declaracao-de-apoio-em-campo-alegre-de-lourdes","status":"publish","type":"post","link":"https:\/\/blogopara.com.br\/index.php\/2026\/09\/06\/bora-construir-conquista-comunidade-em-remanso-e-recebe-forte-declaracao-de-apoio-em-campo-alegre-de-lourdes","title":{"rendered":"Bora Construir conquista comunidade em Remanso e recebe forte declara\u00e7\u00e3o de apoio em Campo Alegre de Lourdes"},"content":{"rendered":"<p>A for\u00e7a do movimento &#8220;Bora Construir&#8221; tomou conta de Remanso\u00a0 reunindo a comunidade em uma demonstra\u00e7\u00e3o de participa\u00e7\u00e3o popular, carinho e apoio .<\/p>\n<p>Por onde passa, Juvenilson Passos confirma o sentimento de renova\u00e7\u00e3o pelas ruas da cidade.<\/p>\n<p>Mantendo o ritmo intenso de di\u00e1logo com o povo do sert\u00e3o, a agenda incluiu tamb\u00e9m uma visita estrat\u00e9gica a Campo Alegre de Lourdes. A chegada \u00e0 cidade evidenciou a forte rela\u00e7\u00e3o de confian\u00e7a constru\u00edda ao longo dos anos por Juvenilson Passos.<\/p>\n<p>Conhecedor profundo da realidade local desde o per\u00edodo em que esteve \u00e0 frente da CAR , trabalhando ombro a ombro com associa\u00e7\u00f5es, cooperativas e moradores, Juvenilson foi recebido com entusiasmo pelos produtores e lideran\u00e7as da regi\u00e3o.<\/p>\n<p>Emocionado com a recep\u00e7\u00e3o calorosa, Juvenilson Passos destacou: &#8220;\u00c9 uma satisfa\u00e7\u00e3o imensa e uma gratid\u00e3o profunda sentir esse abra\u00e7o firme de Campo Alegre e de toda a nossa regi\u00e3o, onde constru\u00edmos parcerias verdadeiras e transformadoras.<\/p>\n<p>Minha hist\u00f3ria aqui \u00e9 de escuta e trabalho conjunto com as associa\u00e7\u00f5es e cooperativas. Renovo hoje o meu compromisso: serei a voz firme dos munic\u00edpios e da nossa gente na Assembleia Legislativa da Bahia, levando as reais necessidades da nossa terra para o centro das decis\u00f5es. &#8220;O nosso projeto segue consolidando lideran\u00e7as, unindo for\u00e7as e provando que a constru\u00e7\u00e3o de um futuro melhor se faz ouvindo e caminhando ao lado do povo.&#8221;<\/p>\n<p>&nbsp;<\/p>\n","protected":false},"excerpt":{"rendered":"<p>A for\u00e7a do movimento &#8220;Bora Construir&#8221; tomou conta de Remanso\u00a0 reunindo a comunidade em uma demonstra\u00e7\u00e3o de participa\u00e7\u00e3o popular, carinho e apoio . Por onde passa, Juvenilson Passos confirma o sentimento de renova\u00e7\u00e3o pelas ruas da cidade. Mantendo o ritmo intenso de di\u00e1logo com o povo do sert\u00e3o, a agenda incluiu tamb\u00e9m uma visita estrat\u00e9gica [&hellip;]<\/p>\n","protected":false},"author":1,"featured_media":88486,"comment_status":"open","ping_status":"open","sticky":false,"template":"","format":"standard","meta":{"_uag_custom_page_level_css":"","_monsterinsights_skip_tracking":false,"_monsterinsights_sitenote_active":false,"_monsterinsights_sitenote_note":"","_monsterinsights_sitenote_category":0,"jetpack_post_was_ever_published":false,"_jetpack_newsletter_access":"","_jetpack_dont_email_post_to_subs":false,"_jetpack_newsletter_tier_id":0,"_jetpack_memberships_contains_paywalled_content":false,"_jetpack_memberships_contains_paid_content":false,"footnotes":"","jetpack_publicize_message":"","jetpack_publicize_feature_enabled":true,"jetpack_social_post_already_shared":true,"jetpack_social_options":{"image_generator_settings":{"template":"highway","default_image_id":0,"font":"","enabled":false},"version":2}},"categories":[197],"tags":[],"class_list":["post-88485","post","type-post","status-publish","format-standard","has-post-thumbnail","hentry","category-politica"],"jetpack_publicize_connections":[],"jetpack_featured_media_url":"https:\/\/blogopara.com.br\/wp-content\/uploads\/2026\/09\/Adriely-Mendonca-2.jpg","uagb_featured_image_src":{"full":["https:\/\/blogopara.com.br\/wp-content\/uploads\/2026\/09\/Adriely-Mendonca-2.jpg",500,375,false],"thumbnail":["https:\/\/blogopara.com.br\/wp-content\/uploads\/2026\/09\/Adriely-Mendonca-2-150x150.jpg",150,150,true],"medium":["https:\/\/blogopara.com.br\/wp-content\/uploads\/2026\/09\/Adriely-Mendonca-2-300x225.jpg",300,225,true],"medium_large":["https:\/\/blogopara.com.br\/wp-content\/uploads\/2026\/09\/Adriely-Mendonca-2.jpg",500,375,false],"large":["https:\/\/blogopara.com.br\/wp-content\/uploads\/2026\/09\/Adriely-Mendonca-2.jpg",500,375,false],"1536x1536":["https:\/\/blogopara.com.br\/wp-content\/uploads\/2026\/09\/Adriely-Mendonca-2.jpg",500,375,false],"2048x2048":["https:\/\/blogopara.com.br\/wp-content\/uploads\/2026\/09\/Adriely-Mendonca-2.jpg",500,375,false],"mantranews-slider-large":["https:\/\/blogopara.com.br\/wp-content\/uploads\/2026\/09\/Adriely-Mendonca-2.jpg",500,375,false],"mantranews-featured-medium":["https:\/\/blogopara.com.br\/wp-content\/uploads\/2026\/09\/Adriely-Mendonca-2-420x307.jpg",420,307,true],"mantranews-featured-long":["https:\/\/blogopara.com.br\/wp-content\/uploads\/2026\/09\/Adriely-Mendonca-2-300x375.jpg",300,375,true],"mantranews-block-medium":["https:\/\/blogopara.com.br\/wp-content\/uploads\/2026\/09\/Adriely-Mendonca-2-464x290.jpg",464,290,true],"mantranews-carousel-image":["https:\/\/blogopara.com.br\/wp-content\/uploads\/2026\/09\/Adriely-Mendonca-2.jpg",500,375,false],"mantranews-block-thumb":["https:\/\/blogopara.com.br\/wp-content\/uploads\/2026\/09\/Adriely-Mendonca-2-322x230.jpg",322,230,true],"mantranews-single-large":["https:\/\/blogopara.com.br\/wp-content\/uploads\/2026\/09\/Adriely-Mendonca-2.jpg",500,375,false]},"uagb_author_info":{"display_name":"Reda\u00e7\u00e3o geral","author_link":"https:\/\/blogopara.com.br\/index.php\/author\/blogopara"},"uagb_comment_info":0,"uagb_excerpt":"A for\u00e7a do movimento &#8220;Bora Construir&#8221; tomou conta de Remanso\u00a0 reunindo a comunidade em uma demonstra\u00e7\u00e3o de participa\u00e7\u00e3o popular, carinho e apoio . Por onde passa, Juvenilson Passos confirma o sentimento de renova\u00e7\u00e3o pelas ruas da cidade. Mantendo o ritmo intenso de di\u00e1logo com o povo do sert\u00e3o, a agenda incluiu tamb\u00e9m uma visita estrat\u00e9gica&hellip;","jetpack_sharing_enabled":true,"jetpack_likes_enabled":true,"_links":{"self":[{"href":"https:\/\/blogopara.com.br\/index.php\/wp-json\/wp\/v2\/posts\/88485","targetHints":{"allow":["GET"]}}],"collection":[{"href":"https:\/\/blogopara.com.br\/index.php\/wp-json\/wp\/v2\/posts"}],"about":[{"href":"https:\/\/blogopara.com.br\/index.php\/wp-json\/wp\/v2\/types\/post"}],"author":[{"embeddable":true,"href":"https:\/\/blogopara.com.br\/index.php\/wp-json\/wp\/v2\/users\/1"}],"replies":[{"embeddable":true,"href":"https:\/\/blogopara.com.br\/index.php\/wp-json\/wp\/v2\/comments?post=88485"}],"version-history":[{"count":1,"href":"https:\/\/blogopara.com.br\/index.php\/wp-json\/wp\/v2\/posts\/88485\/revisions"}],"predecessor-version":[{"id":88487,"href":"https:\/\/blogopara.com.br\/index.php\/wp-json\/wp\/v2\/posts\/88485\/revisions\/88487"}],"wp:featuredmedia":[{"embeddable":true,"href":"https:\/\/blogopara.com.br\/index.php\/wp-json\/wp\/v2\/media\/88486"}],"wp:attachment":[{"href":"https:\/\/blogopara.com.br\/index.php\/wp-json\/wp\/v2\/media?parent=88485"}],"wp:term":[{"taxonomy":"category","embeddable":true,"href":"https:\/\/blogopara.com.br\/index.php\/wp-json\/wp\/v2\/categories?post=88485"},{"taxonomy":"post_tag","embeddable":true,"href":"https:\/\/blogopara.com.br\/index.php\/wp-json\/wp\/v2\/tags?post=88485"}],"curies":[{"name":"wp","href":"https:\/\/api.w.org\/{rel}","templated":true}]}}