{"id":88488,"date":"2026-09-06T13:20:20","date_gmt":"2026-09-06T16:20:20","guid":{"rendered":"https:\/\/blogopara.com.br\/?p=88488"},"modified":"2026-09-06T13:20:20","modified_gmt":"2026-09-06T16:20:20","slug":"juazeiro-ladrao-furta-bicicleta-no-centro-da-cidade-video","status":"publish","type":"post","link":"https:\/\/blogopara.com.br\/index.php\/2026\/09\/06\/juazeiro-ladrao-furta-bicicleta-no-centro-da-cidade-video","title":{"rendered":"Juazeiro: Ladr\u00e3o furta bicicleta no centro da cidade [V\u00eddeo]"},"content":{"rendered":"<p class=\"isSelectedEnd\">Uma bicicleta foi furtada no cal\u00e7ad\u00e3o da Travessa Benjamin Constant, na regi\u00e3o central de Juazeiro, no norte da Bahia. O caso chamou a aten\u00e7\u00e3o de comerciantes e pessoas que circulam diariamente pelo local.<\/p>\n<p class=\"isSelectedEnd\">Segundo informa\u00e7\u00f5es, a bicicleta estava no cal\u00e7ad\u00e3o quando foi levada. O furto teria ocorrido durante o movimento cotidiano da \u00e1rea central, onde h\u00e1 grande circula\u00e7\u00e3o de pedestres e estabelecimentos comerciais.<\/p>\n<p class=\"isSelectedEnd\">O caso refor\u00e7a a preocupa\u00e7\u00e3o de moradores e comerciantes com a seguran\u00e7a na regi\u00e3o central do munic\u00edpio, especialmente em \u00e1reas de intenso fluxo de pessoas.<\/p>\n<p class=\"isSelectedEnd\">At\u00e9 o momento, n\u00e3o h\u00e1 informa\u00e7\u00f5es sobre a identifica\u00e7\u00e3o ou pris\u00e3o do suspeito. Imagens de c\u00e2meras de seguran\u00e7a existentes nas proximidades podem ajudar na identifica\u00e7\u00e3o do autor do furto.<\/p>\n<p>A orienta\u00e7\u00e3o \u00e9 para que a v\u00edtima registre um boletim de ocorr\u00eancia e, caso algu\u00e9m tenha informa\u00e7\u00f5es que possam contribuir para a localiza\u00e7\u00e3o da bicicleta ou identifica\u00e7\u00e3o do suspeito, procure as autoridades policiais.<\/p>\n","protected":false},"excerpt":{"rendered":"<p>Uma bicicleta foi furtada no cal\u00e7ad\u00e3o da Travessa Benjamin Constant, na regi\u00e3o central de Juazeiro, no norte da Bahia. O caso chamou a aten\u00e7\u00e3o de comerciantes e pessoas que circulam diariamente pelo local. Segundo informa\u00e7\u00f5es, a bicicleta estava no cal\u00e7ad\u00e3o quando foi levada. O furto teria ocorrido durante o movimento cotidiano da \u00e1rea central, onde [&hellip;]<\/p>\n","protected":false},"author":1,"featured_media":88489,"comment_status":"open","ping_status":"open","sticky":false,"template":"","format":"standard","meta":{"_uag_custom_page_level_css":"","_monsterinsights_skip_tracking":false,"_monsterinsights_sitenote_active":false,"_monsterinsights_sitenote_note":"","_monsterinsights_sitenote_category":0,"jetpack_post_was_ever_published":false,"_jetpack_newsletter_access":"","_jetpack_dont_email_post_to_subs":false,"_jetpack_newsletter_tier_id":0,"_jetpack_memberships_contains_paywalled_content":false,"_jetpack_memberships_contains_paid_content":false,"footnotes":"","jetpack_publicize_message":"","jetpack_publicize_feature_enabled":true,"jetpack_social_post_already_shared":true,"jetpack_social_options":{"image_generator_settings":{"template":"highway","default_image_id":0,"font":"","enabled":false},"version":2}},"categories":[202],"tags":[],"class_list":["post-88488","post","type-post","status-publish","format-standard","has-post-thumbnail","hentry","category-policia"],"jetpack_publicize_connections":[],"jetpack_featured_media_url":"https:\/\/blogopara.com.br\/wp-content\/uploads\/2026\/09\/Capturar-15.jpg","uagb_featured_image_src":{"full":["https:\/\/blogopara.com.br\/wp-content\/uploads\/2026\/09\/Capturar-15.jpg",500,337,false],"thumbnail":["https:\/\/blogopara.com.br\/wp-content\/uploads\/2026\/09\/Capturar-15-150x150.jpg",150,150,true],"medium":["https:\/\/blogopara.com.br\/wp-content\/uploads\/2026\/09\/Capturar-15-300x202.jpg",300,202,true],"medium_large":["https:\/\/blogopara.com.br\/wp-content\/uploads\/2026\/09\/Capturar-15.jpg",500,337,false],"large":["https:\/\/blogopara.com.br\/wp-content\/uploads\/2026\/09\/Capturar-15.jpg",500,337,false],"1536x1536":["https:\/\/blogopara.com.br\/wp-content\/uploads\/2026\/09\/Capturar-15.jpg",500,337,false],"2048x2048":["https:\/\/blogopara.com.br\/wp-content\/uploads\/2026\/09\/Capturar-15.jpg",500,337,false],"mantranews-slider-large":["https:\/\/blogopara.com.br\/wp-content\/uploads\/2026\/09\/Capturar-15.jpg",500,337,false],"mantranews-featured-medium":["https:\/\/blogopara.com.br\/wp-content\/uploads\/2026\/09\/Capturar-15-420x307.jpg",420,307,true],"mantranews-featured-long":["https:\/\/blogopara.com.br\/wp-content\/uploads\/2026\/09\/Capturar-15-300x337.jpg",300,337,true],"mantranews-block-medium":["https:\/\/blogopara.com.br\/wp-content\/uploads\/2026\/09\/Capturar-15-464x290.jpg",464,290,true],"mantranews-carousel-image":["https:\/\/blogopara.com.br\/wp-content\/uploads\/2026\/09\/Capturar-15.jpg",500,337,false],"mantranews-block-thumb":["https:\/\/blogopara.com.br\/wp-content\/uploads\/2026\/09\/Capturar-15-322x230.jpg",322,230,true],"mantranews-single-large":["https:\/\/blogopara.com.br\/wp-content\/uploads\/2026\/09\/Capturar-15.jpg",500,337,false]},"uagb_author_info":{"display_name":"Reda\u00e7\u00e3o geral","author_link":"https:\/\/blogopara.com.br\/index.php\/author\/blogopara"},"uagb_comment_info":0,"uagb_excerpt":"Uma bicicleta foi furtada no cal\u00e7ad\u00e3o da Travessa Benjamin Constant, na regi\u00e3o central de Juazeiro, no norte da Bahia. O caso chamou a aten\u00e7\u00e3o de comerciantes e pessoas que circulam diariamente pelo local. Segundo informa\u00e7\u00f5es, a bicicleta estava no cal\u00e7ad\u00e3o quando foi levada. O furto teria ocorrido durante o movimento cotidiano da \u00e1rea central, onde&hellip;","jetpack_sharing_enabled":true,"jetpack_likes_enabled":true,"_links":{"self":[{"href":"https:\/\/blogopara.com.br\/index.php\/wp-json\/wp\/v2\/posts\/88488","targetHints":{"allow":["GET"]}}],"collection":[{"href":"https:\/\/blogopara.com.br\/index.php\/wp-json\/wp\/v2\/posts"}],"about":[{"href":"https:\/\/blogopara.com.br\/index.php\/wp-json\/wp\/v2\/types\/post"}],"author":[{"embeddable":true,"href":"https:\/\/blogopara.com.br\/index.php\/wp-json\/wp\/v2\/users\/1"}],"replies":[{"embeddable":true,"href":"https:\/\/blogopara.com.br\/index.php\/wp-json\/wp\/v2\/comments?post=88488"}],"version-history":[{"count":2,"href":"https:\/\/blogopara.com.br\/index.php\/wp-json\/wp\/v2\/posts\/88488\/revisions"}],"predecessor-version":[{"id":88491,"href":"https:\/\/blogopara.com.br\/index.php\/wp-json\/wp\/v2\/posts\/88488\/revisions\/88491"}],"wp:featuredmedia":[{"embeddable":true,"href":"https:\/\/blogopara.com.br\/index.php\/wp-json\/wp\/v2\/media\/88489"}],"wp:attachment":[{"href":"https:\/\/blogopara.com.br\/index.php\/wp-json\/wp\/v2\/media?parent=88488"}],"wp:term":[{"taxonomy":"category","embeddable":true,"href":"https:\/\/blogopara.com.br\/index.php\/wp-json\/wp\/v2\/categories?post=88488"},{"taxonomy":"post_tag","embeddable":true,"href":"https:\/\/blogopara.com.br\/index.php\/wp-json\/wp\/v2\/tags?post=88488"}],"curies":[{"name":"wp","href":"https:\/\/api.w.org\/{rel}","templated":true}]}}