{"id":8865,"date":"2020-04-02T09:32:50","date_gmt":"2020-04-02T12:32:50","guid":{"rendered":"http:\/\/blogopara.com.br\/?p=8865"},"modified":"2020-04-02T09:32:55","modified_gmt":"2020-04-02T12:32:55","slug":"lider-dos-caminhoneiros-diz-que-categoria-vai-parar-se-governos-seguirem-com-quarentena","status":"publish","type":"post","link":"https:\/\/blogopara.com.br\/index.php\/2020\/04\/02\/lider-dos-caminhoneiros-diz-que-categoria-vai-parar-se-governos-seguirem-com-quarentena","title":{"rendered":"L\u00edder dos caminhoneiros diz que categoria vai parar se governos seguirem com quarentena"},"content":{"rendered":"<p style=\"text-align: justify;\">Um dos l\u00edderes da greve dos caminhoneiros de 2018, Wallace Landim, declarou que a categoria deve fazer uma nova paralisa\u00e7\u00e3o se os governadores n\u00e3o recuarem nas medidas restritivas contra o novo coronav\u00edrus. Eles protestam principalmente pela falta de postos de gasolina e restaurantes abertos na estrada, j\u00e1 que muitos desses estabelecimentos foram fechados por decretos estaduais.<\/p>\n<div id=\"div-gpt-ad-bn_principal_conteudo\" data-google-query-id=\"CJ7OjOHeyegCFYgFuQYduiYFFQ\">\n<p style=\"text-align: justify;\">&#8220;Se n\u00e3o voltarem atr\u00e1s e n\u00e3o sair liminar na Justi\u00e7a, a categoria provavelmente vai parar. Vai paralisar naturalmente, por n\u00e3o ter como trabalhar, e parar em protesto&#8221;, ressaltou Landim. A associa\u00e7\u00e3o entrou com uma a\u00e7\u00e3o na Justi\u00e7a contra a quarentena.<\/p>\n<p style=\"text-align: justify;\">De acordo com a publica\u00e7\u00e3o, Chor\u00e3o, como o l\u00edder \u00e9 mais conhecido, acusa o governador de S\u00e3o Paulo, Jo\u00e3o Doria (PSDB), de querer lucrar em elei\u00e7\u00f5es futuras. Por outro lado, ele diz que a rela\u00e7\u00e3o com o ministro da Infraestrutura, Tarc\u00edsio de Freitas, \u00e9 boa. Segundo o l\u00edder, eles conversam diariamente e o governo tem dado suporte ao que a categoria precisa. &#8220;O problema est\u00e1 com os governadores&#8221;, resumiu.<\/p>\n<\/div>\n","protected":false},"excerpt":{"rendered":"<p>Um dos l\u00edderes da greve dos caminhoneiros de 2018, Wallace Landim, declarou que a categoria deve fazer uma nova paralisa\u00e7\u00e3o se os governadores n\u00e3o recuarem nas medidas restritivas contra o novo coronav\u00edrus. Eles protestam principalmente pela falta de postos de gasolina e restaurantes abertos na estrada, j\u00e1 que muitos desses estabelecimentos foram fechados por decretos [&hellip;]<\/p>\n","protected":false},"author":1,"featured_media":8866,"comment_status":"open","ping_status":"open","sticky":false,"template":"","format":"standard","meta":{"_uag_custom_page_level_css":"","_monsterinsights_skip_tracking":false,"_monsterinsights_sitenote_active":false,"_monsterinsights_sitenote_note":"","_monsterinsights_sitenote_category":0,"jetpack_post_was_ever_published":false,"_jetpack_newsletter_access":"","_jetpack_dont_email_post_to_subs":false,"_jetpack_newsletter_tier_id":0,"_jetpack_memberships_contains_paywalled_content":false,"_jetpack_memberships_contains_paid_content":false,"footnotes":"","jetpack_publicize_message":"","jetpack_publicize_feature_enabled":true,"jetpack_social_post_already_shared":true,"jetpack_social_options":{"image_generator_settings":{"template":"highway","default_image_id":0,"font":"","enabled":false},"version":2}},"categories":[200],"tags":[],"class_list":["post-8865","post","type-post","status-publish","format-standard","has-post-thumbnail","hentry","category-brasil"],"jetpack_publicize_connections":[],"jetpack_featured_media_url":"https:\/\/blogopara.com.br\/wp-content\/uploads\/2020\/04\/caminhoneiros2-1.jpeg","uagb_featured_image_src":{"full":["https:\/\/blogopara.com.br\/wp-content\/uploads\/2020\/04\/caminhoneiros2-1.jpeg",500,284,false],"thumbnail":["https:\/\/blogopara.com.br\/wp-content\/uploads\/2020\/04\/caminhoneiros2-1-150x150.jpeg",150,150,true],"medium":["https:\/\/blogopara.com.br\/wp-content\/uploads\/2020\/04\/caminhoneiros2-1-300x170.jpeg",300,170,true],"medium_large":["https:\/\/blogopara.com.br\/wp-content\/uploads\/2020\/04\/caminhoneiros2-1.jpeg",500,284,false],"large":["https:\/\/blogopara.com.br\/wp-content\/uploads\/2020\/04\/caminhoneiros2-1.jpeg",500,284,false],"1536x1536":["https:\/\/blogopara.com.br\/wp-content\/uploads\/2020\/04\/caminhoneiros2-1.jpeg",500,284,false],"2048x2048":["https:\/\/blogopara.com.br\/wp-content\/uploads\/2020\/04\/caminhoneiros2-1.jpeg",500,284,false],"mantranews-slider-large":["https:\/\/blogopara.com.br\/wp-content\/uploads\/2020\/04\/caminhoneiros2-1.jpeg",500,284,false],"mantranews-featured-medium":["https:\/\/blogopara.com.br\/wp-content\/uploads\/2020\/04\/caminhoneiros2-1-420x284.jpeg",420,284,true],"mantranews-featured-long":["https:\/\/blogopara.com.br\/wp-content\/uploads\/2020\/04\/caminhoneiros2-1-300x284.jpeg",300,284,true],"mantranews-block-medium":["https:\/\/blogopara.com.br\/wp-content\/uploads\/2020\/04\/caminhoneiros2-1-464x284.jpeg",464,284,true],"mantranews-carousel-image":["https:\/\/blogopara.com.br\/wp-content\/uploads\/2020\/04\/caminhoneiros2-1.jpeg",500,284,false],"mantranews-block-thumb":["https:\/\/blogopara.com.br\/wp-content\/uploads\/2020\/04\/caminhoneiros2-1-322x230.jpeg",322,230,true],"mantranews-single-large":["https:\/\/blogopara.com.br\/wp-content\/uploads\/2020\/04\/caminhoneiros2-1.jpeg",500,284,false]},"uagb_author_info":{"display_name":"Reda\u00e7\u00e3o geral","author_link":"https:\/\/blogopara.com.br\/index.php\/author\/blogopara"},"uagb_comment_info":0,"uagb_excerpt":"Um dos l\u00edderes da greve dos caminhoneiros de 2018, Wallace Landim, declarou que a categoria deve fazer uma nova paralisa\u00e7\u00e3o se os governadores n\u00e3o recuarem nas medidas restritivas contra o novo coronav\u00edrus. Eles protestam principalmente pela falta de postos de gasolina e restaurantes abertos na estrada, j\u00e1 que muitos desses estabelecimentos foram fechados por decretos&hellip;","jetpack_sharing_enabled":true,"jetpack_likes_enabled":true,"_links":{"self":[{"href":"https:\/\/blogopara.com.br\/index.php\/wp-json\/wp\/v2\/posts\/8865","targetHints":{"allow":["GET"]}}],"collection":[{"href":"https:\/\/blogopara.com.br\/index.php\/wp-json\/wp\/v2\/posts"}],"about":[{"href":"https:\/\/blogopara.com.br\/index.php\/wp-json\/wp\/v2\/types\/post"}],"author":[{"embeddable":true,"href":"https:\/\/blogopara.com.br\/index.php\/wp-json\/wp\/v2\/users\/1"}],"replies":[{"embeddable":true,"href":"https:\/\/blogopara.com.br\/index.php\/wp-json\/wp\/v2\/comments?post=8865"}],"version-history":[{"count":1,"href":"https:\/\/blogopara.com.br\/index.php\/wp-json\/wp\/v2\/posts\/8865\/revisions"}],"predecessor-version":[{"id":8867,"href":"https:\/\/blogopara.com.br\/index.php\/wp-json\/wp\/v2\/posts\/8865\/revisions\/8867"}],"wp:featuredmedia":[{"embeddable":true,"href":"https:\/\/blogopara.com.br\/index.php\/wp-json\/wp\/v2\/media\/8866"}],"wp:attachment":[{"href":"https:\/\/blogopara.com.br\/index.php\/wp-json\/wp\/v2\/media?parent=8865"}],"wp:term":[{"taxonomy":"category","embeddable":true,"href":"https:\/\/blogopara.com.br\/index.php\/wp-json\/wp\/v2\/categories?post=8865"},{"taxonomy":"post_tag","embeddable":true,"href":"https:\/\/blogopara.com.br\/index.php\/wp-json\/wp\/v2\/tags?post=8865"}],"curies":[{"name":"wp","href":"https:\/\/api.w.org\/{rel}","templated":true}]}}