{"id":8892,"date":"2020-04-03T15:19:07","date_gmt":"2020-04-03T18:19:07","guid":{"rendered":"http:\/\/blogopara.com.br\/?p=8892"},"modified":"2020-04-03T15:19:12","modified_gmt":"2020-04-03T18:19:12","slug":"secretario-de-agricultura-de-belem-do-sao-francisco-alerta-para-possivel-rompimento-de-barragens-de-grande-porte-na-zona-rural","status":"publish","type":"post","link":"https:\/\/blogopara.com.br\/index.php\/2020\/04\/03\/secretario-de-agricultura-de-belem-do-sao-francisco-alerta-para-possivel-rompimento-de-barragens-de-grande-porte-na-zona-rural","title":{"rendered":"SECRET\u00c1RIO DE AGRICULTURA DE BEL\u00c9M DO S\u00c3O FRANCISCO ALERTA PARA POSS\u00cdVEL ROMPIMENTO DE BARRAGENS DE GRANDE PORTE NA ZONA RURAL"},"content":{"rendered":"<p style=\"text-align: justify;\">Abundantes chuvas que ca\u00edram na regi\u00e3o nas \u00faltimas semanas encheram v\u00e1rios a\u00e7udes e barragens. Em Bel\u00e9m do S\u00e3o Francisco, ao menos cinco reservat\u00f3rios na regi\u00e3o do distrito de Riacho Pequeno voltaram acumular uma grande quantidade de \u00e1gua, mas, est\u00e3o em condi\u00e7\u00f5es prec\u00e1rias. Foi o que denunciou o secret\u00e1rio de Agricultura do munic\u00edpio, Joselito Nogueira, em contato com nossa reda\u00e7\u00e3o nessa quarta-feira (1).<\/p>\n<p style=\"text-align: justify;\">Joselito pede que autoridades p\u00fablicas de Pernambuco fa\u00e7am uma vistoria e realizem melhorias na Barragem do Chap\u00e9u (constru\u00edda em 1982); Barragem da Queixada (constru\u00edda em 2001); Barragem de Severina (1988); A\u00e7ude dos Nogueiras (de 1946) e A\u00e7ude da Cacimba do Meio (de 1958).<\/p>\n<p style=\"text-align: justify;\">\u201cVale salientar que essas barragens s\u00e3o de grande import\u00e2ncia para toda popula\u00e7\u00e3o das adjac\u00eancias e se chegarem a se romper v\u00e3o trazer grande preju\u00edzo\u201d, alerta Joselito.<\/p>\n<pre>Fonte: Blog QSP<\/pre>\n","protected":false},"excerpt":{"rendered":"<p>Abundantes chuvas que ca\u00edram na regi\u00e3o nas \u00faltimas semanas encheram v\u00e1rios a\u00e7udes e barragens. Em Bel\u00e9m do S\u00e3o Francisco, ao menos cinco reservat\u00f3rios na regi\u00e3o do distrito de Riacho Pequeno voltaram acumular uma grande quantidade de \u00e1gua, mas, est\u00e3o em condi\u00e7\u00f5es prec\u00e1rias. Foi o que denunciou o secret\u00e1rio de Agricultura do munic\u00edpio, Joselito Nogueira, em [&hellip;]<\/p>\n","protected":false},"author":1,"featured_media":8893,"comment_status":"open","ping_status":"open","sticky":false,"template":"","format":"standard","meta":{"_uag_custom_page_level_css":"","_monsterinsights_skip_tracking":false,"_monsterinsights_sitenote_active":false,"_monsterinsights_sitenote_note":"","_monsterinsights_sitenote_category":0,"jetpack_post_was_ever_published":false,"_jetpack_newsletter_access":"","_jetpack_dont_email_post_to_subs":false,"_jetpack_newsletter_tier_id":0,"_jetpack_memberships_contains_paywalled_content":false,"_jetpack_memberships_contains_paid_content":false,"footnotes":"","jetpack_publicize_message":"","jetpack_publicize_feature_enabled":true,"jetpack_social_post_already_shared":true,"jetpack_social_options":{"image_generator_settings":{"template":"highway","default_image_id":0,"font":"","enabled":false},"version":2}},"categories":[200],"tags":[],"class_list":["post-8892","post","type-post","status-publish","format-standard","has-post-thumbnail","hentry","category-brasil"],"jetpack_publicize_connections":[],"jetpack_featured_media_url":"https:\/\/blogopara.com.br\/wp-content\/uploads\/2020\/04\/blogqspbelemEx-vereador-Joselito-Nogueira.jpg","uagb_featured_image_src":{"full":["https:\/\/blogopara.com.br\/wp-content\/uploads\/2020\/04\/blogqspbelemEx-vereador-Joselito-Nogueira.jpg",400,231,false],"thumbnail":["https:\/\/blogopara.com.br\/wp-content\/uploads\/2020\/04\/blogqspbelemEx-vereador-Joselito-Nogueira-150x150.jpg",150,150,true],"medium":["https:\/\/blogopara.com.br\/wp-content\/uploads\/2020\/04\/blogqspbelemEx-vereador-Joselito-Nogueira-300x173.jpg",300,173,true],"medium_large":["https:\/\/blogopara.com.br\/wp-content\/uploads\/2020\/04\/blogqspbelemEx-vereador-Joselito-Nogueira.jpg",400,231,false],"large":["https:\/\/blogopara.com.br\/wp-content\/uploads\/2020\/04\/blogqspbelemEx-vereador-Joselito-Nogueira.jpg",400,231,false],"1536x1536":["https:\/\/blogopara.com.br\/wp-content\/uploads\/2020\/04\/blogqspbelemEx-vereador-Joselito-Nogueira.jpg",400,231,false],"2048x2048":["https:\/\/blogopara.com.br\/wp-content\/uploads\/2020\/04\/blogqspbelemEx-vereador-Joselito-Nogueira.jpg",400,231,false],"mantranews-slider-large":["https:\/\/blogopara.com.br\/wp-content\/uploads\/2020\/04\/blogqspbelemEx-vereador-Joselito-Nogueira.jpg",400,231,false],"mantranews-featured-medium":["https:\/\/blogopara.com.br\/wp-content\/uploads\/2020\/04\/blogqspbelemEx-vereador-Joselito-Nogueira.jpg",400,231,false],"mantranews-featured-long":["https:\/\/blogopara.com.br\/wp-content\/uploads\/2020\/04\/blogqspbelemEx-vereador-Joselito-Nogueira-300x231.jpg",300,231,true],"mantranews-block-medium":["https:\/\/blogopara.com.br\/wp-content\/uploads\/2020\/04\/blogqspbelemEx-vereador-Joselito-Nogueira.jpg",400,231,false],"mantranews-carousel-image":["https:\/\/blogopara.com.br\/wp-content\/uploads\/2020\/04\/blogqspbelemEx-vereador-Joselito-Nogueira.jpg",400,231,false],"mantranews-block-thumb":["https:\/\/blogopara.com.br\/wp-content\/uploads\/2020\/04\/blogqspbelemEx-vereador-Joselito-Nogueira-322x230.jpg",322,230,true],"mantranews-single-large":["https:\/\/blogopara.com.br\/wp-content\/uploads\/2020\/04\/blogqspbelemEx-vereador-Joselito-Nogueira.jpg",400,231,false]},"uagb_author_info":{"display_name":"Reda\u00e7\u00e3o geral","author_link":"https:\/\/blogopara.com.br\/index.php\/author\/blogopara"},"uagb_comment_info":0,"uagb_excerpt":"Abundantes chuvas que ca\u00edram na regi\u00e3o nas \u00faltimas semanas encheram v\u00e1rios a\u00e7udes e barragens. Em Bel\u00e9m do S\u00e3o Francisco, ao menos cinco reservat\u00f3rios na regi\u00e3o do distrito de Riacho Pequeno voltaram acumular uma grande quantidade de \u00e1gua, mas, est\u00e3o em condi\u00e7\u00f5es prec\u00e1rias. Foi o que denunciou o secret\u00e1rio de Agricultura do munic\u00edpio, Joselito Nogueira, em&hellip;","jetpack_sharing_enabled":true,"jetpack_likes_enabled":true,"_links":{"self":[{"href":"https:\/\/blogopara.com.br\/index.php\/wp-json\/wp\/v2\/posts\/8892","targetHints":{"allow":["GET"]}}],"collection":[{"href":"https:\/\/blogopara.com.br\/index.php\/wp-json\/wp\/v2\/posts"}],"about":[{"href":"https:\/\/blogopara.com.br\/index.php\/wp-json\/wp\/v2\/types\/post"}],"author":[{"embeddable":true,"href":"https:\/\/blogopara.com.br\/index.php\/wp-json\/wp\/v2\/users\/1"}],"replies":[{"embeddable":true,"href":"https:\/\/blogopara.com.br\/index.php\/wp-json\/wp\/v2\/comments?post=8892"}],"version-history":[{"count":1,"href":"https:\/\/blogopara.com.br\/index.php\/wp-json\/wp\/v2\/posts\/8892\/revisions"}],"predecessor-version":[{"id":8894,"href":"https:\/\/blogopara.com.br\/index.php\/wp-json\/wp\/v2\/posts\/8892\/revisions\/8894"}],"wp:featuredmedia":[{"embeddable":true,"href":"https:\/\/blogopara.com.br\/index.php\/wp-json\/wp\/v2\/media\/8893"}],"wp:attachment":[{"href":"https:\/\/blogopara.com.br\/index.php\/wp-json\/wp\/v2\/media?parent=8892"}],"wp:term":[{"taxonomy":"category","embeddable":true,"href":"https:\/\/blogopara.com.br\/index.php\/wp-json\/wp\/v2\/categories?post=8892"},{"taxonomy":"post_tag","embeddable":true,"href":"https:\/\/blogopara.com.br\/index.php\/wp-json\/wp\/v2\/tags?post=8892"}],"curies":[{"name":"wp","href":"https:\/\/api.w.org\/{rel}","templated":true}]}}