{"id":8895,"date":"2020-04-03T15:24:05","date_gmt":"2020-04-03T18:24:05","guid":{"rendered":"http:\/\/blogopara.com.br\/?p=8895"},"modified":"2020-04-03T15:24:08","modified_gmt":"2020-04-03T18:24:08","slug":"tj-ba-condena-ex-prefeitos-luiz-caetano-pt-e-ademar-delgado-por-improbidade-administrativa-e-multa-de-11-milhoes","status":"publish","type":"post","link":"https:\/\/blogopara.com.br\/index.php\/2020\/04\/03\/tj-ba-condena-ex-prefeitos-luiz-caetano-pt-e-ademar-delgado-por-improbidade-administrativa-e-multa-de-11-milhoes","title":{"rendered":"TJ-BA CONDENA EX-PREFEITOS LUIZ CAETANO (PT) E ADEMAR DELGADO POR IMPROBIDADE ADMINISTRATIVA E MULTA DE 11 MILH\u00d5ES"},"content":{"rendered":"<p style=\"font-weight: 400; text-align: justify;\">Os\u00a0ex-prefeitos de Cama\u00e7ari, Luiz Caetano (PT) e Ademar Delgado (sem partido),\u00a0foram condenados pelo\u00a0Tribunal de Justi\u00e7a da Bahia (TJ-BA) por crime de improbidade administrativa.\u00a0De acordo com a den\u00fancia, os gestores foram respons\u00e1veis por um dano de\u00a0R$ 11 milh\u00f5es ao er\u00e1rio p\u00fablico.<\/p>\n<p style=\"font-weight: 400; text-align: justify;\">As a\u00e7\u00f5es, que s\u00e3o independentes, apuraram irregularidades no pagamento de despesas de \u00e1gua e luz do Centro Comercial entre 2009 e 2016. Caetano e Ademar ter\u00e3o que ressarcir os R$ 11 milh\u00f5es aos cofres p\u00fablicos do munic\u00edpio e pagar multa superior R$ 22 milh\u00f5es, o equivalente a duas vezes o valor desviado. Os valores, no entanto, podem ser ainda maiores levando em conta a corre\u00e7\u00e3o monet\u00e1ria do per\u00edodo.<\/p>\n<p style=\"font-weight: 400; text-align: justify;\">Nas senten\u00e7as, o\u00a0juiz C\u00e9sar Augusto Borges de Andrade\u00a0tamb\u00e9m condenou Caetano e Ademar \u00e0\u00a0perda da fun\u00e7\u00e3o p\u00fablica e suspens\u00e3o dos direitos pol\u00edticos por tr\u00eas anos\u00a0e determinou a\u00a0indisponibilidade de bens\u00a0de ambos para garantir o cumprimento da decis\u00e3o. Os ex-prefeitos foram denunciados em 2017 pelo\u00a0Minist\u00e9rio P\u00fablico da Bahia (MP-BA),\u00a0que ajuizou duas a\u00e7\u00f5es civis p\u00fablicas, e se tornaram r\u00e9us em 2018, quando a Justi\u00e7a aceitou as acusa\u00e7\u00f5es.<\/p>\n<p style=\"font-weight: 400; text-align: justify;\">No caso de\u00a0Ademar Delgado,\u00a0o valor do ressarcimento imposto pela Justi\u00e7a \u00e9 de\u00a0R$ 5,6 milh\u00f5es,\u00a0que ainda dever\u00e1 ser corrigido. Al\u00e9m disso, ele ter\u00e1 que pagar multa civil de duas vezes do valor do dano ao er\u00e1rio, o que totaliza pouco mais de\u00a0R$ 11 milh\u00f5es,\u00a0sem corre\u00e7\u00e3o. J\u00e1 no caso de\u00a0Caetano do PT\u00a0 o valor a ser devolvido aos cofres p\u00fablicos \u00e9 de\u00a0R$ 5,5 milh\u00f5es\u00a0enquanto a multa se aproxima tamb\u00e9m dos\u00a0R$ 11 milh\u00f5es.<\/p>\n<p style=\"font-weight: 400; text-align: justify;\">De acordo com a acusa\u00e7\u00e3o do MP-BA, Ademar e Caetano atentaram contra os princ\u00edpios da administra\u00e7\u00e3o p\u00fablica ao custearem, com recursos municipais, os gastos referentes ao consumo de \u00e1gua e energia el\u00e9trica pelos permission\u00e1rios dos boxes situados no Centro Comercial de Cama\u00e7ari. Segundo as investiga\u00e7\u00f5es, os gastos n\u00e3o deveriam ser de responsabilidade do munic\u00edpio.<\/p>\n<p style=\"font-weight: 400; text-align: justify;\">As duas senten\u00e7as foram publicadas nesta quarta-feira (2) e, conforme os documentos, a\u00a0\u201cconduta omissa\u201d\u00a0de Caetano e Ademar\u00a0\u201cresultou em les\u00e3o milion\u00e1ria aos cofres da Fazenda Municipal de Cama\u00e7ari, e em contrapartida, enriquecimento il\u00edcito dos permission\u00e1rios estabelecidos no local, os quais tinham as referidas despesas de natureza essencial para o exerc\u00edcio das pr\u00e1ticas comerciais, pagas pelos contribuintes desta comarca\u201d.<\/p>\n<p style=\"font-weight: 400; text-align: justify;\">Al\u00e9m disso, o juiz afirmou ter existido, inclusive, viola\u00e7\u00e3o do\u00a0\u201cprinc\u00edpio constitucional da igualdade, uma vez que os demais comerciantes estabelecidos no munic\u00edpio eram obrigados ao pagamento dos tributos devidos na forma da lei, bem como, das demais despesas essenciais, incluindo as tarifas de \u00e1gua e luz\u201d.<\/p>\n<p style=\"font-weight: 400; text-align: justify;\">O magistrado tamb\u00e9m observou que as circunst\u00e2ncias geraram\u00a0\u201cdesequil\u00edbrio nas rela\u00e7\u00f5es comerciais entre os comerciantes privados e os permission\u00e1rios do espa\u00e7o p\u00fablico, em favor dos permission\u00e1rios escolhidos pelo ent\u00e3o gestor p\u00fablico municipal, para obten\u00e7\u00e3o dos referidos benef\u00edcios p\u00fablicos, j\u00e1 que, na \u00e9poca dos fatos, os beneficiados tamb\u00e9m n\u00e3o pagaram qualquer esp\u00e9cie de taxa ou pre\u00e7o p\u00fablico, em favor da municipalidade em raz\u00e3o das referidas permiss\u00f5es prec\u00e1rias, tratando-se portanto, de despesas ordenadas pelo requerido nos autos sem previs\u00e3o legal\u201d.<\/p>\n<pre style=\"font-weight: 400; text-align: justify;\">Fonte: BandNews<\/pre>\n","protected":false},"excerpt":{"rendered":"<p>Os\u00a0ex-prefeitos de Cama\u00e7ari, Luiz Caetano (PT) e Ademar Delgado (sem partido),\u00a0foram condenados pelo\u00a0Tribunal de Justi\u00e7a da Bahia (TJ-BA) por crime de improbidade administrativa.\u00a0De acordo com a den\u00fancia, os gestores foram respons\u00e1veis por um dano de\u00a0R$ 11 milh\u00f5es ao er\u00e1rio p\u00fablico. As a\u00e7\u00f5es, que s\u00e3o independentes, apuraram irregularidades no pagamento de despesas de \u00e1gua e luz [&hellip;]<\/p>\n","protected":false},"author":1,"featured_media":8896,"comment_status":"open","ping_status":"open","sticky":false,"template":"","format":"standard","meta":{"_uag_custom_page_level_css":"","_monsterinsights_skip_tracking":false,"_monsterinsights_sitenote_active":false,"_monsterinsights_sitenote_note":"","_monsterinsights_sitenote_category":0,"jetpack_post_was_ever_published":false,"_jetpack_newsletter_access":"","_jetpack_dont_email_post_to_subs":false,"_jetpack_newsletter_tier_id":0,"_jetpack_memberships_contains_paywalled_content":false,"_jetpack_memberships_contains_paid_content":false,"footnotes":"","jetpack_publicize_message":"","jetpack_publicize_feature_enabled":true,"jetpack_social_post_already_shared":true,"jetpack_social_options":{"image_generator_settings":{"template":"highway","default_image_id":0,"font":"","enabled":false},"version":2}},"categories":[199],"tags":[],"class_list":["post-8895","post","type-post","status-publish","format-standard","has-post-thumbnail","hentry","category-bahia"],"jetpack_publicize_connections":[],"jetpack_featured_media_url":"https:\/\/blogopara.com.br\/wp-content\/uploads\/2020\/04\/AILA.png","uagb_featured_image_src":{"full":["https:\/\/blogopara.com.br\/wp-content\/uploads\/2020\/04\/AILA.png",500,273,false],"thumbnail":["https:\/\/blogopara.com.br\/wp-content\/uploads\/2020\/04\/AILA-150x150.png",150,150,true],"medium":["https:\/\/blogopara.com.br\/wp-content\/uploads\/2020\/04\/AILA-300x164.png",300,164,true],"medium_large":["https:\/\/blogopara.com.br\/wp-content\/uploads\/2020\/04\/AILA.png",500,273,false],"large":["https:\/\/blogopara.com.br\/wp-content\/uploads\/2020\/04\/AILA.png",500,273,false],"1536x1536":["https:\/\/blogopara.com.br\/wp-content\/uploads\/2020\/04\/AILA.png",500,273,false],"2048x2048":["https:\/\/blogopara.com.br\/wp-content\/uploads\/2020\/04\/AILA.png",500,273,false],"mantranews-slider-large":["https:\/\/blogopara.com.br\/wp-content\/uploads\/2020\/04\/AILA.png",500,273,false],"mantranews-featured-medium":["https:\/\/blogopara.com.br\/wp-content\/uploads\/2020\/04\/AILA-420x273.png",420,273,true],"mantranews-featured-long":["https:\/\/blogopara.com.br\/wp-content\/uploads\/2020\/04\/AILA-300x273.png",300,273,true],"mantranews-block-medium":["https:\/\/blogopara.com.br\/wp-content\/uploads\/2020\/04\/AILA-464x273.png",464,273,true],"mantranews-carousel-image":["https:\/\/blogopara.com.br\/wp-content\/uploads\/2020\/04\/AILA.png",500,273,false],"mantranews-block-thumb":["https:\/\/blogopara.com.br\/wp-content\/uploads\/2020\/04\/AILA-322x230.png",322,230,true],"mantranews-single-large":["https:\/\/blogopara.com.br\/wp-content\/uploads\/2020\/04\/AILA.png",500,273,false]},"uagb_author_info":{"display_name":"Reda\u00e7\u00e3o geral","author_link":"https:\/\/blogopara.com.br\/index.php\/author\/blogopara"},"uagb_comment_info":0,"uagb_excerpt":"Os\u00a0ex-prefeitos de Cama\u00e7ari, Luiz Caetano (PT) e Ademar Delgado (sem partido),\u00a0foram condenados pelo\u00a0Tribunal de Justi\u00e7a da Bahia (TJ-BA) por crime de improbidade administrativa.\u00a0De acordo com a den\u00fancia, os gestores foram respons\u00e1veis por um dano de\u00a0R$ 11 milh\u00f5es ao er\u00e1rio p\u00fablico. As a\u00e7\u00f5es, que s\u00e3o independentes, apuraram irregularidades no pagamento de despesas de \u00e1gua e luz&hellip;","jetpack_sharing_enabled":true,"jetpack_likes_enabled":true,"_links":{"self":[{"href":"https:\/\/blogopara.com.br\/index.php\/wp-json\/wp\/v2\/posts\/8895","targetHints":{"allow":["GET"]}}],"collection":[{"href":"https:\/\/blogopara.com.br\/index.php\/wp-json\/wp\/v2\/posts"}],"about":[{"href":"https:\/\/blogopara.com.br\/index.php\/wp-json\/wp\/v2\/types\/post"}],"author":[{"embeddable":true,"href":"https:\/\/blogopara.com.br\/index.php\/wp-json\/wp\/v2\/users\/1"}],"replies":[{"embeddable":true,"href":"https:\/\/blogopara.com.br\/index.php\/wp-json\/wp\/v2\/comments?post=8895"}],"version-history":[{"count":1,"href":"https:\/\/blogopara.com.br\/index.php\/wp-json\/wp\/v2\/posts\/8895\/revisions"}],"predecessor-version":[{"id":8897,"href":"https:\/\/blogopara.com.br\/index.php\/wp-json\/wp\/v2\/posts\/8895\/revisions\/8897"}],"wp:featuredmedia":[{"embeddable":true,"href":"https:\/\/blogopara.com.br\/index.php\/wp-json\/wp\/v2\/media\/8896"}],"wp:attachment":[{"href":"https:\/\/blogopara.com.br\/index.php\/wp-json\/wp\/v2\/media?parent=8895"}],"wp:term":[{"taxonomy":"category","embeddable":true,"href":"https:\/\/blogopara.com.br\/index.php\/wp-json\/wp\/v2\/categories?post=8895"},{"taxonomy":"post_tag","embeddable":true,"href":"https:\/\/blogopara.com.br\/index.php\/wp-json\/wp\/v2\/tags?post=8895"}],"curies":[{"name":"wp","href":"https:\/\/api.w.org\/{rel}","templated":true}]}}