{"id":8970,"date":"2020-04-06T06:00:00","date_gmt":"2020-04-06T09:00:00","guid":{"rendered":"http:\/\/blogopara.com.br\/?p=8970"},"modified":"2020-04-06T15:38:20","modified_gmt":"2020-04-06T18:38:20","slug":"coronavirus-paulo-bomfim-nomeia-45-aliados-daria-para-comprar-4-mil-cestas-basicas","status":"publish","type":"post","link":"https:\/\/blogopara.com.br\/index.php\/2020\/04\/06\/coronavirus-paulo-bomfim-nomeia-45-aliados-daria-para-comprar-4-mil-cestas-basicas","title":{"rendered":"Juazeiro: Paulo Bomfim nomeia 45 aliados, daria para comprar 4 mil cestas b\u00e1sicas."},"content":{"rendered":"<p style=\"margin-top: 0cm; text-align: justify; line-height: 18.0pt; background: white;\"><span style=\"font-family: 'Arial',sans-serif;\">A farra com o dinheiro p\u00fablico n\u00e3o tem limites para o prefeito Paulo Bomfim (PT), e<span style=\"color: black;\">nquanto prefeitos de outros munic\u00edpios cortam da pr\u00f3pria carne para enfrentar a pandemia do coronav\u00edrus, o prefeito Juazeiro, que tem sal\u00e1rio de R$ 25 mil, contraria seu pr\u00f3prio decreto de conten\u00e7\u00e3o de despesas e suspens\u00e3o de atividades.<\/span><\/span><\/p>\n<p style=\"margin-top: 0cm; text-align: justify; line-height: 18.0pt; background: white;\"><span style=\"font-family: 'Arial',sans-serif; color: black;\">Entre os dias 01 a 31 de mar\u00e7o, foram nomeados 45 aliados para diversos cargos, com sal\u00e1rios que variam de R$ 2.000 a R$ 11,725 mil reais. As portarias de nomea\u00e7\u00e3o foram publicadas no Di\u00e1rio Oficial do Munic\u00edpio (DOM). Entre os felizardos, est\u00e3o: presidente de partido, pessoas ligadas a dire\u00e7\u00e3o partid\u00e1ria, pessoas ligadas ao prefeito Isaac Carvalho, suplente de vereador, empres\u00e1rio, e at\u00e9 gente que supostamente mora em outra cidade.<\/span><\/p>\n<p style=\"margin-top: 0cm; text-align: justify; line-height: 18.0pt; background: white;\"><span style=\"font-family: 'Arial',sans-serif; color: black;\">O custo das nomea\u00e7\u00f5es impactar\u00e1 a folha de pagamento em mais de R$ 150 mil reais mensais, o que inviabiliza a capacidade do munic\u00edpio desenvolver pol\u00edticas p\u00fablicas para os trabalhadores informais, por exemplo, que foram prejudicados com a pandemia do coronav\u00edrus. <\/span><\/p>\n<p style=\"margin-top: 0cm; text-align: justify; line-height: 18.0pt; background: white;\"><span style=\"font-family: 'Arial',sans-serif; color: black;\">Estamos diante de um momento em que os gestores est\u00e3o repensando e replanejando as a\u00e7\u00f5es, mas em Juazeiro, o prefeito parece que est\u00e1 gostando da pandemia, n\u00e3o tem a m\u00ednima no\u00e7\u00e3o ou respeito aos trabalhadores do com\u00e9rcio, aos ambulantes, aos mototaxistas e entre outros profissionais que est\u00e3o passando por momento dif\u00edceis, inclusive sem ter o que comer ou sustentar a sua fam\u00edlia.<\/span><\/p>\n<p style=\"margin-top: 0cm; text-align: justify; line-height: 18.0pt; background: white;\"><span style=\"font-family: 'Arial',sans-serif; color: black;\">Com o valor dos sal\u00e1rios que ser\u00e3o pagos aos aliados, o prefeito poderia comprar cerca de 4 mil cestas b\u00e1sicas para distribuir com os trabalhadores informais, compraria toneladas de m\u00e1scaras e milhares de litros de \u00e1lcool em gel, que poderiam ser distribu\u00eddos as pessoas carentes e poderia pagar a conta de \u00e1gua de pessoas com baixo consumo.<\/span><\/p>\n<p style=\"margin-top: 0cm; text-align: justify; line-height: 18.0pt; background: white;\"><span style=\"font-family: 'Arial',sans-serif; color: black;\">Mas o grupo liderado pelos prefeitos Isaac Carvalho e Paulo Bomfim, somente pensa na reelei\u00e7\u00e3o, o prop\u00f3sito deles \u00e9 muito claro: acabo com Juazeiro, mas ven\u00e7o a elei\u00e7\u00e3o.<\/span><\/p>\n<pre>Ascom Ramiro Cordeiro<\/pre>\n","protected":false},"excerpt":{"rendered":"<p>Em Juazeiro n\u00e3o faltam recursos, faltam gest\u00e3o e compromisso.<\/p>\n","protected":false},"author":1,"featured_media":797,"comment_status":"open","ping_status":"open","sticky":false,"template":"","format":"standard","meta":{"_uag_custom_page_level_css":"","_monsterinsights_skip_tracking":false,"_monsterinsights_sitenote_active":false,"_monsterinsights_sitenote_note":"","_monsterinsights_sitenote_category":0,"jetpack_post_was_ever_published":false,"_jetpack_newsletter_access":"","_jetpack_dont_email_post_to_subs":false,"_jetpack_newsletter_tier_id":0,"_jetpack_memberships_contains_paywalled_content":false,"_jetpack_memberships_contains_paid_content":false,"footnotes":"","jetpack_publicize_message":"","jetpack_publicize_feature_enabled":true,"jetpack_social_post_already_shared":true,"jetpack_social_options":{"image_generator_settings":{"template":"highway","default_image_id":0,"font":"","enabled":false},"version":2}},"categories":[203,197,205],"tags":[],"class_list":["post-8970","post","type-post","status-publish","format-standard","has-post-thumbnail","hentry","category-juazeiro","category-politica","category-saude"],"jetpack_publicize_connections":[],"jetpack_featured_media_url":"https:\/\/blogopara.com.br\/wp-content\/uploads\/2019\/06\/prefeitura-de-juazeiro2-533x300.jpg","uagb_featured_image_src":{"full":["https:\/\/blogopara.com.br\/wp-content\/uploads\/2019\/06\/prefeitura-de-juazeiro2-533x300.jpg",533,300,false],"thumbnail":["https:\/\/blogopara.com.br\/wp-content\/uploads\/2019\/06\/prefeitura-de-juazeiro2-533x300-150x150.jpg",150,150,true],"medium":["https:\/\/blogopara.com.br\/wp-content\/uploads\/2019\/06\/prefeitura-de-juazeiro2-533x300-300x169.jpg",300,169,true],"medium_large":["https:\/\/blogopara.com.br\/wp-content\/uploads\/2019\/06\/prefeitura-de-juazeiro2-533x300.jpg",533,300,false],"large":["https:\/\/blogopara.com.br\/wp-content\/uploads\/2019\/06\/prefeitura-de-juazeiro2-533x300.jpg",533,300,false],"1536x1536":["https:\/\/blogopara.com.br\/wp-content\/uploads\/2019\/06\/prefeitura-de-juazeiro2-533x300.jpg",533,300,false],"2048x2048":["https:\/\/blogopara.com.br\/wp-content\/uploads\/2019\/06\/prefeitura-de-juazeiro2-533x300.jpg",533,300,false],"mantranews-slider-large":["https:\/\/blogopara.com.br\/wp-content\/uploads\/2019\/06\/prefeitura-de-juazeiro2-533x300.jpg",533,300,false],"mantranews-featured-medium":["https:\/\/blogopara.com.br\/wp-content\/uploads\/2019\/06\/prefeitura-de-juazeiro2-533x300.jpg",420,236,false],"mantranews-featured-long":["https:\/\/blogopara.com.br\/wp-content\/uploads\/2019\/06\/prefeitura-de-juazeiro2-533x300.jpg",300,169,false],"mantranews-block-medium":["https:\/\/blogopara.com.br\/wp-content\/uploads\/2019\/06\/prefeitura-de-juazeiro2-533x300.jpg",464,261,false],"mantranews-carousel-image":["https:\/\/blogopara.com.br\/wp-content\/uploads\/2019\/06\/prefeitura-de-juazeiro2-533x300.jpg",533,300,false],"mantranews-block-thumb":["https:\/\/blogopara.com.br\/wp-content\/uploads\/2019\/06\/prefeitura-de-juazeiro2-533x300.jpg",322,181,false],"mantranews-single-large":["https:\/\/blogopara.com.br\/wp-content\/uploads\/2019\/06\/prefeitura-de-juazeiro2-533x300.jpg",533,300,false]},"uagb_author_info":{"display_name":"Reda\u00e7\u00e3o geral","author_link":"https:\/\/blogopara.com.br\/index.php\/author\/blogopara"},"uagb_comment_info":0,"uagb_excerpt":"Em Juazeiro n\u00e3o faltam recursos, faltam gest\u00e3o e compromisso.","jetpack_sharing_enabled":true,"jetpack_likes_enabled":true,"_links":{"self":[{"href":"https:\/\/blogopara.com.br\/index.php\/wp-json\/wp\/v2\/posts\/8970","targetHints":{"allow":["GET"]}}],"collection":[{"href":"https:\/\/blogopara.com.br\/index.php\/wp-json\/wp\/v2\/posts"}],"about":[{"href":"https:\/\/blogopara.com.br\/index.php\/wp-json\/wp\/v2\/types\/post"}],"author":[{"embeddable":true,"href":"https:\/\/blogopara.com.br\/index.php\/wp-json\/wp\/v2\/users\/1"}],"replies":[{"embeddable":true,"href":"https:\/\/blogopara.com.br\/index.php\/wp-json\/wp\/v2\/comments?post=8970"}],"version-history":[{"count":7,"href":"https:\/\/blogopara.com.br\/index.php\/wp-json\/wp\/v2\/posts\/8970\/revisions"}],"predecessor-version":[{"id":9014,"href":"https:\/\/blogopara.com.br\/index.php\/wp-json\/wp\/v2\/posts\/8970\/revisions\/9014"}],"wp:featuredmedia":[{"embeddable":true,"href":"https:\/\/blogopara.com.br\/index.php\/wp-json\/wp\/v2\/media\/797"}],"wp:attachment":[{"href":"https:\/\/blogopara.com.br\/index.php\/wp-json\/wp\/v2\/media?parent=8970"}],"wp:term":[{"taxonomy":"category","embeddable":true,"href":"https:\/\/blogopara.com.br\/index.php\/wp-json\/wp\/v2\/categories?post=8970"},{"taxonomy":"post_tag","embeddable":true,"href":"https:\/\/blogopara.com.br\/index.php\/wp-json\/wp\/v2\/tags?post=8970"}],"curies":[{"name":"wp","href":"https:\/\/api.w.org\/{rel}","templated":true}]}}