{"id":899,"date":"2019-06-27T09:49:19","date_gmt":"2019-06-27T12:49:19","guid":{"rendered":"http:\/\/blogopara.com.br\/?p=899"},"modified":"2019-06-27T12:32:25","modified_gmt":"2019-06-27T15:32:25","slug":"frei-damiao-estava-certo","status":"publish","type":"post","link":"https:\/\/blogopara.com.br\/index.php\/2019\/06\/27\/frei-damiao-estava-certo","title":{"rendered":"FREI DAMI\u00c3O ESTAVA CERTO?"},"content":{"rendered":"<pre>Da Reda\u00e7\u00e3o<\/pre>\n<p style=\"text-align: justify;\">Reza a lenda que frei Dami\u00e3o, &#8211; O Ap\u00f3stolo do Nordeste, nunca veio a Juazeiro porque segundo ele a cidade visto do alto era um imenso buraco, o que representava espiritualmente a escurid\u00e3o. A geogr\u00e1fica da cidade realmente leva a compreens\u00e3o de que Juazeiro \u00e9 mais baixo, em rela\u00e7\u00e3o a Petrolina, por exemplo.<\/p>\n<p style=\"text-align: justify;\">A bem da verdade, Juazeiro sempre teve o infort\u00fanio de ser governado por pol\u00edticos que gostam da escurid\u00e3o f\u00edsica: ruas mal iluminadas e cheias de buracos. Gestores sem compromisso com a cidade, com o bem estar da popula\u00e7\u00e3o, a maioria deles preocupados com poder, ou a perpetua\u00e7\u00e3o deste.<\/p>\n<p style=\"text-align: justify;\">O atual prefeito Paulo Bomfim (PCdoB) \u00e9 um amante das ruas escuras e esburacadas. A sua gest\u00e3o \u00e9 muito deficiente em projeto para a cidade, por isso vive fazendo recapeamento de vias ou \u201cpatrolamento\u201d (coisas do in\u00edcio do s\u00e9culo passado) de ruas na periferia.<\/p>\n<p style=\"text-align: justify;\">Enquanto as maiores cidades realizam cal\u00e7amento ou asfaltamento, Juazeiro aposta no cascalhamento como op\u00e7\u00e3o de urbanidade. S\u00e3o centenas de ruas, muitas dela foram cascalhadas dentro do factoide programa \u201cToda sexta tem obras\u201d. Na verdade ele opta pelo cascalhamento porque n\u00e3o ir\u00e1 fazer o saneamento t\u00e3o cedo, embora propague que a cidade \u00e9 90% saneada.<\/p>\n<p style=\"text-align: justify;\">Caso o Frei Dami\u00e3o fosse vivo com certeza ele viria a Juazeiro, e n\u00e3o seria uma visita qualquer, mas para benzer a popula\u00e7\u00e3o, a cidade e os seus filhos, a fim que em 2020 expurguemos todo mal, votando em que realmente queira o bem da cidade.<\/p>\n<p>#SouMaisJuazeiro<\/p>\n<p style=\"text-align: justify;\">\n","protected":false},"excerpt":{"rendered":"<p>Uma cidade se faz com que h\u00e1 de melhor no cora\u00e7\u00e3o do gestor p\u00fablico.<\/p>\n","protected":false},"author":1,"featured_media":912,"comment_status":"open","ping_status":"open","sticky":false,"template":"","format":"standard","meta":{"_uag_custom_page_level_css":"","_monsterinsights_skip_tracking":false,"_monsterinsights_sitenote_active":false,"_monsterinsights_sitenote_note":"","_monsterinsights_sitenote_category":0,"jetpack_post_was_ever_published":false,"_jetpack_newsletter_access":"","_jetpack_dont_email_post_to_subs":false,"_jetpack_newsletter_tier_id":0,"_jetpack_memberships_contains_paywalled_content":false,"_jetpack_memberships_contains_paid_content":false,"footnotes":"","jetpack_publicize_message":"","jetpack_publicize_feature_enabled":true,"jetpack_social_post_already_shared":false,"jetpack_social_options":{"image_generator_settings":{"template":"highway","default_image_id":0,"font":"","enabled":false},"version":2}},"categories":[1],"tags":[142,144,143,15],"class_list":["post-899","post","type-post","status-publish","format-standard","has-post-thumbnail","hentry","category-sem-categoria","tag-espiritualidade","tag-frei-damiao","tag-juazeiro-da-bahia","tag-paulo-bomfim"],"jetpack_publicize_connections":[],"jetpack_featured_media_url":"https:\/\/blogopara.com.br\/wp-content\/uploads\/2019\/06\/A-nossa-miss\u00e3o-\u00e9-prestar-um-servi\u00e7o-de-qualidade-raz\u00e3o-pela-qual-buscamos-atualiza\u00e7\u00e3o-de-conhecimentos-e-boas-praticas-na-assist\u00eancia-\u00e0s-crian\u00e7as-e-aos-seus-familiares.-Parab\u00e9ns-Dra-Amanda-Alves-2.png","uagb_featured_image_src":{"full":["https:\/\/blogopara.com.br\/wp-content\/uploads\/2019\/06\/A-nossa-miss\u00e3o-\u00e9-prestar-um-servi\u00e7o-de-qualidade-raz\u00e3o-pela-qual-buscamos-atualiza\u00e7\u00e3o-de-conhecimentos-e-boas-praticas-na-assist\u00eancia-\u00e0s-crian\u00e7as-e-aos-seus-familiares.-Parab\u00e9ns-Dra-Amanda-Alves-2.png",945,756,false],"thumbnail":["https:\/\/blogopara.com.br\/wp-content\/uploads\/2019\/06\/A-nossa-miss\u00e3o-\u00e9-prestar-um-servi\u00e7o-de-qualidade-raz\u00e3o-pela-qual-buscamos-atualiza\u00e7\u00e3o-de-conhecimentos-e-boas-praticas-na-assist\u00eancia-\u00e0s-crian\u00e7as-e-aos-seus-familiares.-Parab\u00e9ns-Dra-Amanda-Alves-2-150x150.png",150,150,true],"medium":["https:\/\/blogopara.com.br\/wp-content\/uploads\/2019\/06\/A-nossa-miss\u00e3o-\u00e9-prestar-um-servi\u00e7o-de-qualidade-raz\u00e3o-pela-qual-buscamos-atualiza\u00e7\u00e3o-de-conhecimentos-e-boas-praticas-na-assist\u00eancia-\u00e0s-crian\u00e7as-e-aos-seus-familiares.-Parab\u00e9ns-Dra-Amanda-Alves-2-300x240.png",300,240,true],"medium_large":["https:\/\/blogopara.com.br\/wp-content\/uploads\/2019\/06\/A-nossa-miss\u00e3o-\u00e9-prestar-um-servi\u00e7o-de-qualidade-raz\u00e3o-pela-qual-buscamos-atualiza\u00e7\u00e3o-de-conhecimentos-e-boas-praticas-na-assist\u00eancia-\u00e0s-crian\u00e7as-e-aos-seus-familiares.-Parab\u00e9ns-Dra-Amanda-Alves-2-768x614.png",640,512,true],"large":["https:\/\/blogopara.com.br\/wp-content\/uploads\/2019\/06\/A-nossa-miss\u00e3o-\u00e9-prestar-um-servi\u00e7o-de-qualidade-raz\u00e3o-pela-qual-buscamos-atualiza\u00e7\u00e3o-de-conhecimentos-e-boas-praticas-na-assist\u00eancia-\u00e0s-crian\u00e7as-e-aos-seus-familiares.-Parab\u00e9ns-Dra-Amanda-Alves-2.png",640,512,false],"1536x1536":["https:\/\/blogopara.com.br\/wp-content\/uploads\/2019\/06\/A-nossa-miss\u00e3o-\u00e9-prestar-um-servi\u00e7o-de-qualidade-raz\u00e3o-pela-qual-buscamos-atualiza\u00e7\u00e3o-de-conhecimentos-e-boas-praticas-na-assist\u00eancia-\u00e0s-crian\u00e7as-e-aos-seus-familiares.-Parab\u00e9ns-Dra-Amanda-Alves-2.png",945,756,false],"2048x2048":["https:\/\/blogopara.com.br\/wp-content\/uploads\/2019\/06\/A-nossa-miss\u00e3o-\u00e9-prestar-um-servi\u00e7o-de-qualidade-raz\u00e3o-pela-qual-buscamos-atualiza\u00e7\u00e3o-de-conhecimentos-e-boas-praticas-na-assist\u00eancia-\u00e0s-crian\u00e7as-e-aos-seus-familiares.-Parab\u00e9ns-Dra-Amanda-Alves-2.png",945,756,false],"mantranews-slider-large":["https:\/\/blogopara.com.br\/wp-content\/uploads\/2019\/06\/A-nossa-miss\u00e3o-\u00e9-prestar-um-servi\u00e7o-de-qualidade-raz\u00e3o-pela-qual-buscamos-atualiza\u00e7\u00e3o-de-conhecimentos-e-boas-praticas-na-assist\u00eancia-\u00e0s-crian\u00e7as-e-aos-seus-familiares.-Parab\u00e9ns-Dra-Amanda-Alves-2.png",926,741,false],"mantranews-featured-medium":["https:\/\/blogopara.com.br\/wp-content\/uploads\/2019\/06\/A-nossa-miss\u00e3o-\u00e9-prestar-um-servi\u00e7o-de-qualidade-raz\u00e3o-pela-qual-buscamos-atualiza\u00e7\u00e3o-de-conhecimentos-e-boas-praticas-na-assist\u00eancia-\u00e0s-crian\u00e7as-e-aos-seus-familiares.-Parab\u00e9ns-Dra-Amanda-Alves-2.png",384,307,false],"mantranews-featured-long":["https:\/\/blogopara.com.br\/wp-content\/uploads\/2019\/06\/A-nossa-miss\u00e3o-\u00e9-prestar-um-servi\u00e7o-de-qualidade-raz\u00e3o-pela-qual-buscamos-atualiza\u00e7\u00e3o-de-conhecimentos-e-boas-praticas-na-assist\u00eancia-\u00e0s-crian\u00e7as-e-aos-seus-familiares.-Parab\u00e9ns-Dra-Amanda-Alves-2.png",300,240,false],"mantranews-block-medium":["https:\/\/blogopara.com.br\/wp-content\/uploads\/2019\/06\/A-nossa-miss\u00e3o-\u00e9-prestar-um-servi\u00e7o-de-qualidade-raz\u00e3o-pela-qual-buscamos-atualiza\u00e7\u00e3o-de-conhecimentos-e-boas-praticas-na-assist\u00eancia-\u00e0s-crian\u00e7as-e-aos-seus-familiares.-Parab\u00e9ns-Dra-Amanda-Alves-2.png",363,290,false],"mantranews-carousel-image":["https:\/\/blogopara.com.br\/wp-content\/uploads\/2019\/06\/A-nossa-miss\u00e3o-\u00e9-prestar-um-servi\u00e7o-de-qualidade-raz\u00e3o-pela-qual-buscamos-atualiza\u00e7\u00e3o-de-conhecimentos-e-boas-praticas-na-assist\u00eancia-\u00e0s-crian\u00e7as-e-aos-seus-familiares.-Parab\u00e9ns-Dra-Amanda-Alves-2.png",600,480,false],"mantranews-block-thumb":["https:\/\/blogopara.com.br\/wp-content\/uploads\/2019\/06\/A-nossa-miss\u00e3o-\u00e9-prestar-um-servi\u00e7o-de-qualidade-raz\u00e3o-pela-qual-buscamos-atualiza\u00e7\u00e3o-de-conhecimentos-e-boas-praticas-na-assist\u00eancia-\u00e0s-crian\u00e7as-e-aos-seus-familiares.-Parab\u00e9ns-Dra-Amanda-Alves-2.png",288,230,false],"mantranews-single-large":["https:\/\/blogopara.com.br\/wp-content\/uploads\/2019\/06\/A-nossa-miss\u00e3o-\u00e9-prestar-um-servi\u00e7o-de-qualidade-raz\u00e3o-pela-qual-buscamos-atualiza\u00e7\u00e3o-de-conhecimentos-e-boas-praticas-na-assist\u00eancia-\u00e0s-crian\u00e7as-e-aos-seus-familiares.-Parab\u00e9ns-Dra-Amanda-Alves-2.png",803,642,false]},"uagb_author_info":{"display_name":"Reda\u00e7\u00e3o geral","author_link":"https:\/\/blogopara.com.br\/index.php\/author\/blogopara"},"uagb_comment_info":1,"uagb_excerpt":"Uma cidade se faz com que h\u00e1 de melhor no cora\u00e7\u00e3o do gestor p\u00fablico.","jetpack_sharing_enabled":true,"jetpack_likes_enabled":true,"_links":{"self":[{"href":"https:\/\/blogopara.com.br\/index.php\/wp-json\/wp\/v2\/posts\/899","targetHints":{"allow":["GET"]}}],"collection":[{"href":"https:\/\/blogopara.com.br\/index.php\/wp-json\/wp\/v2\/posts"}],"about":[{"href":"https:\/\/blogopara.com.br\/index.php\/wp-json\/wp\/v2\/types\/post"}],"author":[{"embeddable":true,"href":"https:\/\/blogopara.com.br\/index.php\/wp-json\/wp\/v2\/users\/1"}],"replies":[{"embeddable":true,"href":"https:\/\/blogopara.com.br\/index.php\/wp-json\/wp\/v2\/comments?post=899"}],"version-history":[{"count":7,"href":"https:\/\/blogopara.com.br\/index.php\/wp-json\/wp\/v2\/posts\/899\/revisions"}],"predecessor-version":[{"id":911,"href":"https:\/\/blogopara.com.br\/index.php\/wp-json\/wp\/v2\/posts\/899\/revisions\/911"}],"wp:featuredmedia":[{"embeddable":true,"href":"https:\/\/blogopara.com.br\/index.php\/wp-json\/wp\/v2\/media\/912"}],"wp:attachment":[{"href":"https:\/\/blogopara.com.br\/index.php\/wp-json\/wp\/v2\/media?parent=899"}],"wp:term":[{"taxonomy":"category","embeddable":true,"href":"https:\/\/blogopara.com.br\/index.php\/wp-json\/wp\/v2\/categories?post=899"},{"taxonomy":"post_tag","embeddable":true,"href":"https:\/\/blogopara.com.br\/index.php\/wp-json\/wp\/v2\/tags?post=899"}],"curies":[{"name":"wp","href":"https:\/\/api.w.org\/{rel}","templated":true}]}}