{"id":9074,"date":"2020-04-08T17:36:04","date_gmt":"2020-04-08T20:36:04","guid":{"rendered":"http:\/\/blogopara.com.br\/?p=9074"},"modified":"2020-04-08T17:36:10","modified_gmt":"2020-04-08T20:36:10","slug":"deus-perdoa-sempre-nos-ocasionalmente-a-natureza-nunca","status":"publish","type":"post","link":"https:\/\/blogopara.com.br\/index.php\/2020\/04\/08\/deus-perdoa-sempre-nos-ocasionalmente-a-natureza-nunca","title":{"rendered":"&#8220;Deus perdoa sempre, n\u00f3s ocasionalmente, a natureza nunca&#8221;"},"content":{"rendered":"<p style=\"text-align: justify;\">O Papa Francisco concedeu a sua primeira grande entrevista sobre a crise mundial causada pela <span class=\"nanospell-typo\">pandemia<\/span>\u00a0do novo\u00a0<span class=\"nanospell-typo\">coronav\u00edrus<\/span>\u00a0ao escritor e jornalista\u00a0<span class=\"nanospell-typo\">brit<\/span>\u00e2nico Austen\u00a0<span class=\"nanospell-typo\">Ivereigh<\/span>, autor da biografia &#8216;O Grande Reformador&#8217;, assim como de &#8216;Wounded\u00a0<span class=\"nanospell-typo\">Sepherd<\/span>&#8216; (O Pastor Ferido).<\/p>\n<p style=\"text-align: justify;\">Divulgada pelos meios de comunica\u00e7\u00e3o The Tablet e Commonweal, o chefe da Igreja Cat\u00f3lica come\u00e7ou por revelar como vive espiritualmente os tempos\u00a0<span class=\"nanospell-typo\">atuais<\/span>.<\/p>\n<p style=\"text-align: justify;\">&#8220;Rezo mais, porque\u00a0acredito que devo\u00a0<span class=\"nanospell-typo\">faz\u00ea<\/span>-lo e penso nas pessoas. \u00c9 algo que me preocupa: as pessoas. Pensar nas pessoas revitaliza-me, faz-me bem, retira-me o ego\u00edsmo. \u00c9 claro que tamb\u00e9m eu tenho o meu ego\u00edsmo&#8221;, come\u00e7ou por dizer o Sumo Pont\u00edfice, antes de abordar este per\u00edodo de quarentena.<\/p>\n<p style=\"text-align: justify;\">&#8220;N\u00e3o \u00e9 f\u00e1cil ficar trancado em casa. Vem-me \u00e0 mente um verso da Eneida no meio da derrota: o conselho de n\u00e3o baixar os bra\u00e7os.\u00a0Reservem-se para tempos melhores, porque nesses tempos recordar isto que aconteceu ir\u00e1 ajudar-nos. Cuidem-se para um futuro que ir\u00e1 chegar. E quando chegar esse futuro, recordar o que se passou ir\u00e1 fazer-nos bem. Cuidar do agora, mas termos o amanh\u00e3&#8221;, acrescentou o Papa, que apela a que todos tenhamos mem\u00f3ria e n\u00e3o esque\u00e7amos das cat\u00e1strofes anteriores.<\/p>\n<p style=\"text-align: justify;\">&#8220;Deus perdoa sempre, n\u00f3s ocasionalmente, a natureza nunca. As cat\u00e1strofes parciais n\u00e3o foram abordadas. Hoje, quem\u00a0fala sobre os inc\u00eandios na Austr\u00e1lia? H\u00e1 um ano e meio, um navio atravessava o Polo Norte porque os glaciares se tinham dissolvido. E agora quem fala sobre inunda\u00e7\u00f5es? N\u00e3o sei se \u00e9 vingan\u00e7a, mas \u00e9 a resposta da natureza. Temos uma mem\u00f3ria\u00a0<span class=\"nanospell-typo\">seletiva<\/span>&#8220;, rematou o Papa Francisco.<\/p>\n<pre>Fonte: Not\u00edcias ao Minuto<\/pre>\n<div class=\"pub-container inside-news pub-inside-news pull-left\">\n<div class=\"pub-space pub-inside\">\n<div id=\"MPUPos1\" data-pub-siteid=\"NEWADVENTURES_Noticias_ao_Minuto\" data-pub-pageid=\"ARTICLE_Mundo\" data-pub-formatid=\"MPU\" data-pub-target=\"category=mundo;slug=deus-perdoa-sempre-nos-ocasionalmente-a-natureza-nunca;slugid=1452652\" data-pub=\"processed\" data-pub-rendered=\"yes\">\n<div id=\"div_utif_MPUPos1\" style=\"text-align: justify;\"><\/div>\n<\/div>\n<\/div>\n<\/div>\n","protected":false},"excerpt":{"rendered":"<p>O Chefe da Igreja Cat\u00f3lica concedeu a primeira entrevista desde o in\u00edcio da crise pand\u00e9mica que se vive \u00e0 escala global. O Sumo Pont\u00edfice deixa um aviso \u00e0 humanidade e \u00e0 &#8220;mem\u00f3ria seletiva&#8221; do ser humano.<\/p>\n","protected":false},"author":1,"featured_media":9075,"comment_status":"open","ping_status":"open","sticky":false,"template":"","format":"standard","meta":{"_uag_custom_page_level_css":"","_monsterinsights_skip_tracking":false,"_monsterinsights_sitenote_active":false,"_monsterinsights_sitenote_note":"","_monsterinsights_sitenote_category":0,"jetpack_post_was_ever_published":false,"_jetpack_newsletter_access":"","_jetpack_dont_email_post_to_subs":false,"_jetpack_newsletter_tier_id":0,"_jetpack_memberships_contains_paywalled_content":false,"_jetpack_memberships_contains_paid_content":false,"footnotes":"","jetpack_publicize_message":"","jetpack_publicize_feature_enabled":true,"jetpack_social_post_already_shared":true,"jetpack_social_options":{"image_generator_settings":{"template":"highway","default_image_id":0,"font":"","enabled":false},"version":2}},"categories":[203],"tags":[],"class_list":["post-9074","post","type-post","status-publish","format-standard","has-post-thumbnail","hentry","category-juazeiro"],"jetpack_publicize_connections":[],"jetpack_featured_media_url":"https:\/\/blogopara.com.br\/wp-content\/uploads\/2020\/04\/naom_59a80be935b63.jpg","uagb_featured_image_src":{"full":["https:\/\/blogopara.com.br\/wp-content\/uploads\/2020\/04\/naom_59a80be935b63.jpg",500,281,false],"thumbnail":["https:\/\/blogopara.com.br\/wp-content\/uploads\/2020\/04\/naom_59a80be935b63-150x150.jpg",150,150,true],"medium":["https:\/\/blogopara.com.br\/wp-content\/uploads\/2020\/04\/naom_59a80be935b63-300x169.jpg",300,169,true],"medium_large":["https:\/\/blogopara.com.br\/wp-content\/uploads\/2020\/04\/naom_59a80be935b63.jpg",500,281,false],"large":["https:\/\/blogopara.com.br\/wp-content\/uploads\/2020\/04\/naom_59a80be935b63.jpg",500,281,false],"1536x1536":["https:\/\/blogopara.com.br\/wp-content\/uploads\/2020\/04\/naom_59a80be935b63.jpg",500,281,false],"2048x2048":["https:\/\/blogopara.com.br\/wp-content\/uploads\/2020\/04\/naom_59a80be935b63.jpg",500,281,false],"mantranews-slider-large":["https:\/\/blogopara.com.br\/wp-content\/uploads\/2020\/04\/naom_59a80be935b63.jpg",500,281,false],"mantranews-featured-medium":["https:\/\/blogopara.com.br\/wp-content\/uploads\/2020\/04\/naom_59a80be935b63-420x281.jpg",420,281,true],"mantranews-featured-long":["https:\/\/blogopara.com.br\/wp-content\/uploads\/2020\/04\/naom_59a80be935b63-300x281.jpg",300,281,true],"mantranews-block-medium":["https:\/\/blogopara.com.br\/wp-content\/uploads\/2020\/04\/naom_59a80be935b63-464x281.jpg",464,281,true],"mantranews-carousel-image":["https:\/\/blogopara.com.br\/wp-content\/uploads\/2020\/04\/naom_59a80be935b63.jpg",500,281,false],"mantranews-block-thumb":["https:\/\/blogopara.com.br\/wp-content\/uploads\/2020\/04\/naom_59a80be935b63-322x230.jpg",322,230,true],"mantranews-single-large":["https:\/\/blogopara.com.br\/wp-content\/uploads\/2020\/04\/naom_59a80be935b63.jpg",500,281,false]},"uagb_author_info":{"display_name":"Reda\u00e7\u00e3o geral","author_link":"https:\/\/blogopara.com.br\/index.php\/author\/blogopara"},"uagb_comment_info":0,"uagb_excerpt":"O Chefe da Igreja Cat\u00f3lica concedeu a primeira entrevista desde o in\u00edcio da crise pand\u00e9mica que se vive \u00e0 escala global. O Sumo Pont\u00edfice deixa um aviso \u00e0 humanidade e \u00e0 \"mem\u00f3ria seletiva\" do ser humano.","jetpack_sharing_enabled":true,"jetpack_likes_enabled":true,"_links":{"self":[{"href":"https:\/\/blogopara.com.br\/index.php\/wp-json\/wp\/v2\/posts\/9074","targetHints":{"allow":["GET"]}}],"collection":[{"href":"https:\/\/blogopara.com.br\/index.php\/wp-json\/wp\/v2\/posts"}],"about":[{"href":"https:\/\/blogopara.com.br\/index.php\/wp-json\/wp\/v2\/types\/post"}],"author":[{"embeddable":true,"href":"https:\/\/blogopara.com.br\/index.php\/wp-json\/wp\/v2\/users\/1"}],"replies":[{"embeddable":true,"href":"https:\/\/blogopara.com.br\/index.php\/wp-json\/wp\/v2\/comments?post=9074"}],"version-history":[{"count":1,"href":"https:\/\/blogopara.com.br\/index.php\/wp-json\/wp\/v2\/posts\/9074\/revisions"}],"predecessor-version":[{"id":9076,"href":"https:\/\/blogopara.com.br\/index.php\/wp-json\/wp\/v2\/posts\/9074\/revisions\/9076"}],"wp:featuredmedia":[{"embeddable":true,"href":"https:\/\/blogopara.com.br\/index.php\/wp-json\/wp\/v2\/media\/9075"}],"wp:attachment":[{"href":"https:\/\/blogopara.com.br\/index.php\/wp-json\/wp\/v2\/media?parent=9074"}],"wp:term":[{"taxonomy":"category","embeddable":true,"href":"https:\/\/blogopara.com.br\/index.php\/wp-json\/wp\/v2\/categories?post=9074"},{"taxonomy":"post_tag","embeddable":true,"href":"https:\/\/blogopara.com.br\/index.php\/wp-json\/wp\/v2\/tags?post=9074"}],"curies":[{"name":"wp","href":"https:\/\/api.w.org\/{rel}","templated":true}]}}