{"id":9081,"date":"2020-04-09T09:50:28","date_gmt":"2020-04-09T12:50:28","guid":{"rendered":"http:\/\/blogopara.com.br\/?p=9081"},"modified":"2020-04-09T09:53:39","modified_gmt":"2020-04-09T12:53:39","slug":"juazeiro-junior-chupeta-se-filiou-ao-pl-e-vem-forte-como-pre-candidato-a-vereador","status":"publish","type":"post","link":"https:\/\/blogopara.com.br\/index.php\/2020\/04\/09\/juazeiro-junior-chupeta-se-filiou-ao-pl-e-vem-forte-como-pre-candidato-a-vereador","title":{"rendered":"Juazeiro: J\u00fanior Chupeta se filiou ao PL, e vem forte como pr\u00e9-candidato a vereador"},"content":{"rendered":"<p style=\"text-align: justify;\">Com o fim do prazo para filia\u00e7\u00e3o partid\u00e1ria, no \u00faltimo s\u00e1bado (4), o Partido Liberal se fortaleceu com a chegada do pr\u00e9-candidato a vereador J\u00fanior Chupeta, o partido passou a contar com um l\u00edder comunit\u00e1rio atuante dentre seus quadros.<\/p>\n<p style=\"text-align: justify;\" data-ft=\"{&quot;tn&quot;:&quot;C&quot;}\">Adelino J\u00fanior Rodrigues nasceu e se criou no aristocr\u00e1tico bairro Santo Ant\u00f4nio, mas se tornou J\u00fanior Chupeta para os amigos de inf\u00e2ncia e para as pessoas que o conhece na intimidade, ou tiveram o prazer de saber dos v\u00e1rios movimentos comunit\u00e1rios que ele participou, a exemplo, do movimento pela melhoria dos Bairro Monte Castelo, Monte Serrat, Alto do Cruzeiro, Barraqueiro e adjac\u00eancias.<\/p>\n<p style=\"text-align: justify;\" data-ft=\"{&quot;tn&quot;:&quot;C&quot;}\">A C\u00e2mara de Vereadores que atualmente encontra-se desgastada com a falta de representa\u00e7\u00e3o politica, de projetos para a cidade e com a coniv\u00eancia dos vereadores com os desmandos do prefeito Paulo Bomfim (PT), ter\u00e1 a partir de 2021 a for\u00e7a jovem de J\u00fanior Chupeta para defender os interesses do povo de Juazeiro.<\/p>\n<pre data-ft=\"{&quot;tn&quot;:&quot;C&quot;}\">Ascom J\u00fanior Chupeta<\/pre>\n<p data-ft=\"{&quot;tn&quot;:&quot;C&quot;}\">\n","protected":false},"excerpt":{"rendered":"<p>Com o fim do prazo para filia\u00e7\u00e3o partid\u00e1ria, no \u00faltimo s\u00e1bado (4), o Partido Liberal se fortaleceu com a chegada do pr\u00e9-candidato a vereador J\u00fanior Chupeta, o partido passou a contar com um l\u00edder comunit\u00e1rio atuante dentre seus quadros. Adelino J\u00fanior Rodrigues nasceu e se criou no aristocr\u00e1tico bairro Santo Ant\u00f4nio, mas se tornou J\u00fanior [&hellip;]<\/p>\n","protected":false},"author":1,"featured_media":9083,"comment_status":"open","ping_status":"open","sticky":false,"template":"","format":"standard","meta":{"_uag_custom_page_level_css":"","_monsterinsights_skip_tracking":false,"_monsterinsights_sitenote_active":false,"_monsterinsights_sitenote_note":"","_monsterinsights_sitenote_category":0,"jetpack_post_was_ever_published":false,"_jetpack_newsletter_access":"","_jetpack_dont_email_post_to_subs":false,"_jetpack_newsletter_tier_id":0,"_jetpack_memberships_contains_paywalled_content":false,"_jetpack_memberships_contains_paid_content":false,"footnotes":"","jetpack_publicize_message":"","jetpack_publicize_feature_enabled":true,"jetpack_social_post_already_shared":true,"jetpack_social_options":{"image_generator_settings":{"template":"highway","default_image_id":0,"font":"","enabled":false},"version":2}},"categories":[203,197],"tags":[],"class_list":["post-9081","post","type-post","status-publish","format-standard","has-post-thumbnail","hentry","category-juazeiro","category-politica"],"jetpack_publicize_connections":[],"jetpack_featured_media_url":"https:\/\/blogopara.com.br\/wp-content\/uploads\/2020\/04\/cj.jpg","uagb_featured_image_src":{"full":["https:\/\/blogopara.com.br\/wp-content\/uploads\/2020\/04\/cj.jpg",500,354,false],"thumbnail":["https:\/\/blogopara.com.br\/wp-content\/uploads\/2020\/04\/cj-150x150.jpg",150,150,true],"medium":["https:\/\/blogopara.com.br\/wp-content\/uploads\/2020\/04\/cj-300x212.jpg",300,212,true],"medium_large":["https:\/\/blogopara.com.br\/wp-content\/uploads\/2020\/04\/cj.jpg",500,354,false],"large":["https:\/\/blogopara.com.br\/wp-content\/uploads\/2020\/04\/cj.jpg",500,354,false],"1536x1536":["https:\/\/blogopara.com.br\/wp-content\/uploads\/2020\/04\/cj.jpg",500,354,false],"2048x2048":["https:\/\/blogopara.com.br\/wp-content\/uploads\/2020\/04\/cj.jpg",500,354,false],"mantranews-slider-large":["https:\/\/blogopara.com.br\/wp-content\/uploads\/2020\/04\/cj.jpg",500,354,false],"mantranews-featured-medium":["https:\/\/blogopara.com.br\/wp-content\/uploads\/2020\/04\/cj-420x307.jpg",420,307,true],"mantranews-featured-long":["https:\/\/blogopara.com.br\/wp-content\/uploads\/2020\/04\/cj-300x354.jpg",300,354,true],"mantranews-block-medium":["https:\/\/blogopara.com.br\/wp-content\/uploads\/2020\/04\/cj-464x290.jpg",464,290,true],"mantranews-carousel-image":["https:\/\/blogopara.com.br\/wp-content\/uploads\/2020\/04\/cj.jpg",500,354,false],"mantranews-block-thumb":["https:\/\/blogopara.com.br\/wp-content\/uploads\/2020\/04\/cj-322x230.jpg",322,230,true],"mantranews-single-large":["https:\/\/blogopara.com.br\/wp-content\/uploads\/2020\/04\/cj.jpg",500,354,false]},"uagb_author_info":{"display_name":"Reda\u00e7\u00e3o geral","author_link":"https:\/\/blogopara.com.br\/index.php\/author\/blogopara"},"uagb_comment_info":0,"uagb_excerpt":"Com o fim do prazo para filia\u00e7\u00e3o partid\u00e1ria, no \u00faltimo s\u00e1bado (4), o Partido Liberal se fortaleceu com a chegada do pr\u00e9-candidato a vereador J\u00fanior Chupeta, o partido passou a contar com um l\u00edder comunit\u00e1rio atuante dentre seus quadros. Adelino J\u00fanior Rodrigues nasceu e se criou no aristocr\u00e1tico bairro Santo Ant\u00f4nio, mas se tornou J\u00fanior&hellip;","jetpack_sharing_enabled":true,"jetpack_likes_enabled":true,"_links":{"self":[{"href":"https:\/\/blogopara.com.br\/index.php\/wp-json\/wp\/v2\/posts\/9081","targetHints":{"allow":["GET"]}}],"collection":[{"href":"https:\/\/blogopara.com.br\/index.php\/wp-json\/wp\/v2\/posts"}],"about":[{"href":"https:\/\/blogopara.com.br\/index.php\/wp-json\/wp\/v2\/types\/post"}],"author":[{"embeddable":true,"href":"https:\/\/blogopara.com.br\/index.php\/wp-json\/wp\/v2\/users\/1"}],"replies":[{"embeddable":true,"href":"https:\/\/blogopara.com.br\/index.php\/wp-json\/wp\/v2\/comments?post=9081"}],"version-history":[{"count":3,"href":"https:\/\/blogopara.com.br\/index.php\/wp-json\/wp\/v2\/posts\/9081\/revisions"}],"predecessor-version":[{"id":9086,"href":"https:\/\/blogopara.com.br\/index.php\/wp-json\/wp\/v2\/posts\/9081\/revisions\/9086"}],"wp:featuredmedia":[{"embeddable":true,"href":"https:\/\/blogopara.com.br\/index.php\/wp-json\/wp\/v2\/media\/9083"}],"wp:attachment":[{"href":"https:\/\/blogopara.com.br\/index.php\/wp-json\/wp\/v2\/media?parent=9081"}],"wp:term":[{"taxonomy":"category","embeddable":true,"href":"https:\/\/blogopara.com.br\/index.php\/wp-json\/wp\/v2\/categories?post=9081"},{"taxonomy":"post_tag","embeddable":true,"href":"https:\/\/blogopara.com.br\/index.php\/wp-json\/wp\/v2\/tags?post=9081"}],"curies":[{"name":"wp","href":"https:\/\/api.w.org\/{rel}","templated":true}]}}