{"id":9087,"date":"2020-04-09T10:06:03","date_gmt":"2020-04-09T13:06:03","guid":{"rendered":"http:\/\/blogopara.com.br\/?p=9087"},"modified":"2020-04-09T10:06:49","modified_gmt":"2020-04-09T13:06:49","slug":"coronavirus-municipios-sao-alertados-sobre-proibicao-a-concessao-de-beneficios-em-ano-eleitoral","status":"publish","type":"post","link":"https:\/\/blogopara.com.br\/index.php\/2020\/04\/09\/coronavirus-municipios-sao-alertados-sobre-proibicao-a-concessao-de-beneficios-em-ano-eleitoral","title":{"rendered":"Coronav\u00edrus: Munic\u00edpios s\u00e3o alertados sobre proibi\u00e7\u00e3o a concess\u00e3o de benef\u00edcios em ano eleitoral"},"content":{"rendered":"<div class=\"field field-name-title field-type-ds field-label-hidden\">\n<div class=\"field-items\">\n<div class=\"field-item even\">\n<p style=\"text-align: justify;\"><span style=\"font-size: inherit;\">Os Munic\u00edpios foram orientados pelo Minist\u00e9rio P\u00fablico estadual a coibirem a distribui\u00e7\u00e3o de bens, valores ou benef\u00edcios, neste ano eleitoral de 2020, que n\u00e3o estejam previstos em situa\u00e7\u00e3o de calamidade p\u00fablica, emerg\u00eancia e de continuidade de programa social em execu\u00e7\u00e3o or\u00e7ament\u00e1ria pelo menos desde o ano de 2019. A recomenda\u00e7\u00e3o foi encaminhada no \u00faltimo dia 25 pela promotora de Justi\u00e7a Andr\u00e9a Ariadna. Entre os benef\u00edcios vedados, est\u00e3o a doa\u00e7\u00e3o de g\u00eaneros aliment\u00edcios e de materiais de constru\u00e7\u00e3o, pagamento de passagens rodovi\u00e1rias, quita\u00e7\u00e3o de contas de fornecimento de \u00e1gua e\/ou energia el\u00e9trica, doa\u00e7\u00e3o ou concess\u00e3o de direito real de uso de im\u00f3veis para instala\u00e7\u00e3o de empresas e isen\u00e7\u00e3o total ou parcial de tributos.<\/span><\/p>\n<\/div>\n<\/div>\n<\/div>\n<div class=\"field field-name-body field-type-text-with-summary field-label-hidden\">\n<div class=\"field-items\">\n<div class=\"field-item even\">\n<p class=\"rtejustify\" style=\"text-align: justify;\">A promotora destaca que a concess\u00e3o de benef\u00edcios, em cen\u00e1rios emergenciais, como \u00e9 o caso da pandemia do novo coronav\u00edrus, deve atender a crit\u00e9rios objetivos e ser autorizada expressamente pela autoridade competente. A recomenda\u00e7\u00e3o tamb\u00e9m foi encaminhada \u00e0s C\u00e2maras Municipais para que n\u00e3o sejam votados em plen\u00e1rio, neste ano, projetos de leis que permitam tal distribui\u00e7\u00e3o. Segundo a recomenda\u00e7\u00e3o, as a\u00e7\u00f5es de socorro \u00e0 popula\u00e7\u00e3o em situa\u00e7\u00f5es de calamidade e emerg\u00eancia devem prever a quantidade de pessoas beneficiadas, renda familiar, condi\u00e7\u00f5es pessoais ou familiares, entre outros crit\u00e9rios objetivos.<\/p>\n<p class=\"rtejustify\" style=\"text-align: justify;\">Qualquer concess\u00e3o de benef\u00edcio motivada por emerg\u00eancia deve ser informada ao MP, com dados do valor, per\u00edodo de distribui\u00e7\u00e3o e pessoas beneficiadas. Entre outras medidas, ela recomendou ainda a suspens\u00e3o do repasse de recursos materiais, financeiros ou humanos a entidades nominalmente vinculadas a candidatos, ou pr\u00e9-candidatos, ou por eles mantidas, que executem programas de distribui\u00e7\u00e3o gratuita de bens, valores ou benef\u00edcios, como tamb\u00e9m a continuidade de programas sociais da administra\u00e7\u00e3o municipal que promovam, mesmo que n\u00e3o explicitamente, filiados, pr\u00e9-candidatos e candidatos.<\/p>\n<p class=\"rtejustify\" style=\"text-align: justify;\"><strong>Outras orienta\u00e7\u00f5es<\/strong><\/p>\n<p class=\"rtejustify\" style=\"text-align: justify;\">A promotora expediu tamb\u00e9m recomenda\u00e7\u00f5es para os Munic\u00edpios realizarem a capacita\u00e7\u00e3o dos agentes comunit\u00e1rios de sa\u00fade e de todos os profissionais de sa\u00fade, campanha publicit\u00e1ria para transmitir informa\u00e7\u00f5es para a popula\u00e7\u00e3o a respeito do coronav\u00edrus e a proibi\u00e7\u00e3o da realiza\u00e7\u00e3o de eventos p\u00fablicos ou particulares com aglomera\u00e7\u00e3o de pessoas; para a continuidade da alimenta\u00e7\u00e3o escolar durante o per\u00edodo de fechamento das escolas; para a continuidade do funcionamento dos Conselhos Tutelares; ado\u00e7\u00e3o de medidas de higieniza\u00e7\u00e3o e prote\u00e7\u00e3o ambiental e pessoal de funcion\u00e1rios e acolhidos das unidades de crian\u00e7as e adolescentes; para coibir a pr\u00e1tica de pre\u00e7os abusivos de produtos de preven\u00e7\u00e3o e prote\u00e7\u00e3o ao coronav\u00edrus e para a correta e eficiente utiliza\u00e7\u00e3o dos recursos p\u00fablicos nas a\u00e7\u00f5es contra os efeitos da pandemia<\/p>\n<\/div>\n<\/div>\n<\/div>\n","protected":false},"excerpt":{"rendered":"<p>Em Juazeiro o prefeito Paulo Bomfim (PT) baixou um decreto de Calamidade P\u00fablica at\u00e9 31 de dezembro de 2020.<\/p>\n","protected":false},"author":1,"featured_media":9089,"comment_status":"open","ping_status":"open","sticky":false,"template":"","format":"standard","meta":{"_uag_custom_page_level_css":"","_monsterinsights_skip_tracking":false,"_monsterinsights_sitenote_active":false,"_monsterinsights_sitenote_note":"","_monsterinsights_sitenote_category":0,"jetpack_post_was_ever_published":false,"_jetpack_newsletter_access":"","_jetpack_dont_email_post_to_subs":false,"_jetpack_newsletter_tier_id":0,"_jetpack_memberships_contains_paywalled_content":false,"_jetpack_memberships_contains_paid_content":false,"footnotes":"","jetpack_publicize_message":"","jetpack_publicize_feature_enabled":true,"jetpack_social_post_already_shared":true,"jetpack_social_options":{"image_generator_settings":{"template":"highway","default_image_id":0,"font":"","enabled":false},"version":2}},"categories":[203],"tags":[],"class_list":["post-9087","post","type-post","status-publish","format-standard","has-post-thumbnail","hentry","category-juazeiro"],"jetpack_publicize_connections":[],"jetpack_featured_media_url":"https:\/\/blogopara.com.br\/wp-content\/uploads\/2020\/04\/IMAGEM_NOTICIA_1.jpg","uagb_featured_image_src":{"full":["https:\/\/blogopara.com.br\/wp-content\/uploads\/2020\/04\/IMAGEM_NOTICIA_1.jpg",500,319,false],"thumbnail":["https:\/\/blogopara.com.br\/wp-content\/uploads\/2020\/04\/IMAGEM_NOTICIA_1-150x150.jpg",150,150,true],"medium":["https:\/\/blogopara.com.br\/wp-content\/uploads\/2020\/04\/IMAGEM_NOTICIA_1-300x191.jpg",300,191,true],"medium_large":["https:\/\/blogopara.com.br\/wp-content\/uploads\/2020\/04\/IMAGEM_NOTICIA_1.jpg",500,319,false],"large":["https:\/\/blogopara.com.br\/wp-content\/uploads\/2020\/04\/IMAGEM_NOTICIA_1.jpg",500,319,false],"1536x1536":["https:\/\/blogopara.com.br\/wp-content\/uploads\/2020\/04\/IMAGEM_NOTICIA_1.jpg",500,319,false],"2048x2048":["https:\/\/blogopara.com.br\/wp-content\/uploads\/2020\/04\/IMAGEM_NOTICIA_1.jpg",500,319,false],"mantranews-slider-large":["https:\/\/blogopara.com.br\/wp-content\/uploads\/2020\/04\/IMAGEM_NOTICIA_1.jpg",500,319,false],"mantranews-featured-medium":["https:\/\/blogopara.com.br\/wp-content\/uploads\/2020\/04\/IMAGEM_NOTICIA_1-420x307.jpg",420,307,true],"mantranews-featured-long":["https:\/\/blogopara.com.br\/wp-content\/uploads\/2020\/04\/IMAGEM_NOTICIA_1-300x319.jpg",300,319,true],"mantranews-block-medium":["https:\/\/blogopara.com.br\/wp-content\/uploads\/2020\/04\/IMAGEM_NOTICIA_1-464x290.jpg",464,290,true],"mantranews-carousel-image":["https:\/\/blogopara.com.br\/wp-content\/uploads\/2020\/04\/IMAGEM_NOTICIA_1.jpg",500,319,false],"mantranews-block-thumb":["https:\/\/blogopara.com.br\/wp-content\/uploads\/2020\/04\/IMAGEM_NOTICIA_1-322x230.jpg",322,230,true],"mantranews-single-large":["https:\/\/blogopara.com.br\/wp-content\/uploads\/2020\/04\/IMAGEM_NOTICIA_1.jpg",500,319,false]},"uagb_author_info":{"display_name":"Reda\u00e7\u00e3o geral","author_link":"https:\/\/blogopara.com.br\/index.php\/author\/blogopara"},"uagb_comment_info":0,"uagb_excerpt":"Em Juazeiro o prefeito Paulo Bomfim (PT) baixou um decreto de Calamidade P\u00fablica at\u00e9 31 de dezembro de 2020.","jetpack_sharing_enabled":true,"jetpack_likes_enabled":true,"_links":{"self":[{"href":"https:\/\/blogopara.com.br\/index.php\/wp-json\/wp\/v2\/posts\/9087","targetHints":{"allow":["GET"]}}],"collection":[{"href":"https:\/\/blogopara.com.br\/index.php\/wp-json\/wp\/v2\/posts"}],"about":[{"href":"https:\/\/blogopara.com.br\/index.php\/wp-json\/wp\/v2\/types\/post"}],"author":[{"embeddable":true,"href":"https:\/\/blogopara.com.br\/index.php\/wp-json\/wp\/v2\/users\/1"}],"replies":[{"embeddable":true,"href":"https:\/\/blogopara.com.br\/index.php\/wp-json\/wp\/v2\/comments?post=9087"}],"version-history":[{"count":3,"href":"https:\/\/blogopara.com.br\/index.php\/wp-json\/wp\/v2\/posts\/9087\/revisions"}],"predecessor-version":[{"id":9091,"href":"https:\/\/blogopara.com.br\/index.php\/wp-json\/wp\/v2\/posts\/9087\/revisions\/9091"}],"wp:featuredmedia":[{"embeddable":true,"href":"https:\/\/blogopara.com.br\/index.php\/wp-json\/wp\/v2\/media\/9089"}],"wp:attachment":[{"href":"https:\/\/blogopara.com.br\/index.php\/wp-json\/wp\/v2\/media?parent=9087"}],"wp:term":[{"taxonomy":"category","embeddable":true,"href":"https:\/\/blogopara.com.br\/index.php\/wp-json\/wp\/v2\/categories?post=9087"},{"taxonomy":"post_tag","embeddable":true,"href":"https:\/\/blogopara.com.br\/index.php\/wp-json\/wp\/v2\/tags?post=9087"}],"curies":[{"name":"wp","href":"https:\/\/api.w.org\/{rel}","templated":true}]}}