{"id":9115,"date":"2020-04-09T20:36:11","date_gmt":"2020-04-09T23:36:11","guid":{"rendered":"http:\/\/blogopara.com.br\/?p=9115"},"modified":"2020-04-09T20:36:18","modified_gmt":"2020-04-09T23:36:18","slug":"prainha-das-ilhas-do-rodeadouro-e-ilha-do-fogo-desaparecem","status":"publish","type":"post","link":"https:\/\/blogopara.com.br\/index.php\/2020\/04\/09\/prainha-das-ilhas-do-rodeadouro-e-ilha-do-fogo-desaparecem","title":{"rendered":"Prainha das ilhas do Rodeadouro e Ilha do Fogo desaparecem"},"content":{"rendered":"<p style=\"text-align: justify;\">O leito do Rio S\u00e3o Francisco aumentou consideravelmente nas \u00faltimas horas porque a Chesf aumentou a partir de quarta-feira (08) a deflu\u00eancia na barragem de Sobradinho.<\/p>\n<p style=\"text-align: justify;\">A vaz\u00e3o aumentou de 800m\u00b3 para 1.000m\u00b3 na quarta-feira e na sequ\u00eancia, j\u00e1 nas primeiras horas desta quinta-feira (09), subiu para 1.400m\u00b3.\u00a0 Em nota encaminhada aos meios de comunica\u00e7\u00e3o a Chesf alertou para riscos de alagamento de \u00e1reas ocupadas em trechos considerados como \u201ccalha principal\u201d.<\/p>\n<p style=\"text-align: justify;\">A vaz\u00e3o subiu tanto que atingiu as prainhas situadas nas margens do Rio, al\u00e9m da Ilha do Rodeadouro e Ilha do Fogo.<\/p>\n<p style=\"text-align: justify;\">Locais que diariamente s\u00e3o frequentados por banhistas, causando aglomera\u00e7\u00f5es que oferecem risco de contamina\u00e7\u00e3o pelo coronav\u00edrus (COVID-19) e H1N1.\u00a0 Por essa raz\u00e3o, enquanto o distanciamento social estiver em vigor no munic\u00edpio, a Prefeitura Municipal de Juazeiro proibiu o acesso a esses locais.<\/p>\n<p style=\"text-align: justify;\">Pelos dados da Chesf, a cada 100m3\/s poss\u00edvel que o n\u00edvel do rio aumente mais ou menos 10 cent\u00edmetros.<\/p>\n<p style=\"text-align: justify;\">Reda\u00e7\u00e3o redeGN<\/p>\n","protected":false},"excerpt":{"rendered":"<p>O leito do Rio S\u00e3o Francisco aumentou consideravelmente nas \u00faltimas horas porque a Chesf aumentou a partir de quarta-feira (08) a deflu\u00eancia na barragem de Sobradinho. A vaz\u00e3o aumentou de 800m\u00b3 para 1.000m\u00b3 na quarta-feira e na sequ\u00eancia, j\u00e1 nas primeiras horas desta quinta-feira (09), subiu para 1.400m\u00b3.\u00a0 Em nota encaminhada aos meios de comunica\u00e7\u00e3o [&hellip;]<\/p>\n","protected":false},"author":1,"featured_media":9116,"comment_status":"open","ping_status":"open","sticky":false,"template":"","format":"standard","meta":{"_uag_custom_page_level_css":"","_monsterinsights_skip_tracking":false,"_monsterinsights_sitenote_active":false,"_monsterinsights_sitenote_note":"","_monsterinsights_sitenote_category":0,"jetpack_post_was_ever_published":false,"_jetpack_newsletter_access":"","_jetpack_dont_email_post_to_subs":false,"_jetpack_newsletter_tier_id":0,"_jetpack_memberships_contains_paywalled_content":false,"_jetpack_memberships_contains_paid_content":false,"footnotes":"","jetpack_publicize_message":"","jetpack_publicize_feature_enabled":true,"jetpack_social_post_already_shared":true,"jetpack_social_options":{"image_generator_settings":{"template":"highway","default_image_id":0,"font":"","enabled":false},"version":2}},"categories":[199],"tags":[],"class_list":["post-9115","post","type-post","status-publish","format-standard","has-post-thumbnail","hentry","category-bahia"],"jetpack_publicize_connections":[],"jetpack_featured_media_url":"https:\/\/blogopara.com.br\/wp-content\/uploads\/2020\/04\/Prainhailhadorodeadouro.jpeg","uagb_featured_image_src":{"full":["https:\/\/blogopara.com.br\/wp-content\/uploads\/2020\/04\/Prainhailhadorodeadouro.jpeg",500,377,false],"thumbnail":["https:\/\/blogopara.com.br\/wp-content\/uploads\/2020\/04\/Prainhailhadorodeadouro-150x150.jpeg",150,150,true],"medium":["https:\/\/blogopara.com.br\/wp-content\/uploads\/2020\/04\/Prainhailhadorodeadouro-300x226.jpeg",300,226,true],"medium_large":["https:\/\/blogopara.com.br\/wp-content\/uploads\/2020\/04\/Prainhailhadorodeadouro.jpeg",500,377,false],"large":["https:\/\/blogopara.com.br\/wp-content\/uploads\/2020\/04\/Prainhailhadorodeadouro.jpeg",500,377,false],"1536x1536":["https:\/\/blogopara.com.br\/wp-content\/uploads\/2020\/04\/Prainhailhadorodeadouro.jpeg",500,377,false],"2048x2048":["https:\/\/blogopara.com.br\/wp-content\/uploads\/2020\/04\/Prainhailhadorodeadouro.jpeg",500,377,false],"mantranews-slider-large":["https:\/\/blogopara.com.br\/wp-content\/uploads\/2020\/04\/Prainhailhadorodeadouro.jpeg",500,377,false],"mantranews-featured-medium":["https:\/\/blogopara.com.br\/wp-content\/uploads\/2020\/04\/Prainhailhadorodeadouro-420x307.jpeg",420,307,true],"mantranews-featured-long":["https:\/\/blogopara.com.br\/wp-content\/uploads\/2020\/04\/Prainhailhadorodeadouro-300x377.jpeg",300,377,true],"mantranews-block-medium":["https:\/\/blogopara.com.br\/wp-content\/uploads\/2020\/04\/Prainhailhadorodeadouro-464x290.jpeg",464,290,true],"mantranews-carousel-image":["https:\/\/blogopara.com.br\/wp-content\/uploads\/2020\/04\/Prainhailhadorodeadouro.jpeg",500,377,false],"mantranews-block-thumb":["https:\/\/blogopara.com.br\/wp-content\/uploads\/2020\/04\/Prainhailhadorodeadouro-322x230.jpeg",322,230,true],"mantranews-single-large":["https:\/\/blogopara.com.br\/wp-content\/uploads\/2020\/04\/Prainhailhadorodeadouro.jpeg",500,377,false]},"uagb_author_info":{"display_name":"Reda\u00e7\u00e3o geral","author_link":"https:\/\/blogopara.com.br\/index.php\/author\/blogopara"},"uagb_comment_info":0,"uagb_excerpt":"O leito do Rio S\u00e3o Francisco aumentou consideravelmente nas \u00faltimas horas porque a Chesf aumentou a partir de quarta-feira (08) a deflu\u00eancia na barragem de Sobradinho. A vaz\u00e3o aumentou de 800m\u00b3 para 1.000m\u00b3 na quarta-feira e na sequ\u00eancia, j\u00e1 nas primeiras horas desta quinta-feira (09), subiu para 1.400m\u00b3.\u00a0 Em nota encaminhada aos meios de comunica\u00e7\u00e3o&hellip;","jetpack_sharing_enabled":true,"jetpack_likes_enabled":true,"_links":{"self":[{"href":"https:\/\/blogopara.com.br\/index.php\/wp-json\/wp\/v2\/posts\/9115","targetHints":{"allow":["GET"]}}],"collection":[{"href":"https:\/\/blogopara.com.br\/index.php\/wp-json\/wp\/v2\/posts"}],"about":[{"href":"https:\/\/blogopara.com.br\/index.php\/wp-json\/wp\/v2\/types\/post"}],"author":[{"embeddable":true,"href":"https:\/\/blogopara.com.br\/index.php\/wp-json\/wp\/v2\/users\/1"}],"replies":[{"embeddable":true,"href":"https:\/\/blogopara.com.br\/index.php\/wp-json\/wp\/v2\/comments?post=9115"}],"version-history":[{"count":1,"href":"https:\/\/blogopara.com.br\/index.php\/wp-json\/wp\/v2\/posts\/9115\/revisions"}],"predecessor-version":[{"id":9117,"href":"https:\/\/blogopara.com.br\/index.php\/wp-json\/wp\/v2\/posts\/9115\/revisions\/9117"}],"wp:featuredmedia":[{"embeddable":true,"href":"https:\/\/blogopara.com.br\/index.php\/wp-json\/wp\/v2\/media\/9116"}],"wp:attachment":[{"href":"https:\/\/blogopara.com.br\/index.php\/wp-json\/wp\/v2\/media?parent=9115"}],"wp:term":[{"taxonomy":"category","embeddable":true,"href":"https:\/\/blogopara.com.br\/index.php\/wp-json\/wp\/v2\/categories?post=9115"},{"taxonomy":"post_tag","embeddable":true,"href":"https:\/\/blogopara.com.br\/index.php\/wp-json\/wp\/v2\/tags?post=9115"}],"curies":[{"name":"wp","href":"https:\/\/api.w.org\/{rel}","templated":true}]}}