{"id":9123,"date":"2020-04-09T23:27:55","date_gmt":"2020-04-10T02:27:55","guid":{"rendered":"http:\/\/blogopara.com.br\/?p=9123"},"modified":"2020-04-09T23:27:59","modified_gmt":"2020-04-10T02:27:59","slug":"coronavirus-100-dias-que-mudaram-o-mundo","status":"publish","type":"post","link":"https:\/\/blogopara.com.br\/index.php\/2020\/04\/09\/coronavirus-100-dias-que-mudaram-o-mundo","title":{"rendered":"CORONAV\u00cdRUS: 100 DIAS QUE MUDARAM O MUNDO"},"content":{"rendered":"<section class=\"special-thematic special-card invert um-texto escuro  sem-titulo loaded\" data-src=\"https:\/\/conteudo.imguol.com.br\/c\/entretenimento\/7f\/2020\/04\/08\/homem-usa-mascara-de-gas-e-luvas-posa-na-time-square-em-meio-a-pandemia-de-coronavirus-em-nova-york-1586385680404_v2_1920x1080.jpg\" data-crop=\"{&quot;xs&quot;:&quot;1920x1080&quot;}\" data-name=\"tematico-1\" data-metrics-special=\"tematico-1|special-thematic\" data-crazyload=\"loaded\">\n<div class=\"container\">\n<div class=\"row\">\n<div class=\"col-xs-8 col-sm-24 \">\n<div class=\"row\">\n<div class=\"\">\n<div class=\"col-xs-8 col-sm-20 col-sm-offset-2 col-md-20 col-md-offset-2 col-lg-18 col-lg-offset-3\">\n<div class=\"content\">\n<div class=\"special-text\">\n<p style=\"text-align: justify;\">Um milh\u00e3o e quinhentas mil pessoas infectadas pelo mundo \u2014um ter\u00e7o delas na \u00faltima semana. Oitenta e sete mil mortos em uma velocidade desconcertante. O fim dos deslocamentos. Milh\u00f5es de pessoas obrigadas a readequar suas rotinas ao limite de suas casas. H\u00e1 100 dias, o mundo parou.<\/p>\n<p style=\"text-align: justify;\">Em 31 de dezembro de 2019 um comunicado do governo chin\u00eas alertava a Organiza\u00e7\u00e3o Mundial da Sa\u00fade para a ocorr\u00eancia de casos de uma pneumonia &#8220;de origem desconhecida&#8221; registrada no sul do pa\u00eds. Ainda sem nome, o novo coronav\u00edrus\u00a0<a href=\"https:\/\/noticias.uol.com.br\/ultimas-noticias\/bbc\/2020\/04\/02\/que-paises-e-territorios-ainda-nao-tem-casos-oficiais-de-coronavirus.htm\">alcan\u00e7aria 180 pa\u00edses<\/a>\u00a0ou territ\u00f3rios. &#8220;\u00c9 incr\u00edvel refletir sobre\u00a0<a href=\"https:\/\/noticias.uol.com.br\/saude\/ultimas-noticias\/redacao\/2020\/04\/08\/diretor-da-oms-faz-balanco-dos-100-dias-desde-primeiros-casos-de-covid-19.htm\">qu\u00e3o radicalmente o mundo mudou<\/a>\u00a0em t\u00e3o curto per\u00edodo de tempo&#8221;, indica o diretor-geral da OMS, Tedros Ghebreyesus.<\/p>\n<p style=\"text-align: justify;\">Para uma das principais historiadoras do pa\u00eds, no futuro, professores precisar\u00e3o investir algumas aulas para explicar o que vivemos hoje \u2014momento que, para ela, pode ser comparado \u00e0 quebra da Bolsa de Nova York, em 1929. &#8220;A quebra da Bolsa tamb\u00e9m parecia inimagin\u00e1vel&#8221;, afirma Lilia Schwarcz, professora da Universidade de S\u00e3o Paulo e de Princeton, nos EUA. &#8220;A aula vai se chamar: O dia em que a Terra parou.&#8221;<\/p>\n<p style=\"text-align: justify;\">Lilia sugere ainda que a crise causada pela dissemina\u00e7\u00e3o da covid-19 marca o fim do s\u00e9culo 20, per\u00edodo pautado pela tecnologia. &#8220;N\u00f3s tivemos um grande desenvolvimento tecnol\u00f3gico, mas agora a pandemia mostra esses limites&#8221;, diz.<\/p>\n<p style=\"text-align: justify;\">A seguir, trechos da entrevista em que a historiadora compara o coronav\u00edrus \u00e0 gripe espanhola, de 1918, diz que o negacionismo em rela\u00e7\u00e3o a doen\u00e7as sempre existiu e afirma que grandes crises sanit\u00e1rias constru\u00edram her\u00f3is nacionais, como Oswaldo Cruz e Carlos Chagas, e refor\u00e7aram a f\u00e9 na ci\u00eancia.<\/p>\n<p style=\"text-align: justify;\"><strong style=\"font-size: inherit;\">Completam-se 100 dias desde que o primeiro caso de coronav\u00edrus, na China, foi notificado \u00e0 Organiza\u00e7\u00e3o Mundial de Sa\u00fade. Podemos considerar que esses 100 dias mudaram o mundo?<\/strong><\/p>\n<\/div>\n<\/div>\n<\/div>\n<\/div>\n<\/div>\n<\/div>\n<\/div>\n<\/div>\n<\/section>\n<section class=\"special-thematic special-card invert um-texto claro  sem-titulo\" data-name=\"tematico-2\" data-metrics-special=\"tematico-2|special-thematic\">\n<div class=\"container\">\n<div class=\"row\">\n<div class=\"col-xs-8 col-sm-24 \">\n<div class=\"row\">\n<div class=\"\">\n<div class=\"col-xs-8 col-sm-20 col-sm-offset-2 col-md-18 col-md-offset-3 col-lg-16 col-lg-offset-4\">\n<div class=\"content\">\n<div class=\"special-text\">\n<p style=\"text-align: justify;\">\u00c9 impressionante como um uma coisinha t\u00e3o pequena, min\u00fascula, invis\u00edvel, tenha capacidade de paralisar o planeta. \u00c9 uma experi\u00eancia impressionante de assistir. Eu estava dando aula em Princeton [universidade nos EUA], e foi muito impressionante ver como as institui\u00e7\u00f5es foram fechando. \u00c9 uma coisa que s\u00f3 se conhecia do passado, ou de distopias, era mais uma fantasia.<\/p>\n<p style=\"text-align: justify;\">Nunca se sai de um estado de anomalia da mesma maneira. Crises desse tipo fecham e abrem portas. Estamos privados da nossa rotina, sem poder ver pessoas que a gente gosta, de quem sentimos imensa falta, n\u00e3o podemos cumprir compromissos.<\/p>\n<p style=\"text-align: justify;\">Mas tamb\u00e9m abre portas: estamos refletindo um pouco se essa rotina acelerada \u00e9 de fato necess\u00e1ria, se todas as viagens de avi\u00e3o s\u00e3o necess\u00e1rias, se todo mundo precisa sair de casa e voltar no mesmo hor\u00e1rio. Se n\u00e3o podemos ser mais flex\u00edveis, menos congestionados, com menos polui\u00e7\u00e3o.<\/p>\n<p style=\"text-align: justify;\">Ent\u00e3o, talvez abra [a oportunidade] para refletir sobre alguns valores como a solidariedade. Todo mundo que diz que sabe o que vai acontecer est\u00e1 equivocado, a humanidade \u00e9 muito teimosa. Mas penso que estamos vivendo uma situa\u00e7\u00e3o muito singular, de outra temporalidade, num tempo diferente. Isso pode romper com algumas barreiras: estamos vivendo num pa\u00eds de muito negacionismo. No Brasil vivemos situa\u00e7\u00e3o paradoxal, o\u00a0<a href=\"https:\/\/noticias.uol.com.br\/politica\/ultimas-noticias\/2020\/03\/24\/covid-19-bolsonaro-culpa-imprensa-por-panico-e-volta-a-falar-gripezinha.htm\">presidente nega a pandemia<\/a>.<\/p>\n<p><strong>Mas o mundo, neste momento, \u00e9 outro?<\/strong><\/p>\n<p style=\"text-align: justify;\">Neste exato momento em que conversamos, o mundo est\u00e1 mudado. N\u00f3s que \u00e9ramos t\u00e3o certeiros nas nossas agendas, draconianas, de repente me convidam para um evento em setembro, eu digo: &#8220;Olha, n\u00e3o sei se vou poder ir, se vai dar para confirmar&#8221;. Essa humaniza\u00e7\u00e3o das nossas agendas, dos nossos tempos, eu penso que j\u00e1 mudou, sim.<\/p>\n<p style=\"text-align: justify;\">Ficar em casa \u00e9 reinventar sua rotina, se descobrir como uma pessoa estrangeira [\u00e0 nova rotina]. Eu me conhe\u00e7o como uma pessoa que acorda de manh\u00e3, vai correr, vai para o trabalho, vai para o outro, chega em casa exausta. Agora, sou eu tendo que me inventar numa temporalidade diferente, que parece f\u00e9rias mas n\u00e3o \u00e9. \u00c9 um movimento interior de redescoberta.<\/p>\n<p style=\"text-align: justify;\">Insisto que nem todos passam por isso. [O fil\u00f3sofo franc\u00eas] Montaigne dizia: &#8220;A humanidade \u00e9 v\u00e1ria&#8221;. Nem todos est\u00e3o passando por isso da mesma maneira, depende de ra\u00e7a, classe, h\u00e1 diferen\u00e7as, varia muito.<\/p>\n<p><strong>E em rela\u00e7\u00e3o aos pap\u00e9is sociais dos homens e das mulheres?<\/strong><\/p>\n<p style=\"text-align: justify;\">N\u00f3s, mulheres, j\u00e1 temos um conhecimento distinto dos homens na no\u00e7\u00e3o do cuidado, na casa, acho que a mudan\u00e7a vai ser maior para os homens, que n\u00e3o est\u00e3o acostumados com o dia a dia da casa, com fazer comida, arrumar. Essa ideia de cuidado foi eminentemente uma fun\u00e7\u00e3o feminina.<\/p>\n<p style=\"text-align: justify;\">E estou muito interessada em ver como os homens v\u00e3o lidar com essa ideia de ficar em casa e ter que cuidar tamb\u00e9m. \u00c9 uma experi\u00eancia muito \u00fanica que vivemos.<\/p>\n<\/div>\n<\/div>\n<\/div>\n<\/div>\n<\/div>\n<\/div>\n<\/div>\n<\/div>\n<\/section>\n<section class=\"special-image infografico special-card \" data-name=\"imagem-1\" data-metrics-special=\"imagem-1|special-image\">\n<div class=\"container-fluid\">\n<div class=\"row\"><span class=\"credit\">Rodrigo Paiva &#8211; 24.mar.20\/Getty Images<\/span><img loading=\"lazy\" decoding=\"async\" class=\" loaded\" src=\"https:\/\/conteudo.imguol.com.br\/c\/entretenimento\/b1\/2020\/04\/08\/voluntaria-usa-mascara-durante-treinamento-para-entrega-de-comida-a-moradores-de-paraisopolis-em-sao-paulo-1586396389407_v2_1920x1.jpg\" alt=\"Rodrigo Paiva - 24.mar.20\/Getty Images\" width=\"1920\" height=\"1\" data-src=\"https:\/\/conteudo.imguol.com.br\/c\/entretenimento\/b1\/2020\/04\/08\/voluntaria-usa-mascara-durante-treinamento-para-entrega-de-comida-a-moradores-de-paraisopolis-em-sao-paulo-1586396389407_v2_1920x1.jpg\" data-crop=\"{&quot;xs&quot;:&quot;300x1&quot;,&quot;sm&quot;:&quot;1024x768&quot;,&quot;md&quot;:&quot;1920x1080&quot;,&quot;lg&quot;:&quot;1920x1&quot;}\" data-noapplycrop=\"false\" data-crazyload=\"loaded\" \/><\/div>\n<\/div>\n<\/section>\n<section class=\"special-thematic special-card invert um-texto claro  sem-titulo\" data-name=\"Pandemia marca o fim do s\u00e9culo 20\" data-metrics-special=\"tematico-3|special-thematic\">\n<div class=\"container\">\n<div class=\"row\">\n<div class=\"col-xs-8 col-sm-24 \">\n<div class=\"row\">\n<div class=\"\">\n<div class=\"col-xs-8 col-sm-20 col-sm-offset-2 col-md-18 col-md-offset-3 col-lg-16 col-lg-offset-4\">\n<div class=\"content\">\n<header>\n<h1>Pandemia marca o fim do s\u00e9culo 20<\/h1>\n<\/header>\n<div class=\"special-text\">\n<p style=\"text-align: justify;\"><strong>H\u00e1 discuss\u00f5es que dizem que o s\u00e9culo 20 carecia de um &#8220;marco&#8221; para seu fim e que as primeiras d\u00e9cadas do s\u00e9culo 21 ainda estavam lidando com a heran\u00e7a do s\u00e9culo passado. A senhora concorda? Essa pandemia pode funcionar como esse divisor?<\/strong><\/p>\n<p style=\"text-align: justify;\">Sim. [O historiador brit\u00e2nico Eric] Hobsbawn disse que o longo s\u00e9culo 19 s\u00f3 terminou depois das Primeira Guerra Mundial [1914-1918]. N\u00f3s usamos o marcador de tempo: virou o s\u00e9culo, tudo mudou. Mas n\u00e3o funciona assim, a experi\u00eancia humana \u00e9 que constr\u00f3i o tempo. Ele tem raz\u00e3o, o longo s\u00e9culo 19 terminou com a Primeira Guerra, com mortes, com a experi\u00eancia do luto, mas tamb\u00e9m o que significou sobre a capacidade destrutiva.<\/p>\n<p style=\"text-align: justify;\"><cite>Acho que essa nossa pandemia marca o final do s\u00e9culo 20, que foi o s\u00e9culo da tecnologia. N\u00f3s tivemos um grande desenvolvimento tecnol\u00f3gico, mas agora a pandemia mostra esses limites<\/cite><\/p>\n<p style=\"text-align: justify;\">Mostra que n\u00e3o d\u00e1 conta de conter uma pandemia como essa, nem de manter a sua rotina numa situa\u00e7\u00e3o como essa. A grande palavra do final do s\u00e9culo 19 era progresso. Euclides da Cunha dizia: &#8220;Estamos condenados ao progresso&#8221;. Era quase natural, culminava naquela sociedade que gostava de se chamar de civiliza\u00e7\u00e3o.<\/p>\n<p style=\"text-align: justify;\">O que a Primeira Guerra mostrou? Que [o mundo] n\u00e3o era t\u00e3o civilizado quando se imaginava. Pessoas se guerreavam frente a frente. E isso mostrou naquele momento o limite da no\u00e7\u00e3o de civiliza\u00e7\u00e3o e de evolu\u00e7\u00e3o, que era talvez o grande mito do final do s\u00e9culo 19 e come\u00e7o do 20. E n\u00f3s estamos movendo limites. Investimos tanto na tecnologia, mas n\u00e3o em sistemas de sa\u00fade e de preven\u00e7\u00e3o que pudessem conter esse grande inimigo invis\u00edvel.<\/p>\n<p><strong>A senhora j\u00e1 assinalou que a gripe espanhola matou muito mais do que as duas Grandes Guerras juntas e que, assim como vivemos hoje no Brasil, houve muito negacionismo e lentid\u00e3o na tomada de decis\u00f5es. N\u00e3o aprendemos essa li\u00e7\u00e3o? Por que \u00e9 dif\u00edcil n\u00e3o repetir os erros?<\/strong><\/p>\n<p style=\"text-align: justify;\">A doen\u00e7a, seja ela qual for, produz uma sensa\u00e7\u00e3o de medo e inseguran\u00e7a. Diante desse tipo de crise, sanit\u00e1ria, a nossa primeira rea\u00e7\u00e3o \u00e9 dizer: &#8220;N\u00e3o, aqui n\u00e3o, aqui n\u00e3o vai entrar&#8221;. Antes de virar pandemia, as mortes s\u00e3o distantes, esse discurso do &#8220;aqui n\u00e3o&#8221;, \u00e9 muito claro, \u00e9 natural, com todas as aspas que se pode colocar, porque o estado que queremos \u00e9 de sa\u00fade. Mas n\u00f3s tamb\u00e9m somos uma sociedade que esquece o nosso pr\u00f3prio corpo, ele serve para botar uma roupa, pentear o cabelo, \u00e9 como se ele n\u00e3o existisse.<\/p>\n<p style=\"text-align: justify;\">\u00c9 demorado assumir, o negacionismo existiu sempre. No come\u00e7o do s\u00e9culo, em 1903, a expectativa de vida era de 33 anos. O Brasil era chamado de grande hospital e tinha todo tipo de doen\u00e7a: lepra, s\u00edfilis, tuberculose, peste bub\u00f4nica, febre amarela. Quando entra [o presidente] Rodrigues Alves e indica um m\u00e9dico sanitarista para combater a febre amarela, a peste bub\u00f4nica e a var\u00edola, eles come\u00e7am matando ratos e mosquitos e depois passam a vacinar contra a var\u00edola.<\/p>\n<p style=\"text-align: justify;\">Mas na \u00e9poca a popula\u00e7\u00e3o n\u00e3o entendeu, n\u00e3o foi informada e reagiu. O mesmo presidente que indicou Osvaldo Cruz \u00e9 o que vai estar no poder no contexto da gripe espanhola. Osvaldo Cruz j\u00e1 tinha morrido, ent\u00e3o indica o herdeiro dele, Carlos Chagas. [Com a gripe espanhola] As autoridades brasileiras j\u00e1 sabiam o que estava acontecendo, mesmo assim n\u00e3o tomaram atitude. A gripe entrou a bordo de navios que atracaram no Brasil e a\u00ed explodiu. Mas a atitude sempre foi essa: &#8220;Aqui n\u00e3o, \u00e9 um pa\u00eds de clima quente, n\u00e3o \u00e9 de pessoas idosas&#8221;.<\/p>\n<p style=\"text-align: justify;\">Como pode falar em ter menos risco no Brasil porque a popula\u00e7\u00e3o \u00e9 mais jovem, se \u00e9 muito mais desigual que pa\u00edses europeus que j\u00e1 est\u00e3o sofrendo? O negacionismo cria o bode expiat\u00f3rio, \u00e9 recorrente.<\/p>\n<p><strong>Mas por que n\u00e3o aprendemos com os erros do passado?<\/strong><\/p>\n<p style=\"text-align: justify;\">Porque o negacionismo nega a hist\u00f3ria tamb\u00e9m. \u00c9 dizer: &#8220;Em 1918 n\u00e3o t\u00ednhamos as condi\u00e7\u00f5es que temos agora, n\u00e3o t\u00ednhamos a tecnologia&#8221;. Ent\u00e3o tamb\u00e9m se pode usar a hist\u00f3ria de maneira negacionista, negando o passado e dizendo que isso aconteceu naquela \u00e9poca mas n\u00e3o vai acontecer agora.<\/p>\n<p style=\"text-align: justify;\">Quando se fala em guerra, o que acontece? Por que todos os pa\u00edses t\u00eam seu ex\u00e9rcito e tem reserva? Porque, na hip\u00f3tese de ter uma guerra, temos que ter um ex\u00e9rcito, tem toda uma popula\u00e7\u00e3o de reserva na hip\u00f3tese de ter guerra.<\/p>\n<p style=\"text-align: justify;\">Se o estado brasileiro levasse a s\u00e9rio a met\u00e1fora b\u00e9lica, o que j\u00e1 deveria ter sido feito? Uma estrutura para atender guerras de sa\u00fade, e isso n\u00e3o \u00e9 s\u00f3 no Brasil, mas os estados n\u00e3o fazem, n\u00e3o existe um sistema para prevenir as pandemias.<\/p>\n<p style=\"text-align: justify;\"><cite>A doen\u00e7a s\u00f3 existe quando as pessoas concordam que ela existe, \u00e9 preciso ensinar para popula\u00e7\u00e3o. Se n\u00e3o tem esse comando, as pessoas n\u00e3o constroem a doen\u00e7a e continuam a neg\u00e1-la<\/cite><\/p>\n<p style=\"text-align: justify;\">As rea\u00e7\u00f5es contra a gripe espanhola foram muito semelhantes \u00e0s de agora: poucas pessoas andavam nas ruas, quem andava estava de m\u00e1scara, igrejas fechadas, teatros lavados com detergente. A humanidade ainda n\u00e3o inventou outra maneira de lidar com a pandemia a n\u00e3o ser esperar pelo rem\u00e9dio ou pela vacina.<\/p>\n<pre>Fonte: UOL<\/pre>\n<\/div>\n<\/div>\n<\/div>\n<\/div>\n<\/div>\n<\/div>\n<\/div>\n<\/div>\n<\/section>\n<section class=\"special-image infografico special-card \" data-name=\"imagem-2\" data-metrics-special=\"imagem-2|special-image\">\n<div class=\"container-fluid\">\n<div class=\"row\" style=\"text-align: justify;\"><\/div>\n<\/div>\n<\/section>\n","protected":false},"excerpt":{"rendered":"<p>Para historiadora Lilia Schwarcz, pandemia marca fim do s\u00e9culo 20 e indica os limites da tecnologia<\/p>\n","protected":false},"author":1,"featured_media":9124,"comment_status":"open","ping_status":"open","sticky":false,"template":"","format":"standard","meta":{"_uag_custom_page_level_css":"","_monsterinsights_skip_tracking":false,"_monsterinsights_sitenote_active":false,"_monsterinsights_sitenote_note":"","_monsterinsights_sitenote_category":0,"jetpack_post_was_ever_published":false,"_jetpack_newsletter_access":"","_jetpack_dont_email_post_to_subs":false,"_jetpack_newsletter_tier_id":0,"_jetpack_memberships_contains_paywalled_content":false,"_jetpack_memberships_contains_paid_content":false,"footnotes":"","jetpack_publicize_message":"","jetpack_publicize_feature_enabled":true,"jetpack_social_post_already_shared":true,"jetpack_social_options":{"image_generator_settings":{"template":"highway","default_image_id":0,"font":"","enabled":false},"version":2}},"categories":[273],"tags":[],"class_list":["post-9123","post","type-post","status-publish","format-standard","has-post-thumbnail","hentry","category-mundo"],"jetpack_publicize_connections":[],"jetpack_featured_media_url":"https:\/\/blogopara.com.br\/wp-content\/uploads\/2020\/04\/homem-usa-mascara-de-gas-e-luvas-posa-na-time-square-em-meio-a-pandemia-de-coronavirus-em-nova-york-1586385680404_v2_750x421.jpg","uagb_featured_image_src":{"full":["https:\/\/blogopara.com.br\/wp-content\/uploads\/2020\/04\/homem-usa-mascara-de-gas-e-luvas-posa-na-time-square-em-meio-a-pandemia-de-coronavirus-em-nova-york-1586385680404_v2_750x421.jpg",500,280,false],"thumbnail":["https:\/\/blogopara.com.br\/wp-content\/uploads\/2020\/04\/homem-usa-mascara-de-gas-e-luvas-posa-na-time-square-em-meio-a-pandemia-de-coronavirus-em-nova-york-1586385680404_v2_750x421-150x150.jpg",150,150,true],"medium":["https:\/\/blogopara.com.br\/wp-content\/uploads\/2020\/04\/homem-usa-mascara-de-gas-e-luvas-posa-na-time-square-em-meio-a-pandemia-de-coronavirus-em-nova-york-1586385680404_v2_750x421-300x168.jpg",300,168,true],"medium_large":["https:\/\/blogopara.com.br\/wp-content\/uploads\/2020\/04\/homem-usa-mascara-de-gas-e-luvas-posa-na-time-square-em-meio-a-pandemia-de-coronavirus-em-nova-york-1586385680404_v2_750x421.jpg",500,280,false],"large":["https:\/\/blogopara.com.br\/wp-content\/uploads\/2020\/04\/homem-usa-mascara-de-gas-e-luvas-posa-na-time-square-em-meio-a-pandemia-de-coronavirus-em-nova-york-1586385680404_v2_750x421.jpg",500,280,false],"1536x1536":["https:\/\/blogopara.com.br\/wp-content\/uploads\/2020\/04\/homem-usa-mascara-de-gas-e-luvas-posa-na-time-square-em-meio-a-pandemia-de-coronavirus-em-nova-york-1586385680404_v2_750x421.jpg",500,280,false],"2048x2048":["https:\/\/blogopara.com.br\/wp-content\/uploads\/2020\/04\/homem-usa-mascara-de-gas-e-luvas-posa-na-time-square-em-meio-a-pandemia-de-coronavirus-em-nova-york-1586385680404_v2_750x421.jpg",500,280,false],"mantranews-slider-large":["https:\/\/blogopara.com.br\/wp-content\/uploads\/2020\/04\/homem-usa-mascara-de-gas-e-luvas-posa-na-time-square-em-meio-a-pandemia-de-coronavirus-em-nova-york-1586385680404_v2_750x421.jpg",500,280,false],"mantranews-featured-medium":["https:\/\/blogopara.com.br\/wp-content\/uploads\/2020\/04\/homem-usa-mascara-de-gas-e-luvas-posa-na-time-square-em-meio-a-pandemia-de-coronavirus-em-nova-york-1586385680404_v2_750x421-420x280.jpg",420,280,true],"mantranews-featured-long":["https:\/\/blogopara.com.br\/wp-content\/uploads\/2020\/04\/homem-usa-mascara-de-gas-e-luvas-posa-na-time-square-em-meio-a-pandemia-de-coronavirus-em-nova-york-1586385680404_v2_750x421-300x280.jpg",300,280,true],"mantranews-block-medium":["https:\/\/blogopara.com.br\/wp-content\/uploads\/2020\/04\/homem-usa-mascara-de-gas-e-luvas-posa-na-time-square-em-meio-a-pandemia-de-coronavirus-em-nova-york-1586385680404_v2_750x421-464x280.jpg",464,280,true],"mantranews-carousel-image":["https:\/\/blogopara.com.br\/wp-content\/uploads\/2020\/04\/homem-usa-mascara-de-gas-e-luvas-posa-na-time-square-em-meio-a-pandemia-de-coronavirus-em-nova-york-1586385680404_v2_750x421.jpg",500,280,false],"mantranews-block-thumb":["https:\/\/blogopara.com.br\/wp-content\/uploads\/2020\/04\/homem-usa-mascara-de-gas-e-luvas-posa-na-time-square-em-meio-a-pandemia-de-coronavirus-em-nova-york-1586385680404_v2_750x421-322x230.jpg",322,230,true],"mantranews-single-large":["https:\/\/blogopara.com.br\/wp-content\/uploads\/2020\/04\/homem-usa-mascara-de-gas-e-luvas-posa-na-time-square-em-meio-a-pandemia-de-coronavirus-em-nova-york-1586385680404_v2_750x421.jpg",500,280,false]},"uagb_author_info":{"display_name":"Reda\u00e7\u00e3o geral","author_link":"https:\/\/blogopara.com.br\/index.php\/author\/blogopara"},"uagb_comment_info":0,"uagb_excerpt":"Para historiadora Lilia Schwarcz, pandemia marca fim do s\u00e9culo 20 e indica os limites da tecnologia","jetpack_sharing_enabled":true,"jetpack_likes_enabled":true,"_links":{"self":[{"href":"https:\/\/blogopara.com.br\/index.php\/wp-json\/wp\/v2\/posts\/9123","targetHints":{"allow":["GET"]}}],"collection":[{"href":"https:\/\/blogopara.com.br\/index.php\/wp-json\/wp\/v2\/posts"}],"about":[{"href":"https:\/\/blogopara.com.br\/index.php\/wp-json\/wp\/v2\/types\/post"}],"author":[{"embeddable":true,"href":"https:\/\/blogopara.com.br\/index.php\/wp-json\/wp\/v2\/users\/1"}],"replies":[{"embeddable":true,"href":"https:\/\/blogopara.com.br\/index.php\/wp-json\/wp\/v2\/comments?post=9123"}],"version-history":[{"count":1,"href":"https:\/\/blogopara.com.br\/index.php\/wp-json\/wp\/v2\/posts\/9123\/revisions"}],"predecessor-version":[{"id":9125,"href":"https:\/\/blogopara.com.br\/index.php\/wp-json\/wp\/v2\/posts\/9123\/revisions\/9125"}],"wp:featuredmedia":[{"embeddable":true,"href":"https:\/\/blogopara.com.br\/index.php\/wp-json\/wp\/v2\/media\/9124"}],"wp:attachment":[{"href":"https:\/\/blogopara.com.br\/index.php\/wp-json\/wp\/v2\/media?parent=9123"}],"wp:term":[{"taxonomy":"category","embeddable":true,"href":"https:\/\/blogopara.com.br\/index.php\/wp-json\/wp\/v2\/categories?post=9123"},{"taxonomy":"post_tag","embeddable":true,"href":"https:\/\/blogopara.com.br\/index.php\/wp-json\/wp\/v2\/tags?post=9123"}],"curies":[{"name":"wp","href":"https:\/\/api.w.org\/{rel}","templated":true}]}}