{"id":9368,"date":"2020-04-17T08:36:49","date_gmt":"2020-04-17T11:36:49","guid":{"rendered":"http:\/\/blogopara.com.br\/?p=9368"},"modified":"2020-04-17T08:36:53","modified_gmt":"2020-04-17T11:36:53","slug":"hospital-de-campanha-de-petrolina-com-100-leitos-deve-ficar-pronto-em-15-dias","status":"publish","type":"post","link":"https:\/\/blogopara.com.br\/index.php\/2020\/04\/17\/hospital-de-campanha-de-petrolina-com-100-leitos-deve-ficar-pronto-em-15-dias","title":{"rendered":"Hospital de campanha de Petrolina com 100 leitos deve ficar pronto em 15 dias"},"content":{"rendered":"<div style=\"text-align: justify;\">Um retiro da Igreja Cat\u00f3lica de Petrolina ser\u00e1 transformado em hospital de campanha para atendimento de pacientes com coronav\u00edrus. A montagem da estrutura j\u00e1 foi iniciada pela prefeitura e deve ficar pronta at\u00e9 o dia 30 de abril. O abrigo ter\u00e1 capacidade de 100 leitos para atender pacientes em est\u00e1gio intermedi\u00e1rio de tratamento da Covid-19.<\/div>\n<div style=\"text-align: justify;\">\u00a0<\/div>\n<div style=\"text-align: justify;\">O hospital de campanha ser\u00e1 adaptado no Centro Dom Carmelo, no bairro Pedra do Bode. A estrutura foi cedida pela Diocese e ter\u00e1 al\u00e9m dos 100 leitos, farm\u00e1cia, lavanderia, refeit\u00f3rio, sala administrativa e dep\u00f3sito de materiais. O hospital contar\u00e1 com uma for\u00e7a-tarefa de 159 profissionais de sa\u00fade (m\u00e9dicos, enfermeiros, t\u00e9cnicos de enfermagem, farmac\u00eauticos, maqueiros entre outros trabalhadores).<\/div>\n<div style=\"text-align: justify;\">\u00a0<\/div>\n<div>\n<div style=\"text-align: justify;\">As instala\u00e7\u00f5es em fase de adapta\u00e7\u00e3o foram visitadas pelo prefeito Miguel Coelho, nesta quarta (15). Segundo o gestor, o hospital se soma a outras estruturas mobilizadas pela Prefeitura de Petrolina para garantir atendimento amplo aos pacientes da Covid-19 e evitar a possibilidade de colapso na rede municipal de sa\u00fade. &#8220;Felizmente, Petrolina hoje tem uma situa\u00e7\u00e3o mais tranquila, s\u00e3o apenas seis casos confirmados e mais dois identificados pelos testes r\u00e1pidos. Mas nosso trabalho, o tempo todo, tem sido preventivo. Montamos um plano de guerra contra esse v\u00edrus em Petrolina com a ajuda de muitos parceiros como a Diocese. A UTI do Hospital Universit\u00e1rio j\u00e1 est\u00e1 pronta; temos um centro pioneiro de orienta\u00e7\u00e3o m\u00e9dica virtual; iniciamos a testagem r\u00e1pida; e vamos mobilizar um ex\u00e9rcito de profissionais da sa\u00fade. Torcemos para que n\u00e3o seja necess\u00e1rio usar toda essa estrutura, mas se o cont\u00e1gio aumentar em Petrolina, fizemos tudo que \u00e9 poss\u00edvel para enfrentar a Covid-19 e salvar vidas&#8221;, assegura o prefeito.<\/div>\n<\/div>\n<div>\u00a0<\/div>\n<pre>Fonte: Vale em Foco<\/pre>\n\n\n<p><\/p>\n","protected":false},"excerpt":{"rendered":"<p>Um retiro da Igreja Cat\u00f3lica de Petrolina ser\u00e1 transformado em hospital de campanha para atendimento de pacientes com coronav\u00edrus. A montagem da estrutura j\u00e1 foi iniciada pela prefeitura e deve ficar pronta at\u00e9 o dia 30 de abril. O abrigo ter\u00e1 capacidade de 100 leitos para atender pacientes em est\u00e1gio intermedi\u00e1rio de tratamento da Covid-19. [&hellip;]<\/p>\n","protected":false},"author":1,"featured_media":9369,"comment_status":"open","ping_status":"open","sticky":false,"template":"","format":"standard","meta":{"_uag_custom_page_level_css":"","_monsterinsights_skip_tracking":false,"_monsterinsights_sitenote_active":false,"_monsterinsights_sitenote_note":"","_monsterinsights_sitenote_category":0,"jetpack_post_was_ever_published":false,"_jetpack_newsletter_access":"","_jetpack_dont_email_post_to_subs":false,"_jetpack_newsletter_tier_id":0,"_jetpack_memberships_contains_paywalled_content":false,"_jetpack_memberships_contains_paid_content":false,"footnotes":"","jetpack_publicize_message":"","jetpack_publicize_feature_enabled":true,"jetpack_social_post_already_shared":true,"jetpack_social_options":{"image_generator_settings":{"template":"highway","default_image_id":0,"font":"","enabled":false},"version":2}},"categories":[851,205],"tags":[],"class_list":["post-9368","post","type-post","status-publish","format-standard","has-post-thumbnail","hentry","category-petrolina","category-saude"],"jetpack_publicize_connections":[],"jetpack_featured_media_url":"https:\/\/blogopara.com.br\/wp-content\/uploads\/2020\/04\/WhatsApp-Image-2020-04-16-at-23.43.57.jpeg","uagb_featured_image_src":{"full":["https:\/\/blogopara.com.br\/wp-content\/uploads\/2020\/04\/WhatsApp-Image-2020-04-16-at-23.43.57.jpeg",500,400,false],"thumbnail":["https:\/\/blogopara.com.br\/wp-content\/uploads\/2020\/04\/WhatsApp-Image-2020-04-16-at-23.43.57-150x150.jpeg",150,150,true],"medium":["https:\/\/blogopara.com.br\/wp-content\/uploads\/2020\/04\/WhatsApp-Image-2020-04-16-at-23.43.57-300x240.jpeg",300,240,true],"medium_large":["https:\/\/blogopara.com.br\/wp-content\/uploads\/2020\/04\/WhatsApp-Image-2020-04-16-at-23.43.57.jpeg",500,400,false],"large":["https:\/\/blogopara.com.br\/wp-content\/uploads\/2020\/04\/WhatsApp-Image-2020-04-16-at-23.43.57.jpeg",500,400,false],"1536x1536":["https:\/\/blogopara.com.br\/wp-content\/uploads\/2020\/04\/WhatsApp-Image-2020-04-16-at-23.43.57.jpeg",500,400,false],"2048x2048":["https:\/\/blogopara.com.br\/wp-content\/uploads\/2020\/04\/WhatsApp-Image-2020-04-16-at-23.43.57.jpeg",500,400,false],"mantranews-slider-large":["https:\/\/blogopara.com.br\/wp-content\/uploads\/2020\/04\/WhatsApp-Image-2020-04-16-at-23.43.57.jpeg",500,400,false],"mantranews-featured-medium":["https:\/\/blogopara.com.br\/wp-content\/uploads\/2020\/04\/WhatsApp-Image-2020-04-16-at-23.43.57-420x307.jpeg",420,307,true],"mantranews-featured-long":["https:\/\/blogopara.com.br\/wp-content\/uploads\/2020\/04\/WhatsApp-Image-2020-04-16-at-23.43.57-300x400.jpeg",300,400,true],"mantranews-block-medium":["https:\/\/blogopara.com.br\/wp-content\/uploads\/2020\/04\/WhatsApp-Image-2020-04-16-at-23.43.57-464x290.jpeg",464,290,true],"mantranews-carousel-image":["https:\/\/blogopara.com.br\/wp-content\/uploads\/2020\/04\/WhatsApp-Image-2020-04-16-at-23.43.57.jpeg",500,400,false],"mantranews-block-thumb":["https:\/\/blogopara.com.br\/wp-content\/uploads\/2020\/04\/WhatsApp-Image-2020-04-16-at-23.43.57-322x230.jpeg",322,230,true],"mantranews-single-large":["https:\/\/blogopara.com.br\/wp-content\/uploads\/2020\/04\/WhatsApp-Image-2020-04-16-at-23.43.57.jpeg",500,400,false]},"uagb_author_info":{"display_name":"Reda\u00e7\u00e3o geral","author_link":"https:\/\/blogopara.com.br\/index.php\/author\/blogopara"},"uagb_comment_info":0,"uagb_excerpt":"Um retiro da Igreja Cat\u00f3lica de Petrolina ser\u00e1 transformado em hospital de campanha para atendimento de pacientes com coronav\u00edrus. A montagem da estrutura j\u00e1 foi iniciada pela prefeitura e deve ficar pronta at\u00e9 o dia 30 de abril. O abrigo ter\u00e1 capacidade de 100 leitos para atender pacientes em est\u00e1gio intermedi\u00e1rio de tratamento da Covid-19.&hellip;","jetpack_sharing_enabled":true,"jetpack_likes_enabled":true,"_links":{"self":[{"href":"https:\/\/blogopara.com.br\/index.php\/wp-json\/wp\/v2\/posts\/9368","targetHints":{"allow":["GET"]}}],"collection":[{"href":"https:\/\/blogopara.com.br\/index.php\/wp-json\/wp\/v2\/posts"}],"about":[{"href":"https:\/\/blogopara.com.br\/index.php\/wp-json\/wp\/v2\/types\/post"}],"author":[{"embeddable":true,"href":"https:\/\/blogopara.com.br\/index.php\/wp-json\/wp\/v2\/users\/1"}],"replies":[{"embeddable":true,"href":"https:\/\/blogopara.com.br\/index.php\/wp-json\/wp\/v2\/comments?post=9368"}],"version-history":[{"count":1,"href":"https:\/\/blogopara.com.br\/index.php\/wp-json\/wp\/v2\/posts\/9368\/revisions"}],"predecessor-version":[{"id":9370,"href":"https:\/\/blogopara.com.br\/index.php\/wp-json\/wp\/v2\/posts\/9368\/revisions\/9370"}],"wp:featuredmedia":[{"embeddable":true,"href":"https:\/\/blogopara.com.br\/index.php\/wp-json\/wp\/v2\/media\/9369"}],"wp:attachment":[{"href":"https:\/\/blogopara.com.br\/index.php\/wp-json\/wp\/v2\/media?parent=9368"}],"wp:term":[{"taxonomy":"category","embeddable":true,"href":"https:\/\/blogopara.com.br\/index.php\/wp-json\/wp\/v2\/categories?post=9368"},{"taxonomy":"post_tag","embeddable":true,"href":"https:\/\/blogopara.com.br\/index.php\/wp-json\/wp\/v2\/tags?post=9368"}],"curies":[{"name":"wp","href":"https:\/\/api.w.org\/{rel}","templated":true}]}}