{"id":9514,"date":"2020-04-20T20:11:59","date_gmt":"2020-04-20T23:11:59","guid":{"rendered":"http:\/\/blogopara.com.br\/?p=9514"},"modified":"2020-04-20T20:12:04","modified_gmt":"2020-04-20T23:12:04","slug":"coronavirus-bahia-tem-342-pessoas-curadas-do-novo-coronavirus","status":"publish","type":"post","link":"https:\/\/blogopara.com.br\/index.php\/2020\/04\/20\/coronavirus-bahia-tem-342-pessoas-curadas-do-novo-coronavirus","title":{"rendered":"Coronav\u00edrus: Bahia tem 342 pessoas curadas do novo coronav\u00edrus"},"content":{"rendered":"<p style=\"text-align: justify;\"><span style=\"font-size: inherit;\">A Bahia registrou at\u00e9 as 12h desta segunda-feira (20) a recupera\u00e7\u00e3o de 342 pessoas do novo coronav\u00edrus (Covid-19). Os dados s\u00e3o da Secretaria da Sa\u00fade do Estado (Sesab). Segundo a pasta,<\/span><strong style=\"font-size: inherit;\"><a href=\"https:\/\/www.bnews.com.br\/noticias\/saude\/coronavirus\/265798,mais-92-pessoas-testam-positivo-para-covid-19-na-bahia-numero-de-infectados-sobe-para-1341.html\" target=\"_blank\" rel=\"noopener noreferrer\">\u00a0ao todo s\u00e3o 1.341 confirma\u00e7\u00f5es da doen\u00e7a em 91 munic\u00edpios baianos<\/a><\/strong><span style=\"font-size: inherit;\">. At\u00e9 o momento, 5.293 casos foram descartados e 148 encontram-se internadas, sendo 52 em UTI.<\/span><\/p>\n<div class=\"desc-noticia\">\n<p style=\"text-align: justify;\">Neste domingo (19), a vi\u00fava do funqueiro Mc Dumel, Andreza Bacellar,\u00a0<strong><a href=\"https:\/\/www.bnews.com.br\/noticias\/principal\/coronavirus\/265754,viuva-de-mc-dumel-e-curada-da-covid-19-e-recebe-alta-hospitalar.html\" target=\"_blank\" rel=\"noopener noreferrer\">recebeu alta do Hospital Couto Maia<\/a><\/strong>, em Salvador. O artista morreu na \u00faltima quinta-feira (17), v\u00edtima do novo coronav\u00edrus.<\/p>\n<p style=\"text-align: justify;\">&#8220;Hoje estou indo pra casa, mas n\u00e3o para a nossa, vou para a casa da nossa fam\u00edlia, para ser cuidada, amada, e viver meu luto. O meu sonho era sairmos daqui de m\u00e3os dadas, \u00a0curados, e irmos pra nossa casinha, que planejamos com tanto amor&#8221;, disse.<\/p>\n<p style=\"text-align: justify;\">O n\u00famero de recuperados no Brasil n\u00e3o foi atualizado pelo Minist\u00e9rio da Sa\u00fade e permanece em 14.026, que representa cerca de 38% dos infectados. Os \u00faltimos dados sobre as pessoas curadas s\u00e3o de sexta (18), quando o n\u00famero de casos confirmados estava em 36.599 no pa\u00eds.\u00a0Conforme levantamento di\u00e1rio feito pela pasta, o Brasil tem 38.654 casos confirmados da doen\u00e7a e 2.462 mortes foram registradas. A taxa de letalidade \u00e9 de 6,4%.<\/p>\n<p style=\"text-align: justify;\">A Regi\u00e3o Sudeste registra 21.285 (55,1%) casos confirmados da doen\u00e7a. Em seguida, aparecem as regi\u00f5es Nordeste, com 9.300 (24,1%); Norte, com 3.691 (9,5%); Sul, com 2.816 (7,3%), e Centro-Oeste, com 1.562 (4%).<\/p>\n<pre style=\"text-align: justify;\">Fonte: Bnews\n<\/pre>\n<\/div>\n","protected":false},"excerpt":{"rendered":"<p>A Bahia registrou at\u00e9 as 12h desta segunda-feira (20) a recupera\u00e7\u00e3o de 342 pessoas do novo coronav\u00edrus (Covid-19). Os dados s\u00e3o da Secretaria da Sa\u00fade do Estado (Sesab). Segundo a pasta,\u00a0ao todo s\u00e3o 1.341 confirma\u00e7\u00f5es da doen\u00e7a em 91 munic\u00edpios baianos. At\u00e9 o momento, 5.293 casos foram descartados e 148 encontram-se internadas, sendo 52 em [&hellip;]<\/p>\n","protected":false},"author":1,"featured_media":9515,"comment_status":"open","ping_status":"open","sticky":false,"template":"","format":"standard","meta":{"_uag_custom_page_level_css":"","_monsterinsights_skip_tracking":false,"_monsterinsights_sitenote_active":false,"_monsterinsights_sitenote_note":"","_monsterinsights_sitenote_category":0,"jetpack_post_was_ever_published":false,"_jetpack_newsletter_access":"","_jetpack_dont_email_post_to_subs":false,"_jetpack_newsletter_tier_id":0,"_jetpack_memberships_contains_paywalled_content":false,"_jetpack_memberships_contains_paid_content":false,"footnotes":"","jetpack_publicize_message":"","jetpack_publicize_feature_enabled":true,"jetpack_social_post_already_shared":true,"jetpack_social_options":{"image_generator_settings":{"template":"highway","default_image_id":0,"font":"","enabled":false},"version":2}},"categories":[199],"tags":[],"class_list":["post-9514","post","type-post","status-publish","format-standard","has-post-thumbnail","hentry","category-bahia"],"jetpack_publicize_connections":[],"jetpack_featured_media_url":"https:\/\/blogopara.com.br\/wp-content\/uploads\/2020\/04\/IMAGEM_NOTICIA_0.jpg","uagb_featured_image_src":{"full":["https:\/\/blogopara.com.br\/wp-content\/uploads\/2020\/04\/IMAGEM_NOTICIA_0.jpg",500,280,false],"thumbnail":["https:\/\/blogopara.com.br\/wp-content\/uploads\/2020\/04\/IMAGEM_NOTICIA_0-150x150.jpg",150,150,true],"medium":["https:\/\/blogopara.com.br\/wp-content\/uploads\/2020\/04\/IMAGEM_NOTICIA_0-300x168.jpg",300,168,true],"medium_large":["https:\/\/blogopara.com.br\/wp-content\/uploads\/2020\/04\/IMAGEM_NOTICIA_0.jpg",500,280,false],"large":["https:\/\/blogopara.com.br\/wp-content\/uploads\/2020\/04\/IMAGEM_NOTICIA_0.jpg",500,280,false],"1536x1536":["https:\/\/blogopara.com.br\/wp-content\/uploads\/2020\/04\/IMAGEM_NOTICIA_0.jpg",500,280,false],"2048x2048":["https:\/\/blogopara.com.br\/wp-content\/uploads\/2020\/04\/IMAGEM_NOTICIA_0.jpg",500,280,false],"mantranews-slider-large":["https:\/\/blogopara.com.br\/wp-content\/uploads\/2020\/04\/IMAGEM_NOTICIA_0.jpg",500,280,false],"mantranews-featured-medium":["https:\/\/blogopara.com.br\/wp-content\/uploads\/2020\/04\/IMAGEM_NOTICIA_0-420x280.jpg",420,280,true],"mantranews-featured-long":["https:\/\/blogopara.com.br\/wp-content\/uploads\/2020\/04\/IMAGEM_NOTICIA_0-300x280.jpg",300,280,true],"mantranews-block-medium":["https:\/\/blogopara.com.br\/wp-content\/uploads\/2020\/04\/IMAGEM_NOTICIA_0-464x280.jpg",464,280,true],"mantranews-carousel-image":["https:\/\/blogopara.com.br\/wp-content\/uploads\/2020\/04\/IMAGEM_NOTICIA_0.jpg",500,280,false],"mantranews-block-thumb":["https:\/\/blogopara.com.br\/wp-content\/uploads\/2020\/04\/IMAGEM_NOTICIA_0-322x230.jpg",322,230,true],"mantranews-single-large":["https:\/\/blogopara.com.br\/wp-content\/uploads\/2020\/04\/IMAGEM_NOTICIA_0.jpg",500,280,false]},"uagb_author_info":{"display_name":"Reda\u00e7\u00e3o geral","author_link":"https:\/\/blogopara.com.br\/index.php\/author\/blogopara"},"uagb_comment_info":0,"uagb_excerpt":"A Bahia registrou at\u00e9 as 12h desta segunda-feira (20) a recupera\u00e7\u00e3o de 342 pessoas do novo coronav\u00edrus (Covid-19). Os dados s\u00e3o da Secretaria da Sa\u00fade do Estado (Sesab). Segundo a pasta,\u00a0ao todo s\u00e3o 1.341 confirma\u00e7\u00f5es da doen\u00e7a em 91 munic\u00edpios baianos. At\u00e9 o momento, 5.293 casos foram descartados e 148 encontram-se internadas, sendo 52 em&hellip;","jetpack_sharing_enabled":true,"jetpack_likes_enabled":true,"_links":{"self":[{"href":"https:\/\/blogopara.com.br\/index.php\/wp-json\/wp\/v2\/posts\/9514","targetHints":{"allow":["GET"]}}],"collection":[{"href":"https:\/\/blogopara.com.br\/index.php\/wp-json\/wp\/v2\/posts"}],"about":[{"href":"https:\/\/blogopara.com.br\/index.php\/wp-json\/wp\/v2\/types\/post"}],"author":[{"embeddable":true,"href":"https:\/\/blogopara.com.br\/index.php\/wp-json\/wp\/v2\/users\/1"}],"replies":[{"embeddable":true,"href":"https:\/\/blogopara.com.br\/index.php\/wp-json\/wp\/v2\/comments?post=9514"}],"version-history":[{"count":1,"href":"https:\/\/blogopara.com.br\/index.php\/wp-json\/wp\/v2\/posts\/9514\/revisions"}],"predecessor-version":[{"id":9516,"href":"https:\/\/blogopara.com.br\/index.php\/wp-json\/wp\/v2\/posts\/9514\/revisions\/9516"}],"wp:featuredmedia":[{"embeddable":true,"href":"https:\/\/blogopara.com.br\/index.php\/wp-json\/wp\/v2\/media\/9515"}],"wp:attachment":[{"href":"https:\/\/blogopara.com.br\/index.php\/wp-json\/wp\/v2\/media?parent=9514"}],"wp:term":[{"taxonomy":"category","embeddable":true,"href":"https:\/\/blogopara.com.br\/index.php\/wp-json\/wp\/v2\/categories?post=9514"},{"taxonomy":"post_tag","embeddable":true,"href":"https:\/\/blogopara.com.br\/index.php\/wp-json\/wp\/v2\/tags?post=9514"}],"curies":[{"name":"wp","href":"https:\/\/api.w.org\/{rel}","templated":true}]}}