{"id":9581,"date":"2020-04-22T23:03:12","date_gmt":"2020-04-23T02:03:12","guid":{"rendered":"http:\/\/blogopara.com.br\/?p=9581"},"modified":"2020-04-22T23:03:17","modified_gmt":"2020-04-23T02:03:17","slug":"morador-denuncia-a-realidade-caotica-do-bairro-antonio-guilhermino","status":"publish","type":"post","link":"https:\/\/blogopara.com.br\/index.php\/2020\/04\/22\/morador-denuncia-a-realidade-caotica-do-bairro-antonio-guilhermino","title":{"rendered":"Morador denuncia a realidade ca\u00f3tica do bairro Antonio Guilhermino"},"content":{"rendered":"<div class=\"_1dwg _1w_m _q7o\" data-vc-ignore-dynamic=\"1\">\n<div>\n<div class=\"_3x-2\" data-ft=\"{&quot;tn&quot;:&quot;H&quot;}\">\n<div>\n<div class=\"_5r69 _sds _1hvl\">\n<div class=\"mts\">\n<div class=\"mtm _5pcm\">\n<div class=\"mtm _5pco\" data-testid=\"post_message\" data-ft=\"{&quot;tn&quot;:&quot;K&quot;}\">\n<p style=\"text-align: justify;\">Morador que n\u00e3o quis se identificar, denuncia a triste realidade das ruas do bairro Antonio Guilhermino, muito revoltado ele questiona a gest\u00e3o municipal &#8220;s\u00e3o uns irrespons\u00e1veis, aqui mora gente que paga os seus impostos, precisamos de uma maior aten\u00e7\u00e3o do prefeito&#8221;<\/p>\n<p style=\"text-align: justify;\">Ele relata a situa\u00e7\u00e3o ca\u00f3tica da rua 13, \u00e9 inadmiss\u00edvel que cidad\u00e3os ainda tenham que ser submetidos a viver numa situa\u00e7\u00e3o de total abandono por parte da prefeitura de Juazeiro.<\/p>\n<p style=\"text-align: justify;\">As ruas e avenidas do bairro Ant\u00f4nio Guilhermino o descaso \u00e9 total com o abandono dos servi\u00e7os p\u00fablicos. N\u00e3o h\u00e1 pavimenta\u00e7\u00e3o do local e tamb\u00e9m falta saneamento. As vias est\u00e3o alagadas e a \u00e1gua da chuva se mistura ao esgoto e toma toda a extens\u00e3o das ruas.<\/p>\n<p style=\"text-align: justify;\">Os problemas s\u00e3o antigos, mas para piorar a situa\u00e7\u00e3o, est\u00e3o com um saneamento no bairro que est\u00e3o acabado com as ruas e avenidas deixando pior do que era. A situa\u00e7\u00e3o \u00e9 triste e os moradores n\u00e3o podem nem sair de suas casas pois a lama n\u00e3o deixa.<\/p>\n<p style=\"text-align: justify;\">Um desrespeito total com os moradores do bairro. As cal\u00e7adas s\u00e3o tomadas por mato e sujeira. Os moradores vivem pisando na lama por n\u00e3o tem por onde passar, at\u00e9 os carros ent\u00e3o com dificuldade de transitar dentro do bairro. Os comerciantes tudo com a lama e \u00e1gua dentro dos seus estabelecimentos. N\u00e3o tem respeito com a popula\u00e7\u00e3o que vota.<\/p>\n<p style=\"text-align: justify;\">Quando chegam as elei\u00e7\u00f5es, eles vem no bairro cobrando os voto, mas eles n\u00e3o cumprem seus deveres, e os moradores ficam sofrendo com essa situa\u00e7\u00e3o\u201d, criticou o cidad\u00e3o revoltado.<\/p>\n<\/div>\n<\/div>\n<\/div>\n<\/div>\n<\/div>\n<\/div>\n<\/div>\n<\/div>\n<div>\n<form id=\"u_fetchstream_1_c\" class=\"commentable_item\" action=\"https:\/\/www.facebook.com\/ajax\/ufi\/modify.php\" method=\"post\" data-ft=\"{&quot;tn&quot;:&quot;]&quot;}\">\n<div class=\"_4299\">\n<div class=\"_5vsi\" style=\"text-align: justify;\"><\/div>\n<div>\n<div class=\"_78bu\">\n<div class=\"_68wo\">\n<div class=\"_3vum\">\n<div class=\"_66lg\" style=\"text-align: justify;\"><\/div>\n<\/div>\n<\/div>\n<\/div>\n<\/div>\n<\/div>\n<\/form>\n<\/div>\n","protected":false},"excerpt":{"rendered":"<p>Morador que n\u00e3o quis se identificar, denuncia a triste realidade das ruas do bairro Antonio Guilhermino, muito revoltado ele questiona a gest\u00e3o municipal &#8220;s\u00e3o uns irrespons\u00e1veis, aqui mora gente que paga os seus impostos, precisamos de uma maior aten\u00e7\u00e3o do prefeito&#8221; Ele relata a situa\u00e7\u00e3o ca\u00f3tica da rua 13, \u00e9 inadmiss\u00edvel que cidad\u00e3os ainda tenham [&hellip;]<\/p>\n","protected":false},"author":1,"featured_media":9582,"comment_status":"open","ping_status":"open","sticky":false,"template":"","format":"standard","meta":{"_uag_custom_page_level_css":"","_monsterinsights_skip_tracking":false,"_monsterinsights_sitenote_active":false,"_monsterinsights_sitenote_note":"","_monsterinsights_sitenote_category":0,"jetpack_post_was_ever_published":false,"_jetpack_newsletter_access":"","_jetpack_dont_email_post_to_subs":false,"_jetpack_newsletter_tier_id":0,"_jetpack_memberships_contains_paywalled_content":false,"_jetpack_memberships_contains_paid_content":false,"footnotes":"","jetpack_publicize_message":"","jetpack_publicize_feature_enabled":true,"jetpack_social_post_already_shared":true,"jetpack_social_options":{"image_generator_settings":{"template":"highway","default_image_id":0,"font":"","enabled":false},"version":2}},"categories":[203,197,205],"tags":[],"class_list":["post-9581","post","type-post","status-publish","format-standard","has-post-thumbnail","hentry","category-juazeiro","category-politica","category-saude"],"jetpack_publicize_connections":[],"jetpack_featured_media_url":"https:\/\/blogopara.com.br\/wp-content\/uploads\/2020\/04\/at.jpg","uagb_featured_image_src":{"full":["https:\/\/blogopara.com.br\/wp-content\/uploads\/2020\/04\/at.jpg",500,500,false],"thumbnail":["https:\/\/blogopara.com.br\/wp-content\/uploads\/2020\/04\/at-150x150.jpg",150,150,true],"medium":["https:\/\/blogopara.com.br\/wp-content\/uploads\/2020\/04\/at-300x300.jpg",300,300,true],"medium_large":["https:\/\/blogopara.com.br\/wp-content\/uploads\/2020\/04\/at.jpg",500,500,false],"large":["https:\/\/blogopara.com.br\/wp-content\/uploads\/2020\/04\/at.jpg",500,500,false],"1536x1536":["https:\/\/blogopara.com.br\/wp-content\/uploads\/2020\/04\/at.jpg",500,500,false],"2048x2048":["https:\/\/blogopara.com.br\/wp-content\/uploads\/2020\/04\/at.jpg",500,500,false],"mantranews-slider-large":["https:\/\/blogopara.com.br\/wp-content\/uploads\/2020\/04\/at.jpg",500,500,false],"mantranews-featured-medium":["https:\/\/blogopara.com.br\/wp-content\/uploads\/2020\/04\/at-420x307.jpg",420,307,true],"mantranews-featured-long":["https:\/\/blogopara.com.br\/wp-content\/uploads\/2020\/04\/at-300x443.jpg",300,443,true],"mantranews-block-medium":["https:\/\/blogopara.com.br\/wp-content\/uploads\/2020\/04\/at-464x290.jpg",464,290,true],"mantranews-carousel-image":["https:\/\/blogopara.com.br\/wp-content\/uploads\/2020\/04\/at.jpg",500,500,false],"mantranews-block-thumb":["https:\/\/blogopara.com.br\/wp-content\/uploads\/2020\/04\/at-322x230.jpg",322,230,true],"mantranews-single-large":["https:\/\/blogopara.com.br\/wp-content\/uploads\/2020\/04\/at.jpg",500,500,false]},"uagb_author_info":{"display_name":"Reda\u00e7\u00e3o geral","author_link":"https:\/\/blogopara.com.br\/index.php\/author\/blogopara"},"uagb_comment_info":0,"uagb_excerpt":"Morador que n\u00e3o quis se identificar, denuncia a triste realidade das ruas do bairro Antonio Guilhermino, muito revoltado ele questiona a gest\u00e3o municipal &#8220;s\u00e3o uns irrespons\u00e1veis, aqui mora gente que paga os seus impostos, precisamos de uma maior aten\u00e7\u00e3o do prefeito&#8221; Ele relata a situa\u00e7\u00e3o ca\u00f3tica da rua 13, \u00e9 inadmiss\u00edvel que cidad\u00e3os ainda tenham&hellip;","jetpack_sharing_enabled":true,"jetpack_likes_enabled":true,"_links":{"self":[{"href":"https:\/\/blogopara.com.br\/index.php\/wp-json\/wp\/v2\/posts\/9581","targetHints":{"allow":["GET"]}}],"collection":[{"href":"https:\/\/blogopara.com.br\/index.php\/wp-json\/wp\/v2\/posts"}],"about":[{"href":"https:\/\/blogopara.com.br\/index.php\/wp-json\/wp\/v2\/types\/post"}],"author":[{"embeddable":true,"href":"https:\/\/blogopara.com.br\/index.php\/wp-json\/wp\/v2\/users\/1"}],"replies":[{"embeddable":true,"href":"https:\/\/blogopara.com.br\/index.php\/wp-json\/wp\/v2\/comments?post=9581"}],"version-history":[{"count":1,"href":"https:\/\/blogopara.com.br\/index.php\/wp-json\/wp\/v2\/posts\/9581\/revisions"}],"predecessor-version":[{"id":9583,"href":"https:\/\/blogopara.com.br\/index.php\/wp-json\/wp\/v2\/posts\/9581\/revisions\/9583"}],"wp:featuredmedia":[{"embeddable":true,"href":"https:\/\/blogopara.com.br\/index.php\/wp-json\/wp\/v2\/media\/9582"}],"wp:attachment":[{"href":"https:\/\/blogopara.com.br\/index.php\/wp-json\/wp\/v2\/media?parent=9581"}],"wp:term":[{"taxonomy":"category","embeddable":true,"href":"https:\/\/blogopara.com.br\/index.php\/wp-json\/wp\/v2\/categories?post=9581"},{"taxonomy":"post_tag","embeddable":true,"href":"https:\/\/blogopara.com.br\/index.php\/wp-json\/wp\/v2\/tags?post=9581"}],"curies":[{"name":"wp","href":"https:\/\/api.w.org\/{rel}","templated":true}]}}