{"id":9662,"date":"2020-04-25T06:31:33","date_gmt":"2020-04-25T09:31:33","guid":{"rendered":"http:\/\/blogopara.com.br\/?p=9662"},"modified":"2020-04-25T18:38:43","modified_gmt":"2020-04-25T21:38:43","slug":"curtas-e-venenosas-25-04","status":"publish","type":"post","link":"https:\/\/blogopara.com.br\/index.php\/2020\/04\/25\/curtas-e-venenosas-25-04","title":{"rendered":"Curtas e venenosas &#8211; 25-04"},"content":{"rendered":"<p style=\"text-align: justify;\"><strong>O amor estar em alta\u00a0 \u00a0 \u00a0 \u00a0 \u00a0 \u00a0 \u00a0 \u00a0 \u00a0 \u00a0 \u00a0 \u00a0 \u00a0 \u00a0 \u00a0 \u00a0 \u00a0 \u00a0 \u00a0 \u00a0 \u00a0 \u00a0 \u00a0 \u00a0 \u00a0 \u00a0 \u00a0 \u00a0 \u00a0 \u00a0 \u00a0 \u00a0 \u00a0 \u00a0 \u00a0 \u00a0 \u00a0 \u00a0 \u00a0 \u00a0 \u00a0 \u00a0<\/strong><\/p>\n<p style=\"text-align: justify;\">Comenta-se nas ruas que o vereador Anderson da Ilumina\u00e7\u00e3o declarou que ama mais Isaac Carvalho do que a sua pr\u00f3pria esposa. Haja amor!<\/p>\n<p style=\"text-align: justify;\"><strong>Caladinha<\/strong><\/p>\n<p style=\"text-align: justify;\">A vereadora Neguinha da Santa Casa depois que foi para a base do governo, mudou o seu nome para Mudinha da Santa Casa.<\/p>\n<p style=\"text-align: justify;\"><strong>S\u00edndrome de Rubinho Barrichello\u00a0 \u00a0 \u00a0 \u00a0 \u00a0 \u00a0 \u00a0 \u00a0 \u00a0 \u00a0 \u00a0 \u00a0 \u00a0 \u00a0 \u00a0 \u00a0 \u00a0 \u00a0 \u00a0 \u00a0 \u00a0 \u00a0 \u00a0 \u00a0 \u00a0 \u00a0 \u00a0 \u00a0 \u00a0 \u00a0 \u00a0 \u00a0<\/strong><\/p>\n<p style=\"text-align: justify;\">Assim tem sido a gest\u00e3o do prefeito Paulo Bomfim (PT) na compra dos testes r\u00e1pidos, a pandemia vai passar, e os testes n\u00e3o chegam.<\/p>\n<p style=\"text-align: justify;\"><strong>Duas-caras\u00a0 \u00a0<\/strong><\/p>\n<p style=\"text-align: justify;\">Isaac Carvalho anda meio desconfiado com a postura de Alex Tanuri, desde a campanha de 2018 que a fam\u00edlia do vereador tenta dar um &#8220;canto de carroceria&#8221; no coron\u00e9.<\/p>\n<p style=\"text-align: justify;\"><strong>Fundo do po\u00e7o\u00a0 \u00a0\u00a0 \u00a0 \u00a0 \u00a0 \u00a0 \u00a0 \u00a0 \u00a0 \u00a0 \u00a0 \u00a0 \u00a0 \u00a0 \u00a0 \u00a0 \u00a0 \u00a0 \u00a0 \u00a0 \u00a0 \u00a0 \u00a0 \u00a0 \u00a0 \u00a0 \u00a0 \u00a0 \u00a0 \u00a0 \u00a0 \u00a0 \u00a0 \u00a0 \u00a0 \u00a0 \u00a0 \u00a0 \u00a0 \u00a0 \u00a0 \u00a0 \u00a0 \u00a0 \u00a0 \u00a0 \u00a0 \u00a0 \u00a0 \u00a0 \u00a0 \u00a0 \u00a0 \u00a0 <\/strong><\/p>\n<p style=\"text-align: justify;\">Os feirantes do mercado Joca de Souza e das feiras livres est\u00e3o desesperados, o prefeito Paulo Bomfim fechou de surpresa as feiras e o mercado. Tem gente que n\u00e3o sabe como vai pagar os d\u00e9bitos e sustentar a fam\u00edlia.<\/p>\n<p style=\"text-align: justify;\"><strong>Um militar para chamar de seu\u00a0 \u00a0 \u00a0 \u00a0 \u00a0 \u00a0 \u00a0 \u00a0 \u00a0 \u00a0 \u00a0 \u00a0 \u00a0 \u00a0 \u00a0 \u00a0 \u00a0 \u00a0 \u00a0 \u00a0 \u00a0 \u00a0 \u00a0 \u00a0 \u00a0 \u00a0 \u00a0 \u00a0 \u00a0 \u00a0 \u00a0 \u00a0 \u00a0 \u00a0 \u00a0 \u00a0 \u00a0 \u00a0 <\/strong><\/p>\n<p style=\"text-align: justify;\">O grupo de Isaac Carvalho bem que tentou buscar um nome nos quadros da briosa Pol\u00edcia Militar para ser vice de Paulo Bomfim, mas a todos que eles procuraram, a resposta foi um sonoro n\u00e3ooo!<\/p>\n<p style=\"text-align: justify;\"><strong>Nada de acordo\u00a0 \u00a0 \u00a0 \u00a0 \u00a0 \u00a0 \u00a0 \u00a0 \u00a0 \u00a0 \u00a0 \u00a0 \u00a0 \u00a0 \u00a0 \u00a0 \u00a0 \u00a0 \u00a0 \u00a0 \u00a0 \u00a0 \u00a0 \u00a0 \u00a0 \u00a0 \u00a0 \u00a0 \u00a0 \u00a0 \u00a0 \u00a0 \u00a0 \u00a0 \u00a0 \u00a0 \u00a0 \u00a0 \u00a0 \u00a0 \u00a0 \u00a0 \u00a0 \u00a0 \u00a0 \u00a0 \u00a0 \u00a0 \u00a0 \u00a0 \u00a0 \u00a0 \u00a0 \u00a0 \u00a0 <\/strong><\/p>\n<p style=\"text-align: justify;\">A gest\u00e3o municipal bem que tentou empurrar alguns vereadores nos partidos menores, mas n\u00e3o obteve sucesso. Alguns vereadores j\u00e1 est\u00e3o em clima de despedida da C\u00e2mara de Vereadores.<\/p>\n<p style=\"text-align: justify;\"><strong>Comprou gato por lebre\u00a0 \u00a0 \u00a0 \u00a0 \u00a0 \u00a0 \u00a0 \u00a0 \u00a0 \u00a0 \u00a0 \u00a0 \u00a0 \u00a0 \u00a0 \u00a0 \u00a0 \u00a0 \u00a0 \u00a0 \u00a0 \u00a0 \u00a0 \u00a0 \u00a0 \u00a0 \u00a0 \u00a0 \u00a0 \u00a0 \u00a0 \u00a0 \u00a0 \u00a0 \u00a0 \u00a0 \u00a0 \u00a0 \u00a0 \u00a0 \u00a0 \u00a0 \u00a0 \u00a0 \u00a0 \u00a0 <\/strong><\/p>\n<p style=\"text-align: justify;\">O vereador Fabinho de Pinh\u00f5es gravou v\u00eddeo de apoio ao vereador Alex Tanuri para a campanha de 2020. Alex todo entusiasmado com o apoio n\u00e3o verificou que o vereador Fabinho somente teve 200 miser\u00e1veis votos no Distrito de Pinh\u00f5es. Agora \u00e9 tarde, e In\u00eas \u00e9 morta!<\/p>\n<p style=\"text-align: justify;\">\n","protected":false},"excerpt":{"rendered":"<p>O amor estar em alta\u00a0 \u00a0 \u00a0 \u00a0 \u00a0 \u00a0 \u00a0 \u00a0 \u00a0 \u00a0 \u00a0 \u00a0 \u00a0 \u00a0 \u00a0 \u00a0 \u00a0 \u00a0 \u00a0 \u00a0 \u00a0 \u00a0 \u00a0 \u00a0 \u00a0 \u00a0 \u00a0 \u00a0 \u00a0 \u00a0 \u00a0 \u00a0 \u00a0 \u00a0 \u00a0 \u00a0 \u00a0 \u00a0 \u00a0 \u00a0 \u00a0 \u00a0 Comenta-se nas ruas que o vereador Anderson da Ilumina\u00e7\u00e3o [&hellip;]<\/p>\n","protected":false},"author":1,"featured_media":9663,"comment_status":"open","ping_status":"open","sticky":false,"template":"","format":"standard","meta":{"_uag_custom_page_level_css":"","_monsterinsights_skip_tracking":false,"_monsterinsights_sitenote_active":false,"_monsterinsights_sitenote_note":"","_monsterinsights_sitenote_category":0,"jetpack_post_was_ever_published":false,"_jetpack_newsletter_access":"","_jetpack_dont_email_post_to_subs":false,"_jetpack_newsletter_tier_id":0,"_jetpack_memberships_contains_paywalled_content":false,"_jetpack_memberships_contains_paid_content":false,"footnotes":"","jetpack_publicize_message":"","jetpack_publicize_feature_enabled":true,"jetpack_social_post_already_shared":true,"jetpack_social_options":{"image_generator_settings":{"template":"highway","default_image_id":0,"font":"","enabled":false},"version":2}},"categories":[203],"tags":[],"class_list":["post-9662","post","type-post","status-publish","format-standard","has-post-thumbnail","hentry","category-juazeiro"],"jetpack_publicize_connections":[],"jetpack_featured_media_url":"https:\/\/blogopara.com.br\/wp-content\/uploads\/2020\/04\/cobrita.png","uagb_featured_image_src":{"full":["https:\/\/blogopara.com.br\/wp-content\/uploads\/2020\/04\/cobrita.png",400,367,false],"thumbnail":["https:\/\/blogopara.com.br\/wp-content\/uploads\/2020\/04\/cobrita-150x150.png",150,150,true],"medium":["https:\/\/blogopara.com.br\/wp-content\/uploads\/2020\/04\/cobrita-300x275.png",300,275,true],"medium_large":["https:\/\/blogopara.com.br\/wp-content\/uploads\/2020\/04\/cobrita.png",400,367,false],"large":["https:\/\/blogopara.com.br\/wp-content\/uploads\/2020\/04\/cobrita.png",400,367,false],"1536x1536":["https:\/\/blogopara.com.br\/wp-content\/uploads\/2020\/04\/cobrita.png",400,367,false],"2048x2048":["https:\/\/blogopara.com.br\/wp-content\/uploads\/2020\/04\/cobrita.png",400,367,false],"mantranews-slider-large":["https:\/\/blogopara.com.br\/wp-content\/uploads\/2020\/04\/cobrita.png",400,367,false],"mantranews-featured-medium":["https:\/\/blogopara.com.br\/wp-content\/uploads\/2020\/04\/cobrita-400x307.png",400,307,true],"mantranews-featured-long":["https:\/\/blogopara.com.br\/wp-content\/uploads\/2020\/04\/cobrita-300x367.png",300,367,true],"mantranews-block-medium":["https:\/\/blogopara.com.br\/wp-content\/uploads\/2020\/04\/cobrita-400x290.png",400,290,true],"mantranews-carousel-image":["https:\/\/blogopara.com.br\/wp-content\/uploads\/2020\/04\/cobrita.png",400,367,false],"mantranews-block-thumb":["https:\/\/blogopara.com.br\/wp-content\/uploads\/2020\/04\/cobrita-322x230.png",322,230,true],"mantranews-single-large":["https:\/\/blogopara.com.br\/wp-content\/uploads\/2020\/04\/cobrita.png",400,367,false]},"uagb_author_info":{"display_name":"Reda\u00e7\u00e3o geral","author_link":"https:\/\/blogopara.com.br\/index.php\/author\/blogopara"},"uagb_comment_info":0,"uagb_excerpt":"O amor estar em alta\u00a0 \u00a0 \u00a0 \u00a0 \u00a0 \u00a0 \u00a0 \u00a0 \u00a0 \u00a0 \u00a0 \u00a0 \u00a0 \u00a0 \u00a0 \u00a0 \u00a0 \u00a0 \u00a0 \u00a0 \u00a0 \u00a0 \u00a0 \u00a0 \u00a0 \u00a0 \u00a0 \u00a0 \u00a0 \u00a0 \u00a0 \u00a0 \u00a0 \u00a0 \u00a0 \u00a0 \u00a0 \u00a0 \u00a0 \u00a0 \u00a0 \u00a0 Comenta-se nas ruas que o vereador Anderson da Ilumina\u00e7\u00e3o&hellip;","jetpack_sharing_enabled":true,"jetpack_likes_enabled":true,"_links":{"self":[{"href":"https:\/\/blogopara.com.br\/index.php\/wp-json\/wp\/v2\/posts\/9662","targetHints":{"allow":["GET"]}}],"collection":[{"href":"https:\/\/blogopara.com.br\/index.php\/wp-json\/wp\/v2\/posts"}],"about":[{"href":"https:\/\/blogopara.com.br\/index.php\/wp-json\/wp\/v2\/types\/post"}],"author":[{"embeddable":true,"href":"https:\/\/blogopara.com.br\/index.php\/wp-json\/wp\/v2\/users\/1"}],"replies":[{"embeddable":true,"href":"https:\/\/blogopara.com.br\/index.php\/wp-json\/wp\/v2\/comments?post=9662"}],"version-history":[{"count":17,"href":"https:\/\/blogopara.com.br\/index.php\/wp-json\/wp\/v2\/posts\/9662\/revisions"}],"predecessor-version":[{"id":9697,"href":"https:\/\/blogopara.com.br\/index.php\/wp-json\/wp\/v2\/posts\/9662\/revisions\/9697"}],"wp:featuredmedia":[{"embeddable":true,"href":"https:\/\/blogopara.com.br\/index.php\/wp-json\/wp\/v2\/media\/9663"}],"wp:attachment":[{"href":"https:\/\/blogopara.com.br\/index.php\/wp-json\/wp\/v2\/media?parent=9662"}],"wp:term":[{"taxonomy":"category","embeddable":true,"href":"https:\/\/blogopara.com.br\/index.php\/wp-json\/wp\/v2\/categories?post=9662"},{"taxonomy":"post_tag","embeddable":true,"href":"https:\/\/blogopara.com.br\/index.php\/wp-json\/wp\/v2\/tags?post=9662"}],"curies":[{"name":"wp","href":"https:\/\/api.w.org\/{rel}","templated":true}]}}