{"id":9699,"date":"2020-04-25T08:52:29","date_gmt":"2020-04-25T11:52:29","guid":{"rendered":"http:\/\/blogopara.com.br\/?p=9699"},"modified":"2020-04-25T08:52:34","modified_gmt":"2020-04-25T11:52:34","slug":"petra-costa-nao-se-esquecam-moro-e-o-criador-bolsonaro-a-criatura","status":"publish","type":"post","link":"https:\/\/blogopara.com.br\/index.php\/2020\/04\/25\/petra-costa-nao-se-esquecam-moro-e-o-criador-bolsonaro-a-criatura","title":{"rendered":"Petra Costa: \u2018N\u00e3o se esque\u00e7am. Moro \u00e9 o criador, Bolsonaro a criatura\u2019"},"content":{"rendered":"<p style=\"text-align: justify;\">Pelo Twitter, Petra Costa mandou recado aos que agora acolhem Moro pela briga com Bolsonaro:<\/p>\n<div class=\"pos-ads-texto ads-txt-1\" style=\"text-align: justify;\">\n<div class=\"bloco-ads-texto\"><span style=\"font-size: inherit;\">\u201cN\u00e3o se esque\u00e7am. Moro \u00e9 o criador, Bolsonaro a criatura\u201d.<\/span><\/div>\n<\/div>\n<p style=\"text-align: justify;\">Ela ainda disse:<\/p>\n<p style=\"text-align: justify;\">\u201cHoje come\u00e7a a se escrever uma narrativa que tentar\u00e1 apagar, mais uma vez, o passado de um dos principais protagonistas deste pesadelo, para apresent\u00e1-lo como alternativa em 2022\u201d.<\/p>\n<p style=\"text-align: justify;\"><img loading=\"lazy\" decoding=\"async\" class=\"alignnone size-medium wp-image-9700\" src=\"https:\/\/blogopara.com.br\/wp-content\/uploads\/2020\/04\/Sem-t\u00edtulo1-1-203x300.jpg\" alt=\"\" width=\"203\" height=\"300\" srcset=\"https:\/\/blogopara.com.br\/wp-content\/uploads\/2020\/04\/Sem-t\u00edtulo1-1-203x300.jpg 203w, https:\/\/blogopara.com.br\/wp-content\/uploads\/2020\/04\/Sem-t\u00edtulo1-1-300x443.jpg 300w, https:\/\/blogopara.com.br\/wp-content\/uploads\/2020\/04\/Sem-t\u00edtulo1-1.jpg 528w\" sizes=\"auto, (max-width: 203px) 100vw, 203px\" \/><\/p>\n<pre>Fonte: Folha Impacto<\/pre>\n","protected":false},"excerpt":{"rendered":"<p>Pelo Twitter, Petra Costa mandou recado aos que agora acolhem Moro pela briga com Bolsonaro<\/p>\n","protected":false},"author":1,"featured_media":9701,"comment_status":"open","ping_status":"open","sticky":false,"template":"","format":"standard","meta":{"_uag_custom_page_level_css":"","_monsterinsights_skip_tracking":false,"_monsterinsights_sitenote_active":false,"_monsterinsights_sitenote_note":"","_monsterinsights_sitenote_category":0,"jetpack_post_was_ever_published":false,"_jetpack_newsletter_access":"","_jetpack_dont_email_post_to_subs":false,"_jetpack_newsletter_tier_id":0,"_jetpack_memberships_contains_paywalled_content":false,"_jetpack_memberships_contains_paid_content":false,"footnotes":"","jetpack_publicize_message":"","jetpack_publicize_feature_enabled":true,"jetpack_social_post_already_shared":true,"jetpack_social_options":{"image_generator_settings":{"template":"highway","default_image_id":0,"font":"","enabled":false},"version":2}},"categories":[200],"tags":[],"class_list":["post-9699","post","type-post","status-publish","format-standard","has-post-thumbnail","hentry","category-brasil"],"jetpack_publicize_connections":[],"jetpack_featured_media_url":"https:\/\/blogopara.com.br\/wp-content\/uploads\/2020\/04\/bolsonaro-moro.jpg","uagb_featured_image_src":{"full":["https:\/\/blogopara.com.br\/wp-content\/uploads\/2020\/04\/bolsonaro-moro.jpg",500,334,false],"thumbnail":["https:\/\/blogopara.com.br\/wp-content\/uploads\/2020\/04\/bolsonaro-moro-150x150.jpg",150,150,true],"medium":["https:\/\/blogopara.com.br\/wp-content\/uploads\/2020\/04\/bolsonaro-moro-300x200.jpg",300,200,true],"medium_large":["https:\/\/blogopara.com.br\/wp-content\/uploads\/2020\/04\/bolsonaro-moro.jpg",500,334,false],"large":["https:\/\/blogopara.com.br\/wp-content\/uploads\/2020\/04\/bolsonaro-moro.jpg",500,334,false],"1536x1536":["https:\/\/blogopara.com.br\/wp-content\/uploads\/2020\/04\/bolsonaro-moro.jpg",500,334,false],"2048x2048":["https:\/\/blogopara.com.br\/wp-content\/uploads\/2020\/04\/bolsonaro-moro.jpg",500,334,false],"mantranews-slider-large":["https:\/\/blogopara.com.br\/wp-content\/uploads\/2020\/04\/bolsonaro-moro.jpg",500,334,false],"mantranews-featured-medium":["https:\/\/blogopara.com.br\/wp-content\/uploads\/2020\/04\/bolsonaro-moro-420x307.jpg",420,307,true],"mantranews-featured-long":["https:\/\/blogopara.com.br\/wp-content\/uploads\/2020\/04\/bolsonaro-moro-300x334.jpg",300,334,true],"mantranews-block-medium":["https:\/\/blogopara.com.br\/wp-content\/uploads\/2020\/04\/bolsonaro-moro-464x290.jpg",464,290,true],"mantranews-carousel-image":["https:\/\/blogopara.com.br\/wp-content\/uploads\/2020\/04\/bolsonaro-moro.jpg",500,334,false],"mantranews-block-thumb":["https:\/\/blogopara.com.br\/wp-content\/uploads\/2020\/04\/bolsonaro-moro-322x230.jpg",322,230,true],"mantranews-single-large":["https:\/\/blogopara.com.br\/wp-content\/uploads\/2020\/04\/bolsonaro-moro.jpg",500,334,false]},"uagb_author_info":{"display_name":"Reda\u00e7\u00e3o geral","author_link":"https:\/\/blogopara.com.br\/index.php\/author\/blogopara"},"uagb_comment_info":0,"uagb_excerpt":"Pelo Twitter, Petra Costa mandou recado aos que agora acolhem Moro pela briga com Bolsonaro","jetpack_sharing_enabled":true,"jetpack_likes_enabled":true,"_links":{"self":[{"href":"https:\/\/blogopara.com.br\/index.php\/wp-json\/wp\/v2\/posts\/9699","targetHints":{"allow":["GET"]}}],"collection":[{"href":"https:\/\/blogopara.com.br\/index.php\/wp-json\/wp\/v2\/posts"}],"about":[{"href":"https:\/\/blogopara.com.br\/index.php\/wp-json\/wp\/v2\/types\/post"}],"author":[{"embeddable":true,"href":"https:\/\/blogopara.com.br\/index.php\/wp-json\/wp\/v2\/users\/1"}],"replies":[{"embeddable":true,"href":"https:\/\/blogopara.com.br\/index.php\/wp-json\/wp\/v2\/comments?post=9699"}],"version-history":[{"count":1,"href":"https:\/\/blogopara.com.br\/index.php\/wp-json\/wp\/v2\/posts\/9699\/revisions"}],"predecessor-version":[{"id":9702,"href":"https:\/\/blogopara.com.br\/index.php\/wp-json\/wp\/v2\/posts\/9699\/revisions\/9702"}],"wp:featuredmedia":[{"embeddable":true,"href":"https:\/\/blogopara.com.br\/index.php\/wp-json\/wp\/v2\/media\/9701"}],"wp:attachment":[{"href":"https:\/\/blogopara.com.br\/index.php\/wp-json\/wp\/v2\/media?parent=9699"}],"wp:term":[{"taxonomy":"category","embeddable":true,"href":"https:\/\/blogopara.com.br\/index.php\/wp-json\/wp\/v2\/categories?post=9699"},{"taxonomy":"post_tag","embeddable":true,"href":"https:\/\/blogopara.com.br\/index.php\/wp-json\/wp\/v2\/tags?post=9699"}],"curies":[{"name":"wp","href":"https:\/\/api.w.org\/{rel}","templated":true}]}}