{"id":9869,"date":"2020-04-29T17:08:19","date_gmt":"2020-04-29T20:08:19","guid":{"rendered":"http:\/\/blogopara.com.br\/?p=9869"},"modified":"2020-04-29T17:08:24","modified_gmt":"2020-04-29T20:08:24","slug":"juazeiro-seduc-e-denunciada-por-fraude-milionaria","status":"publish","type":"post","link":"https:\/\/blogopara.com.br\/index.php\/2020\/04\/29\/juazeiro-seduc-e-denunciada-por-fraude-milionaria","title":{"rendered":"Juazeiro: SEDUC \u00e9 denunciada por fraude milion\u00e1ria"},"content":{"rendered":"<p style=\"text-align: justify;\">Assaltaram a gram\u00e1tica?<\/p>\n<p style=\"text-align: justify;\">O Minist\u00e9rio P\u00fablico federal acatou a den\u00fancia feita por Davi Lima que apresentou documenta\u00e7\u00e3o revelando fraude milion\u00e1ria na educa\u00e7\u00e3o de Juazeiro. Documentos e conversas transcritas de grupo de WhatsApp que coordenam uma organiza\u00e7\u00e3o criminosa que tinha finalidade de aumentar o n\u00famero de alunos matriculados no censo escolar visando o aumento do repasse do Fundeb e do FNDE.<\/p>\n<p style=\"text-align: justify;\">Finalmente n\u00f3s temos a explica\u00e7\u00e3o de muita gente da educa\u00e7\u00e3o ter melhorado de vida quase milagrosamente.<\/p>\n<p style=\"text-align: justify;\">Obrigado a cada um dos vereadores e por incapacidade de fiscalizar tornou-se c\u00famplice mesmo por omiss\u00e3o de quem roubou o futuro e os sonhos dos nossos filhos.<\/p>\n<pre>Professor Cl\u00e9ber de Jesus<\/pre>\n<p style=\"text-align: justify;\">https:\/\/youtu.be\/NRMK0pzuq9<\/p>\n","protected":false},"excerpt":{"rendered":"<p>Assaltaram a gram\u00e1tica? O Minist\u00e9rio P\u00fablico federal acatou a den\u00fancia feita por Davi Lima que apresentou documenta\u00e7\u00e3o revelando fraude milion\u00e1ria na educa\u00e7\u00e3o de Juazeiro. Documentos e conversas transcritas de grupo de WhatsApp que coordenam uma organiza\u00e7\u00e3o criminosa que tinha finalidade de aumentar o n\u00famero de alunos matriculados no censo escolar visando o aumento do repasse [&hellip;]<\/p>\n","protected":false},"author":1,"featured_media":9870,"comment_status":"open","ping_status":"open","sticky":false,"template":"","format":"standard","meta":{"_uag_custom_page_level_css":"","_monsterinsights_skip_tracking":false,"_monsterinsights_sitenote_active":false,"_monsterinsights_sitenote_note":"","_monsterinsights_sitenote_category":0,"jetpack_post_was_ever_published":false,"_jetpack_newsletter_access":"","_jetpack_dont_email_post_to_subs":false,"_jetpack_newsletter_tier_id":0,"_jetpack_memberships_contains_paywalled_content":false,"_jetpack_memberships_contains_paid_content":false,"footnotes":"","jetpack_publicize_message":"","jetpack_publicize_feature_enabled":true,"jetpack_social_post_already_shared":true,"jetpack_social_options":{"image_generator_settings":{"template":"highway","default_image_id":0,"font":"","enabled":false},"version":2}},"categories":[209,203,202],"tags":[],"class_list":["post-9869","post","type-post","status-publish","format-standard","has-post-thumbnail","hentry","category-educacao","category-juazeiro","category-policia"],"jetpack_publicize_connections":[],"jetpack_featured_media_url":"https:\/\/blogopara.com.br\/wp-content\/uploads\/2020\/04\/Logomarca-Juazeiro-Educa\u00c3\u00a7\u00c3\u00a3o-NOTA-10-1-372x307-1.jpg","uagb_featured_image_src":{"full":["https:\/\/blogopara.com.br\/wp-content\/uploads\/2020\/04\/Logomarca-Juazeiro-Educa\u00c3\u00a7\u00c3\u00a3o-NOTA-10-1-372x307-1.jpg",400,330,false],"thumbnail":["https:\/\/blogopara.com.br\/wp-content\/uploads\/2020\/04\/Logomarca-Juazeiro-Educa\u00c3\u00a7\u00c3\u00a3o-NOTA-10-1-372x307-1-150x150.jpg",150,150,true],"medium":["https:\/\/blogopara.com.br\/wp-content\/uploads\/2020\/04\/Logomarca-Juazeiro-Educa\u00c3\u00a7\u00c3\u00a3o-NOTA-10-1-372x307-1-300x248.jpg",300,248,true],"medium_large":["https:\/\/blogopara.com.br\/wp-content\/uploads\/2020\/04\/Logomarca-Juazeiro-Educa\u00c3\u00a7\u00c3\u00a3o-NOTA-10-1-372x307-1.jpg",400,330,false],"large":["https:\/\/blogopara.com.br\/wp-content\/uploads\/2020\/04\/Logomarca-Juazeiro-Educa\u00c3\u00a7\u00c3\u00a3o-NOTA-10-1-372x307-1.jpg",400,330,false],"1536x1536":["https:\/\/blogopara.com.br\/wp-content\/uploads\/2020\/04\/Logomarca-Juazeiro-Educa\u00c3\u00a7\u00c3\u00a3o-NOTA-10-1-372x307-1.jpg",400,330,false],"2048x2048":["https:\/\/blogopara.com.br\/wp-content\/uploads\/2020\/04\/Logomarca-Juazeiro-Educa\u00c3\u00a7\u00c3\u00a3o-NOTA-10-1-372x307-1.jpg",400,330,false],"mantranews-slider-large":["https:\/\/blogopara.com.br\/wp-content\/uploads\/2020\/04\/Logomarca-Juazeiro-Educa\u00c3\u00a7\u00c3\u00a3o-NOTA-10-1-372x307-1.jpg",400,330,false],"mantranews-featured-medium":["https:\/\/blogopara.com.br\/wp-content\/uploads\/2020\/04\/Logomarca-Juazeiro-Educa\u00c3\u00a7\u00c3\u00a3o-NOTA-10-1-372x307-1-400x307.jpg",400,307,true],"mantranews-featured-long":["https:\/\/blogopara.com.br\/wp-content\/uploads\/2020\/04\/Logomarca-Juazeiro-Educa\u00c3\u00a7\u00c3\u00a3o-NOTA-10-1-372x307-1-300x330.jpg",300,330,true],"mantranews-block-medium":["https:\/\/blogopara.com.br\/wp-content\/uploads\/2020\/04\/Logomarca-Juazeiro-Educa\u00c3\u00a7\u00c3\u00a3o-NOTA-10-1-372x307-1-400x290.jpg",400,290,true],"mantranews-carousel-image":["https:\/\/blogopara.com.br\/wp-content\/uploads\/2020\/04\/Logomarca-Juazeiro-Educa\u00c3\u00a7\u00c3\u00a3o-NOTA-10-1-372x307-1.jpg",400,330,false],"mantranews-block-thumb":["https:\/\/blogopara.com.br\/wp-content\/uploads\/2020\/04\/Logomarca-Juazeiro-Educa\u00c3\u00a7\u00c3\u00a3o-NOTA-10-1-372x307-1-322x230.jpg",322,230,true],"mantranews-single-large":["https:\/\/blogopara.com.br\/wp-content\/uploads\/2020\/04\/Logomarca-Juazeiro-Educa\u00c3\u00a7\u00c3\u00a3o-NOTA-10-1-372x307-1.jpg",400,330,false]},"uagb_author_info":{"display_name":"Reda\u00e7\u00e3o geral","author_link":"https:\/\/blogopara.com.br\/index.php\/author\/blogopara"},"uagb_comment_info":1,"uagb_excerpt":"Assaltaram a gram\u00e1tica? O Minist\u00e9rio P\u00fablico federal acatou a den\u00fancia feita por Davi Lima que apresentou documenta\u00e7\u00e3o revelando fraude milion\u00e1ria na educa\u00e7\u00e3o de Juazeiro. Documentos e conversas transcritas de grupo de WhatsApp que coordenam uma organiza\u00e7\u00e3o criminosa que tinha finalidade de aumentar o n\u00famero de alunos matriculados no censo escolar visando o aumento do repasse&hellip;","jetpack_sharing_enabled":true,"jetpack_likes_enabled":true,"_links":{"self":[{"href":"https:\/\/blogopara.com.br\/index.php\/wp-json\/wp\/v2\/posts\/9869","targetHints":{"allow":["GET"]}}],"collection":[{"href":"https:\/\/blogopara.com.br\/index.php\/wp-json\/wp\/v2\/posts"}],"about":[{"href":"https:\/\/blogopara.com.br\/index.php\/wp-json\/wp\/v2\/types\/post"}],"author":[{"embeddable":true,"href":"https:\/\/blogopara.com.br\/index.php\/wp-json\/wp\/v2\/users\/1"}],"replies":[{"embeddable":true,"href":"https:\/\/blogopara.com.br\/index.php\/wp-json\/wp\/v2\/comments?post=9869"}],"version-history":[{"count":1,"href":"https:\/\/blogopara.com.br\/index.php\/wp-json\/wp\/v2\/posts\/9869\/revisions"}],"predecessor-version":[{"id":9871,"href":"https:\/\/blogopara.com.br\/index.php\/wp-json\/wp\/v2\/posts\/9869\/revisions\/9871"}],"wp:featuredmedia":[{"embeddable":true,"href":"https:\/\/blogopara.com.br\/index.php\/wp-json\/wp\/v2\/media\/9870"}],"wp:attachment":[{"href":"https:\/\/blogopara.com.br\/index.php\/wp-json\/wp\/v2\/media?parent=9869"}],"wp:term":[{"taxonomy":"category","embeddable":true,"href":"https:\/\/blogopara.com.br\/index.php\/wp-json\/wp\/v2\/categories?post=9869"},{"taxonomy":"post_tag","embeddable":true,"href":"https:\/\/blogopara.com.br\/index.php\/wp-json\/wp\/v2\/tags?post=9869"}],"curies":[{"name":"wp","href":"https:\/\/api.w.org\/{rel}","templated":true}]}}